{"id":63395,"date":"2008-07-03T00:00:00","date_gmt":"2008-07-03T00:00:00","guid":{"rendered":"https:\/\/www.deberes.net\/tesis\/sin-categoria\/analisis-de-contenido-y-propuesta-de-metadatos-para-la-represen-tacion-documental-de-la-fotografa%c2%ada-cienta%c2%adfica-un-estudio-de-casos\/"},"modified":"2008-07-03T00:00:00","modified_gmt":"2008-07-03T00:00:00","slug":"analisis-de-contenido-y-propuesta-de-metadatos-para-la-represen-tacion-documental-de-la-fotografa%c2%ada-cienta%c2%adfica-un-estudio-de-casos","status":"publish","type":"post","link":"https:\/\/www.deberes.net\/tesis\/documentacion\/analisis-de-contenido-y-propuesta-de-metadatos-para-la-represen-tacion-documental-de-la-fotografa%c2%ada-cienta%c2%adfica-un-estudio-de-casos\/","title":{"rendered":"An\u00e1lisis de contenido y propuesta de metadatos para la represen taci\u00f3n documental de la fotograf\u00edacient\u00edfica: un estudio de casos"},"content":{"rendered":"<h2>Tesis doctoral de <strong> Anne-vinciane Doucet <\/strong><\/h2>\n<p>Isbn:? 9788433847652<\/p>\n<p>&nbsp;<\/p>\n<h3>Datos acad\u00e9micos de la tesis doctoral \u00ab<strong>An\u00e1lisis de contenido y propuesta de metadatos para la represen taci\u00f3n documental de la fotograf\u00edacient\u00edfica: un estudio de casos<\/strong>\u00ab<\/h3>\n<ul>\n<li><strong>T\u00edtulo de la tesis:<\/strong>\u00a0 An\u00e1lisis de contenido y propuesta de metadatos para la represen taci\u00f3n documental de la fotograf\u00edacient\u00edfica: un estudio de casos <\/li>\n<li><strong>Autor:<\/strong>\u00a0 Anne-vinciane Doucet <\/li>\n<li><strong>Universidad:<\/strong>\u00a0 Granada<\/li>\n<li><strong>Fecha de lectura de la tesis:<\/strong>\u00a0 07\/03\/2008<\/li>\n<\/ul>\n<p>&nbsp;<\/p>\n<h3>Direcci\u00f3n y tribunal<\/h3>\n<ul>\n<li><strong>Director de la tesis<\/strong>\n<ul>\n<li>Mar\u00eda Pinto Molina<\/li>\n<\/ul>\n<\/li>\n<li><strong>Tribunal<\/strong>\n<ul>\n<li>Presidente del tribunal: Jos\u00e9 Antonio Cord\u00f3n Garc\u00eda <\/li>\n<li>Francisco Javier Garcia marco (vocal)<\/li>\n<li>viviane Couzinet (vocal)<\/li>\n<li>carmen G\u00f3mez camarero (vocal)<\/li>\n<\/ul>\n<\/li>\n<\/ul>\n<p>&nbsp;<\/p>\n","protected":false},"excerpt":{"rendered":"<p>Tesis doctoral de Anne-vinciane Doucet Isbn:? 9788433847652 &nbsp; Datos acad\u00e9micos de la tesis doctoral \u00abAn\u00e1lisis de contenido y propuesta de [&hellip;]<\/p>\n","protected":false},"author":1,"featured_media":0,"comment_status":"open","ping_status":"open","sticky":false,"template":"","format":"standard","meta":{"site-sidebar-layout":"default","site-content-layout":"","ast-site-content-layout":"","site-content-style":"default","site-sidebar-style":"default","ast-global-header-display":"","ast-banner-title-visibility":"","ast-main-header-display":"","ast-hfb-above-header-display":"","ast-hfb-below-header-display":"","ast-hfb-mobile-header-display":"","site-post-title":"","ast-breadcrumbs-content":"","ast-featured-img":"","footer-sml-layout":"","theme-transparent-header-meta":"","adv-header-id-meta":"","stick-header-meta":"","header-above-stick-meta":"","header-main-stick-meta":"","header-below-stick-meta":"","astra-migrate-meta-layouts":"default","ast-page-background-enabled":"default","ast-page-background-meta":{"desktop":{"background-color":"var(--ast-global-color-4)","background-image":"","background-repeat":"repeat","background-position":"center center","background-size":"auto","background-attachment":"scroll","background-type":"","background-media":"","overlay-type":"","overlay-color":"","overlay-gradient":""},"tablet":{"background-color":"","background-image":"","background-repeat":"repeat","background-position":"center center","background-size":"auto","background-attachment":"scroll","background-type":"","background-media":"","overlay-type":"","overlay-color":"","overlay-gradient":""},"mobile":{"background-color":"","background-image":"","background-repeat":"repeat","background-position":"center center","background-size":"auto","background-attachment":"scroll","background-type":"","background-media":"","overlay-type":"","overlay-color":"","overlay-gradient":""}},"ast-content-background-meta":{"desktop":{"background-color":"var(--ast-global-color-5)","background-image":"","background-repeat":"repeat","background-position":"center center","background-size":"auto","background-attachment":"scroll","background-type":"","background-media":"","overlay-type":"","overlay-color":"","overlay-gradient":""},"tablet":{"background-color":"var(--ast-global-color-5)","background-image":"","background-repeat":"repeat","background-position":"center center","background-size":"auto","background-attachment":"scroll","background-type":"","background-media":"","overlay-type":"","overlay-color":"","overlay-gradient":""},"mobile":{"background-color":"var(--ast-global-color-5)","background-image":"","background-repeat":"repeat","background-position":"center center","background-size":"auto","background-attachment":"scroll","background-type":"","background-media":"","overlay-type":"","overlay-color":"","overlay-gradient":""}},"footnotes":""},"categories":[5526],"tags":[139985,38592,139986,37748,43707,139987],"class_list":["post-63395","post","type-post","status-publish","format-standard","hentry","category-documentacion","tag-anne-vinciane-doucet","tag-carmen-gomez-camarero","tag-francisco-javier-garcia-marco","tag-jose-antonio-cordon-garcia","tag-maria-pinto-molina","tag-viviane-couzinet"],"_links":{"self":[{"href":"https:\/\/www.deberes.net\/tesis\/wp-json\/wp\/v2\/posts\/63395","targetHints":{"allow":["GET"]}}],"collection":[{"href":"https:\/\/www.deberes.net\/tesis\/wp-json\/wp\/v2\/posts"}],"about":[{"href":"https:\/\/www.deberes.net\/tesis\/wp-json\/wp\/v2\/types\/post"}],"author":[{"embeddable":true,"href":"https:\/\/www.deberes.net\/tesis\/wp-json\/wp\/v2\/users\/1"}],"replies":[{"embeddable":true,"href":"https:\/\/www.deberes.net\/tesis\/wp-json\/wp\/v2\/comments?post=63395"}],"version-history":[{"count":0,"href":"https:\/\/www.deberes.net\/tesis\/wp-json\/wp\/v2\/posts\/63395\/revisions"}],"wp:attachment":[{"href":"https:\/\/www.deberes.net\/tesis\/wp-json\/wp\/v2\/media?parent=63395"}],"wp:term":[{"taxonomy":"category","embeddable":true,"href":"https:\/\/www.deberes.net\/tesis\/wp-json\/wp\/v2\/categories?post=63395"},{"taxonomy":"post_tag","embeddable":true,"href":"https:\/\/www.deberes.net\/tesis\/wp-json\/wp\/v2\/tags?post=63395"}],"curies":[{"name":"wp","href":"https:\/\/api.w.org\/{rel}","templated":true}]}}