{"id":63407,"date":"2008-08-03T00:00:00","date_gmt":"2008-08-03T00:00:00","guid":{"rendered":"https:\/\/www.deberes.net\/tesis\/sin-categoria\/laureano-lopez-rodo-trayectoria-pola%c2%adtico-ideologica-1920-2000\/"},"modified":"2008-08-03T00:00:00","modified_gmt":"2008-08-03T00:00:00","slug":"laureano-lopez-rodo-trayectoria-pola%c2%adtico-ideologica-1920-2000","status":"publish","type":"post","link":"https:\/\/www.deberes.net\/tesis\/biografias\/laureano-lopez-rodo-trayectoria-pola%c2%adtico-ideologica-1920-2000\/","title":{"rendered":"Laureano l\u00f3pez rod\u00f3. trayectoria pol\u00edtico-ideol\u00f3gica (1920-2000)"},"content":{"rendered":"<h2>Tesis doctoral de <strong> Antonio Canellas Mas <\/strong><\/h2>\n<p>Esta investigaci\u00f3n hist\u00f3rica sobre la trayectoria pol\u00edtico-ideol\u00f3gica de laureano l\u00f3pez rod\u00f3 se ha fundamentado en el an\u00e1lisis de las fuentes primarias como premisa indispensable para la construcci\u00f3n del estudio. El recurso al archivo personal de l\u00f3pez rod\u00f3, compuesto por 602 cajas, ha permitido examinar el transcurso completo de un pensamiento caracterizado por su arraigado conservadurismo. Si bien es cierto que el marco cronol\u00f3gico abarca el per\u00edodo correspondiente a la vida del personaje (1920-2000), se ha preferido exponer los precedentes ideol\u00f3gicos como primera pauta explicativa de las corrientes conservadoras que influir\u00e1n en el bagaje intelectual del pol\u00edtico catal\u00e1n. S\u00f3lo de esta forma pueden entenderse la actitud de l\u00f3pez rod\u00f3 ante la crisis de la monarqu\u00eda alfonsina, el laicismo republicano o los acontecimientos revolucionarios de barcelona durante la guerra civil. El condicionante de su posici\u00f3n burguesa, heredera del legado ideol\u00f3gico conservador, favorecer\u00e1 su adhesi\u00f3n a la insurrecci\u00f3n de 1936 como reafirmaci\u00f3n de los valores cat\u00f3licos tradicionales. Estos principios marcaron una constante que informar\u00eda toda su trayectoria vital, a pesar de una l\u00f3gica adaptaci\u00f3n a las nuevas circunstancias hist\u00f3ricas. No obstante, ese sustrato conservador impregnar\u00eda toda su acci\u00f3n pol\u00edtica, de acuerdo con los par\u00e1metros de una concepci\u00f3n tradicionalista del universo. Su preocupaci\u00f3n por la institucionalizaci\u00f3n pol\u00edtica y el desarrollo econ\u00f3mico, constituir\u00edan dos aspectos de una unidad destinada a reforzar la autoridad y permanencia del estado por medio de la monarqu\u00eda tradicional, sobre la base de una legitimidad \u00e9tica y funcional apoyada en el crecimiento econ\u00f3mico y la eficacia administrativa.<\/p>\n<p>&nbsp;<\/p>\n<h3>Datos acad\u00e9micos de la tesis doctoral \u00ab<strong>Laureano l\u00f3pez rod\u00f3. trayectoria pol\u00edtico-ideol\u00f3gica (1920-2000)<\/strong>\u00ab<\/h3>\n<ul>\n<li><strong>T\u00edtulo de la tesis:<\/strong>\u00a0 Laureano l\u00f3pez rod\u00f3. trayectoria pol\u00edtico-ideol\u00f3gica (1920-2000) <\/li>\n<li><strong>Autor:<\/strong>\u00a0 Antonio Canellas Mas <\/li>\n<li><strong>Universidad:<\/strong>\u00a0 Navarra<\/li>\n<li><strong>Fecha de lectura de la tesis:<\/strong>\u00a0 08\/03\/2008<\/li>\n<\/ul>\n<p>&nbsp;<\/p>\n<h3>Direcci\u00f3n y tribunal<\/h3>\n<ul>\n<li><strong>Director de la tesis<\/strong>\n<ul>\n<li>\u00e1lvaro Ferrary Ojeda<\/li>\n<\/ul>\n<\/li>\n<li><strong>Tribunal<\/strong>\n<ul>\n<li>Presidente del tribunal: julio Gil pecharroman <\/li>\n<li>Francisco Javier Paredes alonso (vocal)<\/li>\n<li>Fernando Meer lecha-marzo (vocal)<\/li>\n<li>alfonso Bull\u00f3n de mendoza g\u00f3mez de valugera (vocal)<\/li>\n<\/ul>\n<\/li>\n<\/ul>\n<p>&nbsp;<\/p>\n","protected":false},"excerpt":{"rendered":"<p>Tesis doctoral de Antonio Canellas Mas Esta investigaci\u00f3n hist\u00f3rica sobre la trayectoria pol\u00edtico-ideol\u00f3gica de laureano l\u00f3pez rod\u00f3 se ha fundamentado [&hellip;]<\/p>\n","protected":false},"author":1,"featured_media":0,"comment_status":"open","ping_status":"open","sticky":false,"template":"","format":"standard","meta":{"site-sidebar-layout":"default","site-content-layout":"","ast-site-content-layout":"","site-content-style":"default","site-sidebar-style":"default","ast-global-header-display":"","ast-banner-title-visibility":"","ast-main-header-display":"","ast-hfb-above-header-display":"","ast-hfb-below-header-display":"","ast-hfb-mobile-header-display":"","site-post-title":"","ast-breadcrumbs-content":"","ast-featured-img":"","footer-sml-layout":"","theme-transparent-header-meta":"","adv-header-id-meta":"","stick-header-meta":"","header-above-stick-meta":"","header-main-stick-meta":"","header-below-stick-meta":"","astra-migrate-meta-layouts":"default","ast-page-background-enabled":"default","ast-page-background-meta":{"desktop":{"background-color":"var(--ast-global-color-4)","background-image":"","background-repeat":"repeat","background-position":"center center","background-size":"auto","background-attachment":"scroll","background-type":"","background-media":"","overlay-type":"","overlay-color":"","overlay-gradient":""},"tablet":{"background-color":"","background-image":"","background-repeat":"repeat","background-position":"center center","background-size":"auto","background-attachment":"scroll","background-type":"","background-media":"","overlay-type":"","overlay-color":"","overlay-gradient":""},"mobile":{"background-color":"","background-image":"","background-repeat":"repeat","background-position":"center center","background-size":"auto","background-attachment":"scroll","background-type":"","background-media":"","overlay-type":"","overlay-color":"","overlay-gradient":""}},"ast-content-background-meta":{"desktop":{"background-color":"var(--ast-global-color-5)","background-image":"","background-repeat":"repeat","background-position":"center center","background-size":"auto","background-attachment":"scroll","background-type":"","background-media":"","overlay-type":"","overlay-color":"","overlay-gradient":""},"tablet":{"background-color":"var(--ast-global-color-5)","background-image":"","background-repeat":"repeat","background-position":"center center","background-size":"auto","background-attachment":"scroll","background-type":"","background-media":"","overlay-type":"","overlay-color":"","overlay-gradient":""},"mobile":{"background-color":"var(--ast-global-color-5)","background-image":"","background-repeat":"repeat","background-position":"center center","background-size":"auto","background-attachment":"scroll","background-type":"","background-media":"","overlay-type":"","overlay-color":"","overlay-gradient":""}},"footnotes":""},"categories":[954,17859,17749],"tags":[41773,49793,140007,55438,22020,4846],"class_list":["post-63407","post","type-post","status-publish","format-standard","hentry","category-biografias","category-historia-comparada","category-navarra","tag-alfonso-bullon-de-mendoza-gomez-de-valugera","tag-alvaro-ferrary-ojeda","tag-antonio-canellas-mas","tag-fernando-meer-lecha-marzo","tag-francisco-javier-paredes-alonso","tag-julio-gil-pecharroman"],"_links":{"self":[{"href":"https:\/\/www.deberes.net\/tesis\/wp-json\/wp\/v2\/posts\/63407","targetHints":{"allow":["GET"]}}],"collection":[{"href":"https:\/\/www.deberes.net\/tesis\/wp-json\/wp\/v2\/posts"}],"about":[{"href":"https:\/\/www.deberes.net\/tesis\/wp-json\/wp\/v2\/types\/post"}],"author":[{"embeddable":true,"href":"https:\/\/www.deberes.net\/tesis\/wp-json\/wp\/v2\/users\/1"}],"replies":[{"embeddable":true,"href":"https:\/\/www.deberes.net\/tesis\/wp-json\/wp\/v2\/comments?post=63407"}],"version-history":[{"count":0,"href":"https:\/\/www.deberes.net\/tesis\/wp-json\/wp\/v2\/posts\/63407\/revisions"}],"wp:attachment":[{"href":"https:\/\/www.deberes.net\/tesis\/wp-json\/wp\/v2\/media?parent=63407"}],"wp:term":[{"taxonomy":"category","embeddable":true,"href":"https:\/\/www.deberes.net\/tesis\/wp-json\/wp\/v2\/categories?post=63407"},{"taxonomy":"post_tag","embeddable":true,"href":"https:\/\/www.deberes.net\/tesis\/wp-json\/wp\/v2\/tags?post=63407"}],"curies":[{"name":"wp","href":"https:\/\/api.w.org\/{rel}","templated":true}]}}