{"id":63427,"date":"2008-10-03T00:00:00","date_gmt":"2008-10-03T00:00:00","guid":{"rendered":"https:\/\/www.deberes.net\/tesis\/sin-categoria\/el-derecho-de-deistimiento-en-la-contratacion-electronica-con-consumidores\/"},"modified":"2008-10-03T00:00:00","modified_gmt":"2008-10-03T00:00:00","slug":"el-derecho-de-deistimiento-en-la-contratacion-electronica-con-consumidores","status":"publish","type":"post","link":"https:\/\/www.deberes.net\/tesis\/ciencias-juridicas-y-derecho\/el-derecho-de-deistimiento-en-la-contratacion-electronica-con-consumidores\/","title":{"rendered":"El derecho de deistimiento en la contrataci\u00f3n electr\u00f3nica con consumidores"},"content":{"rendered":"<h2>Tesis doctoral de <strong> Patricia Nieto Melgarejo <\/strong><\/h2>\n<p>El cap\u00edtulo i parte de las nociones generales de: sociedad de la informaci\u00f3n, comercio electr\u00f3nico y mercado. Adem\u00e1s analizamos determinados supuestos de contratos electr\u00f3nicos que, adem\u00e1s de ser los m\u00e1s comunes en la pr\u00e1ctica contractual, son los que suscitan ciertas controversias a la hora de delimitar el contrato a distancia. El cap\u00edtulo ii trata de la contrataci\u00f3n electr\u00f3nica como contrato a distancia, partimos de la noci\u00f3n de los contratos a distancia, el r\u00e9gimen jur\u00eddico que lo regula, los requisitos establecidos para su configuraci\u00f3n, los problemas que plantea esta clase de contrataci\u00f3n en relaci\u00f3n con la protecci\u00f3n de los consumidores y en la aplicaci\u00f3n de las reglas generales establecidas para el contrato tradicional, asi como la delimitaci\u00f3n del contrato a distancia dentro de la clasificaci\u00f3n general de los contratos en funci\u00f3n del momento de su perfecci\u00f3n. En el cap\u00edtulo iii abordamos el tema de la sociedad del consumo, adem\u00e1s analizamos la figura del consumidor como sujeto pasivo de la relaci\u00f3n contractual, y como parte d\u00e9bil de \u00e9sta, justificando as\u00ed su protecci\u00f3n a nivel general y en particular en los supuestos de la contrataci\u00f3n electr\u00f3nica. En este afan de conocer en que situaci\u00f3n se encuentra la protecci\u00f3n de los consumidores y los beneficios que estos obtienen a nivel normativo se procede al estudio de las normas de protecci\u00f3n a los consumidores, acogiendo no solo las normas fundamentales o espec\u00edficas sobre dicha materia como es el nuev\u00edsimo trlgdcu, la locm y la lssic sino todas aquellas que se relacionan sobre el particular. En el \u00faltimo cap\u00edtulo se habla del derecho de desistimiento en los contratos electr\u00f3nicos como uno de los principales mecanismos de protecci\u00f3n para los consumidores, nos ocupamos de la definici\u00f3n, caracter\u00edsticas, clases, r\u00e9gimen legal, ejercicio y consecuencias de mismo, siendo uno de los aspectos importantes el determinar la justificaci\u00f3n de este derecho en esta clase de contratos y la naturaleza jur\u00eddica del derecho de desistimiento.<\/p>\n<p>&nbsp;<\/p>\n<h3>Datos acad\u00e9micos de la tesis doctoral \u00ab<strong>El derecho de deistimiento en la contrataci\u00f3n electr\u00f3nica con consumidores<\/strong>\u00ab<\/h3>\n<ul>\n<li><strong>T\u00edtulo de la tesis:<\/strong>\u00a0 El derecho de deistimiento en la contrataci\u00f3n electr\u00f3nica con consumidores <\/li>\n<li><strong>Autor:<\/strong>\u00a0 Patricia Nieto Melgarejo <\/li>\n<li><strong>Universidad:<\/strong>\u00a0 Navarra<\/li>\n<li><strong>Fecha de lectura de la tesis:<\/strong>\u00a0 10\/03\/2008<\/li>\n<\/ul>\n<p>&nbsp;<\/p>\n<h3>Direcci\u00f3n y tribunal<\/h3>\n<ul>\n<li><strong>Director de la tesis<\/strong>\n<ul>\n<li>Eduardo Mar\u00eda Valpuesta Gastaminza<\/li>\n<\/ul>\n<\/li>\n<li><strong>Tribunal<\/strong>\n<ul>\n<li>Presidente del tribunal: Jos\u00e9 Mar\u00eda (secretario) De la cuesta rute <\/li>\n<li>Jos\u00e9 Antonio Doral garcia de pazos (vocal)<\/li>\n<li>Juan  Manuel de los R\u00edos s\u00e1nchez (vocal)<\/li>\n<li>faustino Cord\u00f3n moreno (vocal)<\/li>\n<\/ul>\n<\/li>\n<\/ul>\n<p>&nbsp;<\/p>\n","protected":false},"excerpt":{"rendered":"<p>Tesis doctoral de Patricia Nieto Melgarejo El cap\u00edtulo i parte de las nociones generales de: sociedad de la informaci\u00f3n, comercio [&hellip;]<\/p>\n","protected":false},"author":1,"featured_media":0,"comment_status":"open","ping_status":"open","sticky":false,"template":"","format":"standard","meta":{"site-sidebar-layout":"default","site-content-layout":"","ast-site-content-layout":"","site-content-style":"default","site-sidebar-style":"default","ast-global-header-display":"","ast-banner-title-visibility":"","ast-main-header-display":"","ast-hfb-above-header-display":"","ast-hfb-below-header-display":"","ast-hfb-mobile-header-display":"","site-post-title":"","ast-breadcrumbs-content":"","ast-featured-img":"","footer-sml-layout":"","theme-transparent-header-meta":"","adv-header-id-meta":"","stick-header-meta":"","header-above-stick-meta":"","header-main-stick-meta":"","header-below-stick-meta":"","astra-migrate-meta-layouts":"default","ast-page-background-enabled":"default","ast-page-background-meta":{"desktop":{"background-color":"var(--ast-global-color-4)","background-image":"","background-repeat":"repeat","background-position":"center center","background-size":"auto","background-attachment":"scroll","background-type":"","background-media":"","overlay-type":"","overlay-color":"","overlay-gradient":""},"tablet":{"background-color":"","background-image":"","background-repeat":"repeat","background-position":"center center","background-size":"auto","background-attachment":"scroll","background-type":"","background-media":"","overlay-type":"","overlay-color":"","overlay-gradient":""},"mobile":{"background-color":"","background-image":"","background-repeat":"repeat","background-position":"center center","background-size":"auto","background-attachment":"scroll","background-type":"","background-media":"","overlay-type":"","overlay-color":"","overlay-gradient":""}},"ast-content-background-meta":{"desktop":{"background-color":"var(--ast-global-color-5)","background-image":"","background-repeat":"repeat","background-position":"center center","background-size":"auto","background-attachment":"scroll","background-type":"","background-media":"","overlay-type":"","overlay-color":"","overlay-gradient":""},"tablet":{"background-color":"var(--ast-global-color-5)","background-image":"","background-repeat":"repeat","background-position":"center center","background-size":"auto","background-attachment":"scroll","background-type":"","background-media":"","overlay-type":"","overlay-color":"","overlay-gradient":""},"mobile":{"background-color":"var(--ast-global-color-5)","background-image":"","background-repeat":"repeat","background-position":"center center","background-size":"auto","background-attachment":"scroll","background-type":"","background-media":"","overlay-type":"","overlay-color":"","overlay-gradient":""}},"footnotes":""},"categories":[612,17749],"tags":[18013,17754,17913,140048,140049,140047],"class_list":["post-63427","post","type-post","status-publish","format-standard","hentry","category-ciencias-juridicas-y-derecho","category-navarra","tag-eduardo-maria-valpuesta-gastaminza","tag-faustino-cordon-moreno","tag-jose-antonio-doral-garcia-de-pazos","tag-jose-maria-secretario-de-la-cuesta-rute","tag-juan-manuel-de-los-rios-sanchez","tag-patricia-nieto-melgarejo"],"_links":{"self":[{"href":"https:\/\/www.deberes.net\/tesis\/wp-json\/wp\/v2\/posts\/63427","targetHints":{"allow":["GET"]}}],"collection":[{"href":"https:\/\/www.deberes.net\/tesis\/wp-json\/wp\/v2\/posts"}],"about":[{"href":"https:\/\/www.deberes.net\/tesis\/wp-json\/wp\/v2\/types\/post"}],"author":[{"embeddable":true,"href":"https:\/\/www.deberes.net\/tesis\/wp-json\/wp\/v2\/users\/1"}],"replies":[{"embeddable":true,"href":"https:\/\/www.deberes.net\/tesis\/wp-json\/wp\/v2\/comments?post=63427"}],"version-history":[{"count":0,"href":"https:\/\/www.deberes.net\/tesis\/wp-json\/wp\/v2\/posts\/63427\/revisions"}],"wp:attachment":[{"href":"https:\/\/www.deberes.net\/tesis\/wp-json\/wp\/v2\/media?parent=63427"}],"wp:term":[{"taxonomy":"category","embeddable":true,"href":"https:\/\/www.deberes.net\/tesis\/wp-json\/wp\/v2\/categories?post=63427"},{"taxonomy":"post_tag","embeddable":true,"href":"https:\/\/www.deberes.net\/tesis\/wp-json\/wp\/v2\/tags?post=63427"}],"curies":[{"name":"wp","href":"https:\/\/api.w.org\/{rel}","templated":true}]}}