{"id":63449,"date":"2008-11-03T00:00:00","date_gmt":"2008-11-03T00:00:00","guid":{"rendered":"https:\/\/www.deberes.net\/tesis\/sin-categoria\/renta-basica-y-el-trabajo\/"},"modified":"2008-11-03T00:00:00","modified_gmt":"2008-11-03T00:00:00","slug":"renta-basica-y-el-trabajo","status":"publish","type":"post","link":"https:\/\/www.deberes.net\/tesis\/filosofia-politica\/renta-basica-y-el-trabajo\/","title":{"rendered":"Renta basica y el trabajo"},"content":{"rendered":"<h2>Tesis doctoral de <strong> Francisco Javier Mendez-vigo Hernandez <\/strong><\/h2>\n<p>En dicha tesis se investigaba sobre un nuevo derecho: el de la renta b\u00e1sica partiendo de la \u00abcrisis estructural\u00bb que existe en las sociedades industriales, donde se est\u00e1n perdiendo una serie de derechos econ\u00f3micos y sociales. se trataba de fundamentar el \u00abnuevo derecho\u00bb desde una perspectiva \u00e9tico-filos\u00f3fica. Para lo cual se ha profundizado en dos perspectivas filos\u00f3ficas: 1) el liberalismo-pol\u00edtico de rawls y en su \u00abprincipio de la diferencia\u00bb por el que \u00abalgo es justo si beneficia a los m\u00e1s desfavorecidos\u00bb; 2) desde el republicanismo de pettit, para la libertad est\u00e1 basada en la no- donimaci\u00f3n, mediante esta perspectiva se defiende que alguien es libre s\u00f3lo \u00absi no depende de nadie\u00bb para existir, como conclusi\u00f3n hay que decir que este nuevo derecho es de justicia, pero que s\u00f3lo se puede conseguir desde abajo, desde la sociedad y desconfiando de las instituciones ya que estas ponen condiciones con lo que coaccionan al individuo.<\/p>\n<p>&nbsp;<\/p>\n<h3>Datos acad\u00e9micos de la tesis doctoral \u00ab<strong>Renta basica y el trabajo<\/strong>\u00ab<\/h3>\n<ul>\n<li><strong>T\u00edtulo de la tesis:<\/strong>\u00a0 Renta basica y el trabajo <\/li>\n<li><strong>Autor:<\/strong>\u00a0 Francisco Javier Mendez-vigo Hernandez <\/li>\n<li><strong>Universidad:<\/strong>\u00a0 Universitat de val\u00e9ncia (estudi general)<\/li>\n<li><strong>Fecha de lectura de la tesis:<\/strong>\u00a0 11\/03\/2008<\/li>\n<\/ul>\n<p>&nbsp;<\/p>\n<h3>Direcci\u00f3n y tribunal<\/h3>\n<ul>\n<li><strong>Director de la tesis<\/strong>\n<ul>\n<li>Adela Cortina Orts<\/li>\n<\/ul>\n<\/li>\n<li><strong>Tribunal<\/strong>\n<ul>\n<li>Presidente del tribunal: Jes\u00fas marcial Conill sancho <\/li>\n<li>vicente Mart\u00ednez guzm\u00e1n (vocal)<\/li>\n<li>Jos\u00e9 Mar\u00eda Garc\u00eda g\u00f3mez-heras (vocal)<\/li>\n<li>Emilio gines Martinez navarro (vocal)<\/li>\n<\/ul>\n<\/li>\n<\/ul>\n<p>&nbsp;<\/p>\n","protected":false},"excerpt":{"rendered":"<p>Tesis doctoral de Francisco Javier Mendez-vigo Hernandez En dicha tesis se investigaba sobre un nuevo derecho: el de la renta [&hellip;]<\/p>\n","protected":false},"author":1,"featured_media":0,"comment_status":"open","ping_status":"open","sticky":false,"template":"","format":"standard","meta":{"site-sidebar-layout":"default","site-content-layout":"","ast-site-content-layout":"","site-content-style":"default","site-sidebar-style":"default","ast-global-header-display":"","ast-banner-title-visibility":"","ast-main-header-display":"","ast-hfb-above-header-display":"","ast-hfb-below-header-display":"","ast-hfb-mobile-header-display":"","site-post-title":"","ast-breadcrumbs-content":"","ast-featured-img":"","footer-sml-layout":"","theme-transparent-header-meta":"","adv-header-id-meta":"","stick-header-meta":"","header-above-stick-meta":"","header-main-stick-meta":"","header-below-stick-meta":"","astra-migrate-meta-layouts":"default","ast-page-background-enabled":"default","ast-page-background-meta":{"desktop":{"background-color":"var(--ast-global-color-4)","background-image":"","background-repeat":"repeat","background-position":"center center","background-size":"auto","background-attachment":"scroll","background-type":"","background-media":"","overlay-type":"","overlay-color":"","overlay-gradient":""},"tablet":{"background-color":"","background-image":"","background-repeat":"repeat","background-position":"center center","background-size":"auto","background-attachment":"scroll","background-type":"","background-media":"","overlay-type":"","overlay-color":"","overlay-gradient":""},"mobile":{"background-color":"","background-image":"","background-repeat":"repeat","background-position":"center center","background-size":"auto","background-attachment":"scroll","background-type":"","background-media":"","overlay-type":"","overlay-color":"","overlay-gradient":""}},"ast-content-background-meta":{"desktop":{"background-color":"var(--ast-global-color-5)","background-image":"","background-repeat":"repeat","background-position":"center center","background-size":"auto","background-attachment":"scroll","background-type":"","background-media":"","overlay-type":"","overlay-color":"","overlay-gradient":""},"tablet":{"background-color":"var(--ast-global-color-5)","background-image":"","background-repeat":"repeat","background-position":"center center","background-size":"auto","background-attachment":"scroll","background-type":"","background-media":"","overlay-type":"","overlay-color":"","overlay-gradient":""},"mobile":{"background-color":"var(--ast-global-color-5)","background-image":"","background-repeat":"repeat","background-position":"center center","background-size":"auto","background-attachment":"scroll","background-type":"","background-media":"","overlay-type":"","overlay-color":"","overlay-gradient":""}},"footnotes":""},"categories":[17874,8649,8535,6008],"tags":[12012,55586,140092,12440,18379,11817],"class_list":["post-63449","post","type-post","status-publish","format-standard","hentry","category-etica-economica","category-etica-filosofica","category-filosofia-actual","category-filosofia-politica","tag-adela-cortina-orts","tag-emilio-gines-Martinez-navarro","tag-francisco-javier-mendez-vigo-hernandez","tag-jesus-marcial-conill-sancho","tag-jose-maria-garcia-gomez-heras","tag-vicente-Martinez-guzman"],"_links":{"self":[{"href":"https:\/\/www.deberes.net\/tesis\/wp-json\/wp\/v2\/posts\/63449","targetHints":{"allow":["GET"]}}],"collection":[{"href":"https:\/\/www.deberes.net\/tesis\/wp-json\/wp\/v2\/posts"}],"about":[{"href":"https:\/\/www.deberes.net\/tesis\/wp-json\/wp\/v2\/types\/post"}],"author":[{"embeddable":true,"href":"https:\/\/www.deberes.net\/tesis\/wp-json\/wp\/v2\/users\/1"}],"replies":[{"embeddable":true,"href":"https:\/\/www.deberes.net\/tesis\/wp-json\/wp\/v2\/comments?post=63449"}],"version-history":[{"count":0,"href":"https:\/\/www.deberes.net\/tesis\/wp-json\/wp\/v2\/posts\/63449\/revisions"}],"wp:attachment":[{"href":"https:\/\/www.deberes.net\/tesis\/wp-json\/wp\/v2\/media?parent=63449"}],"wp:term":[{"taxonomy":"category","embeddable":true,"href":"https:\/\/www.deberes.net\/tesis\/wp-json\/wp\/v2\/categories?post=63449"},{"taxonomy":"post_tag","embeddable":true,"href":"https:\/\/www.deberes.net\/tesis\/wp-json\/wp\/v2\/tags?post=63449"}],"curies":[{"name":"wp","href":"https:\/\/api.w.org\/{rel}","templated":true}]}}