{"id":63514,"date":"2018-03-09T22:51:29","date_gmt":"2018-03-09T22:51:29","guid":{"rendered":"https:\/\/www.deberes.net\/tesis\/sin-categoria\/macintyre-y-la-educacion-en-las-virtudes-una-orientacion-para-la-transformacion-cultural-en-la-universidad-liberal\/"},"modified":"2018-03-09T22:51:29","modified_gmt":"2018-03-09T22:51:29","slug":"macintyre-y-la-educacion-en-las-virtudes-una-orientacion-para-la-transformacion-cultural-en-la-universidad-liberal","status":"publish","type":"post","link":"https:\/\/www.deberes.net\/tesis\/organizacion-y-direccion-de-las-instituciones-educativas\/macintyre-y-la-educacion-en-las-virtudes-una-orientacion-para-la-transformacion-cultural-en-la-universidad-liberal\/","title":{"rendered":"Macintyre y la educaci\u00f3n en las virtudes. una orientaci\u00f3n para la transformaci\u00f3n cultural en la universidad liberal"},"content":{"rendered":"<h2>Tesis doctoral de <strong> Juan Gonz\u00e1lez P\u00e9rez <\/strong><\/h2>\n<p>La tesis tiene como prop\u00f3sito presentar la propuesta filos\u00f3fica de alasdair macintyre -en relaci\u00f3n con la educci\u00f3n en las virtudes- como una gu\u00eda para el programa de formaci\u00f3n \u00e9tica y ciudadana que el sistema universitario mexicano del tecnol\u00f3gico de monterrey ha iniciado a partir del a\u00f1o 2005. Para tal efecto, el trabajo se divide en tres cap\u00edtulos: el cap\u00edtulo i &#8211; titulado \u00abel autor y su proyecto\u00bb- presenta una biograf\u00eda intelectual del autor se\u00f1alando la evoluci\u00f3n del pensamiento de macintyre, desde su etapa marxista hasta la consolidaci\u00f3n de su tesis sobre la virtud, en el marco de la tradici\u00f3n aristot\u00e9lica tomista. El cap\u00edtulo ii muestra \u00ablas condiciones para el desarrollo de las virtudes\u00bb que propone macintyre, a trav\u00e9s de una s\u00edntesis de la historia de la filosof\u00eda moral en occidente -de acuerdo con la versi\u00f3n del autor- y los aspectos centrales de su propuesta contenidos en la obras tras la virtud. Finalmente, el cap\u00edtulo iii -\u00abcomunidad y virtudes en la universidad\u00bb- sintetiza en dos esquemas (de la comunidad y de la tradici\u00f3n) los conceptos seleccionados en la tesis para llevar a cabo un diagn\u00f3stico organizacional del caso del tecnol\u00f3gico de monterrey, en t\u00e9rminos de la educaci\u00f3n en las virtudes, y ofrecer una orientaci\u00f3n para la transformaci\u00f3n de su cultura institucional en este sentido.<\/p>\n<p>&nbsp;<\/p>\n<h3>Datos acad\u00e9micos de la tesis doctoral \u00ab<strong>Macintyre y la educaci\u00f3n en las virtudes. una orientaci\u00f3n para la transformaci\u00f3n cultural en la universidad liberal<\/strong>\u00ab<\/h3>\n<ul>\n<li><strong>T\u00edtulo de la tesis:<\/strong>\u00a0 Macintyre y la educaci\u00f3n en las virtudes. una orientaci\u00f3n para la transformaci\u00f3n cultural en la universidad liberal <\/li>\n<li><strong>Autor:<\/strong>\u00a0 Juan Gonz\u00e1lez P\u00e9rez <\/li>\n<li><strong>Universidad:<\/strong>\u00a0 Navarra<\/li>\n<li><strong>Fecha de lectura de la tesis:<\/strong>\u00a0 13\/03\/2008<\/li>\n<\/ul>\n<p>&nbsp;<\/p>\n<h3>Direcci\u00f3n y tribunal<\/h3>\n<ul>\n<li><strong>Director de la tesis<\/strong>\n<ul>\n<li>Alejo Jose Sison Galsim<\/li>\n<\/ul>\n<\/li>\n<li><strong>Tribunal<\/strong>\n<ul>\n<li>Presidente del tribunal: rafael Alvira <\/li>\n<li>Javier Moctezuma (vocal)<\/li>\n<li>Mar\u00eda Garc\u00eda amilburu (vocal)<\/li>\n<li>margarita Mauri (vocal)<\/li>\n<\/ul>\n<\/li>\n<\/ul>\n<p>&nbsp;<\/p>\n","protected":false},"excerpt":{"rendered":"<p>Tesis doctoral de Juan Gonz\u00e1lez P\u00e9rez La tesis tiene como prop\u00f3sito presentar la propuesta filos\u00f3fica de alasdair macintyre -en relaci\u00f3n [&hellip;]<\/p>\n","protected":false},"author":1,"featured_media":0,"comment_status":"open","ping_status":"open","sticky":false,"template":"","format":"standard","meta":{"site-sidebar-layout":"default","site-content-layout":"","ast-site-content-layout":"","site-content-style":"default","site-sidebar-style":"default","ast-global-header-display":"","ast-banner-title-visibility":"","ast-main-header-display":"","ast-hfb-above-header-display":"","ast-hfb-below-header-display":"","ast-hfb-mobile-header-display":"","site-post-title":"","ast-breadcrumbs-content":"","ast-featured-img":"","footer-sml-layout":"","theme-transparent-header-meta":"","adv-header-id-meta":"","stick-header-meta":"","header-above-stick-meta":"","header-main-stick-meta":"","header-below-stick-meta":"","astra-migrate-meta-layouts":"default","ast-page-background-enabled":"default","ast-page-background-meta":{"desktop":{"background-color":"var(--ast-global-color-4)","background-image":"","background-repeat":"repeat","background-position":"center center","background-size":"auto","background-attachment":"scroll","background-type":"","background-media":"","overlay-type":"","overlay-color":"","overlay-gradient":""},"tablet":{"background-color":"","background-image":"","background-repeat":"repeat","background-position":"center center","background-size":"auto","background-attachment":"scroll","background-type":"","background-media":"","overlay-type":"","overlay-color":"","overlay-gradient":""},"mobile":{"background-color":"","background-image":"","background-repeat":"repeat","background-position":"center center","background-size":"auto","background-attachment":"scroll","background-type":"","background-media":"","overlay-type":"","overlay-color":"","overlay-gradient":""}},"ast-content-background-meta":{"desktop":{"background-color":"var(--ast-global-color-5)","background-image":"","background-repeat":"repeat","background-position":"center center","background-size":"auto","background-attachment":"scroll","background-type":"","background-media":"","overlay-type":"","overlay-color":"","overlay-gradient":""},"tablet":{"background-color":"var(--ast-global-color-5)","background-image":"","background-repeat":"repeat","background-position":"center center","background-size":"auto","background-attachment":"scroll","background-type":"","background-media":"","overlay-type":"","overlay-color":"","overlay-gradient":""},"mobile":{"background-color":"var(--ast-global-color-5)","background-image":"","background-repeat":"repeat","background-position":"center center","background-size":"auto","background-attachment":"scroll","background-type":"","background-media":"","overlay-type":"","overlay-color":"","overlay-gradient":""}},"footnotes":""},"categories":[9285,17749,7611],"tags":[140237,140238,140236,140239,67943,17983],"class_list":["post-63514","post","type-post","status-publish","format-standard","hentry","category-analisis-estadistico-en-pedagogia","category-navarra","category-organizacion-y-direccion-de-las-instituciones-educativas","tag-alejo-jose-sison-galsim","tag-javier-moctezuma","tag-juan-gonzalez-perez","tag-margarita-mauri","tag-maria-garcia-amilburu","tag-rafael-alvira"],"_links":{"self":[{"href":"https:\/\/www.deberes.net\/tesis\/wp-json\/wp\/v2\/posts\/63514","targetHints":{"allow":["GET"]}}],"collection":[{"href":"https:\/\/www.deberes.net\/tesis\/wp-json\/wp\/v2\/posts"}],"about":[{"href":"https:\/\/www.deberes.net\/tesis\/wp-json\/wp\/v2\/types\/post"}],"author":[{"embeddable":true,"href":"https:\/\/www.deberes.net\/tesis\/wp-json\/wp\/v2\/users\/1"}],"replies":[{"embeddable":true,"href":"https:\/\/www.deberes.net\/tesis\/wp-json\/wp\/v2\/comments?post=63514"}],"version-history":[{"count":0,"href":"https:\/\/www.deberes.net\/tesis\/wp-json\/wp\/v2\/posts\/63514\/revisions"}],"wp:attachment":[{"href":"https:\/\/www.deberes.net\/tesis\/wp-json\/wp\/v2\/media?parent=63514"}],"wp:term":[{"taxonomy":"category","embeddable":true,"href":"https:\/\/www.deberes.net\/tesis\/wp-json\/wp\/v2\/categories?post=63514"},{"taxonomy":"post_tag","embeddable":true,"href":"https:\/\/www.deberes.net\/tesis\/wp-json\/wp\/v2\/tags?post=63514"}],"curies":[{"name":"wp","href":"https:\/\/api.w.org\/{rel}","templated":true}]}}