{"id":63626,"date":"2018-03-09T22:51:36","date_gmt":"2018-03-09T22:51:36","guid":{"rendered":"https:\/\/www.deberes.net\/tesis\/sin-categoria\/la-arquitectura-moderna-en-montevideo-1920-1960\/"},"modified":"2018-03-09T22:51:36","modified_gmt":"2018-03-09T22:51:36","slug":"la-arquitectura-moderna-en-montevideo-1920-1960","status":"publish","type":"post","link":"https:\/\/www.deberes.net\/tesis\/historia-de-la-arquitectura\/la-arquitectura-moderna-en-montevideo-1920-1960\/","title":{"rendered":"La arquitectura moderna en montevideo 1920-1960"},"content":{"rendered":"<h2>Tesis doctoral de <strong> William Rey Ashfield <\/strong><\/h2>\n<p>La presente tesis doctoral trata de ser una aportaci\u00f3n fundamental para la historia del movimiento moderno en uruguay. se inicia con el estudio del desarrollo de la cultura art\u00edstica y del pensamiento arquitect\u00f3nico en montevideo a trav\u00e9s de escritos, la llegada de personalidades al pa\u00eds, el conocimiento de la arquitectura europea y la  ense\u00f1anza de determinados profesores y arquitectos. Se estudia en particular las relaciones entre el eclecticismo y la modernidad en uruguay, y la manera en que aparece la arquitectura contempor\u00e1nea en el contexto del pa\u00eds, observando su aportaci\u00f3n en el campo de los encargos estatales, su ense\u00f1anza en las escuelas y facultades de arquitecturas, y los cambios en el proyecto arquitect\u00f3nico. se analizan igualmente las obras concretas en montevideo, atendiendo a su aparici\u00f3n como analog\u00edas de grandes temas de la sociedad uruguaya de la \u00e9poca: como m\u00e1quina, en cuanto a las relaciones de altura y ruptura del paisaje urbano, y en cuanto a sus implicaciones sobre la \u00e9tica y la funci\u00f3n de la arquitectura en el mundo actual. se utilizan como fuentes la bibliograf\u00eda especifica y general sobre la arquitectura uruguaya, as\u00ed como libros, la edici\u00f3n de revistas de arquitecturas, art\u00edculos y entrevistas personales con alguno de los protagonistas de este movimiento art\u00edstico.<\/p>\n<p>&nbsp;<\/p>\n<h3>Datos acad\u00e9micos de la tesis doctoral \u00ab<strong>La arquitectura moderna en montevideo 1920-1960<\/strong>\u00ab<\/h3>\n<ul>\n<li><strong>T\u00edtulo de la tesis:<\/strong>\u00a0 La arquitectura moderna en montevideo 1920-1960 <\/li>\n<li><strong>Autor:<\/strong>\u00a0 William Rey Ashfield <\/li>\n<li><strong>Universidad:<\/strong>\u00a0 Pablo de olavide<\/li>\n<li><strong>Fecha de lectura de la tesis:<\/strong>\u00a0 27\/03\/2008<\/li>\n<\/ul>\n<p>&nbsp;<\/p>\n<h3>Direcci\u00f3n y tribunal<\/h3>\n<ul>\n<li><strong>Director de la tesis<\/strong>\n<ul>\n<li>Francisco Ollero Lobato<\/li>\n<\/ul>\n<\/li>\n<li><strong>Tribunal<\/strong>\n<ul>\n<li>Presidente del tribunal: victor Perez escolano <\/li>\n<li>Juan  m. Monterroso montero (vocal)<\/li>\n<li>pablo Di\u00e1\u00f1ez rubio (vocal)<\/li>\n<li>arsenio Moreno mendoza (vocal)<\/li>\n<\/ul>\n<\/li>\n<\/ul>\n<p>&nbsp;<\/p>\n","protected":false},"excerpt":{"rendered":"<p>Tesis doctoral de William Rey Ashfield La presente tesis doctoral trata de ser una aportaci\u00f3n fundamental para la historia del [&hellip;]<\/p>\n","protected":false},"author":1,"featured_media":0,"comment_status":"open","ping_status":"open","sticky":false,"template":"","format":"standard","meta":{"site-sidebar-layout":"default","site-content-layout":"","ast-site-content-layout":"","site-content-style":"default","site-sidebar-style":"default","ast-global-header-display":"","ast-banner-title-visibility":"","ast-main-header-display":"","ast-hfb-above-header-display":"","ast-hfb-below-header-display":"","ast-hfb-mobile-header-display":"","site-post-title":"","ast-breadcrumbs-content":"","ast-featured-img":"","footer-sml-layout":"","theme-transparent-header-meta":"","adv-header-id-meta":"","stick-header-meta":"","header-above-stick-meta":"","header-main-stick-meta":"","header-below-stick-meta":"","astra-migrate-meta-layouts":"default","ast-page-background-enabled":"default","ast-page-background-meta":{"desktop":{"background-color":"var(--ast-global-color-4)","background-image":"","background-repeat":"repeat","background-position":"center center","background-size":"auto","background-attachment":"scroll","background-type":"","background-media":"","overlay-type":"","overlay-color":"","overlay-gradient":""},"tablet":{"background-color":"","background-image":"","background-repeat":"repeat","background-position":"center center","background-size":"auto","background-attachment":"scroll","background-type":"","background-media":"","overlay-type":"","overlay-color":"","overlay-gradient":""},"mobile":{"background-color":"","background-image":"","background-repeat":"repeat","background-position":"center center","background-size":"auto","background-attachment":"scroll","background-type":"","background-media":"","overlay-type":"","overlay-color":"","overlay-gradient":""}},"ast-content-background-meta":{"desktop":{"background-color":"var(--ast-global-color-5)","background-image":"","background-repeat":"repeat","background-position":"center center","background-size":"auto","background-attachment":"scroll","background-type":"","background-media":"","overlay-type":"","overlay-color":"","overlay-gradient":""},"tablet":{"background-color":"var(--ast-global-color-5)","background-image":"","background-repeat":"repeat","background-position":"center center","background-size":"auto","background-attachment":"scroll","background-type":"","background-media":"","overlay-type":"","overlay-color":"","overlay-gradient":""},"mobile":{"background-color":"var(--ast-global-color-5)","background-image":"","background-repeat":"repeat","background-position":"center center","background-size":"auto","background-attachment":"scroll","background-type":"","background-media":"","overlay-type":"","overlay-color":"","overlay-gradient":""}},"footnotes":""},"categories":[1745,6343,37286],"tags":[115063,45545,140473,20818,11230,140472],"class_list":["post-63626","post","type-post","status-publish","format-standard","hentry","category-historia-de-la-arquitectura","category-historia-moderna-del-area-americana","category-pablo-de-olavide","tag-arsenio-moreno-mendoza","tag-francisco-ollero-lobato","tag-juan-m-monterroso-montero","tag-pablo-dianez-rubio","tag-victor-perez-escolano","tag-william-rey-ashfield"],"_links":{"self":[{"href":"https:\/\/www.deberes.net\/tesis\/wp-json\/wp\/v2\/posts\/63626","targetHints":{"allow":["GET"]}}],"collection":[{"href":"https:\/\/www.deberes.net\/tesis\/wp-json\/wp\/v2\/posts"}],"about":[{"href":"https:\/\/www.deberes.net\/tesis\/wp-json\/wp\/v2\/types\/post"}],"author":[{"embeddable":true,"href":"https:\/\/www.deberes.net\/tesis\/wp-json\/wp\/v2\/users\/1"}],"replies":[{"embeddable":true,"href":"https:\/\/www.deberes.net\/tesis\/wp-json\/wp\/v2\/comments?post=63626"}],"version-history":[{"count":0,"href":"https:\/\/www.deberes.net\/tesis\/wp-json\/wp\/v2\/posts\/63626\/revisions"}],"wp:attachment":[{"href":"https:\/\/www.deberes.net\/tesis\/wp-json\/wp\/v2\/media?parent=63626"}],"wp:term":[{"taxonomy":"category","embeddable":true,"href":"https:\/\/www.deberes.net\/tesis\/wp-json\/wp\/v2\/categories?post=63626"},{"taxonomy":"post_tag","embeddable":true,"href":"https:\/\/www.deberes.net\/tesis\/wp-json\/wp\/v2\/tags?post=63626"}],"curies":[{"name":"wp","href":"https:\/\/api.w.org\/{rel}","templated":true}]}}