{"id":63627,"date":"2018-03-09T22:51:36","date_gmt":"2018-03-09T22:51:36","guid":{"rendered":"https:\/\/www.deberes.net\/tesis\/sin-categoria\/curriculo-e-diversidade-cultural-no-estado-do-tocantins-brasil-analises-e-perspectivas\/"},"modified":"2018-03-09T22:51:36","modified_gmt":"2018-03-09T22:51:36","slug":"curriculo-e-diversidade-cultural-no-estado-do-tocantins-brasil-analises-e-perspectivas","status":"publish","type":"post","link":"https:\/\/www.deberes.net\/tesis\/santiago-de-compostela\/curriculo-e-diversidade-cultural-no-estado-do-tocantins-brasil-analises-e-perspectivas\/","title":{"rendered":"Curriculo e diversidade cultural no estado do tocantins, brasil : analises e perspectivas"},"content":{"rendered":"<h2>Tesis doctoral de <strong> Jos\u00e9 Wilson Rodrigues De Melo <\/strong><\/h2>\n<p>A diversidade cultural e uma riqueza da humanidade. Valorizar- la  significa potencializar o respeito \u00ed\u00a0 dignidade humana. A atencao \u00ed\u00a0 diversidade, como projeto cultural educativo, implica no desaf\u00edo de formar o car\u00e1ter e o esp\u00edrito das novas geracoes. Discutir a diversidade cultural de palmas implica em caracterizar aspectos do muticulturalismo no brasil. O objetivo a  tese foi o de analizar a valorizacao atribuida \u00ed\u00a0 diversidade cultural na cidade de palmas pelos\/as profesores\/as em seus discursos em escolas  publicas do encino fundamental. A abordagem metodol\u00f3gica foi a qualitativa. O instrumento de coleta de dados foi a entrevista semi-estructurada. A coleta, sistematizacao dos dados se deram a partir do conte\u00fado expresso pelas representacoes docentes. As an\u00e1lises da pesquisa apuraram a visao docente sobre a diversidade cultural de palmas. Um  resultado detectou os sentimentos da existencia  desta diversidade sendo os docentes tambem protagonistas da mesma. No en tanto, foi observado o fato de a realidade nao ser problematizada tomando como enfoque as implicacoes educacionais. Talvez, perdure uma necessidade de melhor compreensao de uma sociedade com tais caracter\u00edsticas e os desafios postos para a educacao. Houve uma tendencia na observacao sobre a razao dos\/as estudantes estarme na escola ser o fato de se apropiarem dos contesudos especificos das disciplinas. Os\/as profesores\/as asseguraram ser a indisciplina dos\/as estudantes como o principal problema  das escolas. Contudo, afirmaram haber uma convivencia sem trensoes e conflitos emanados das diferencas culturais. O complemento da argumentacao foi atribuir aos pais e maes uma falta de compromisso com a escolaridade do\/as filhos\/as. \u00e9 poss\u00edvel haver uma certa miop\u00eda em relacao a um processo mais amplo. H\u00e1 um sinal de alerta para uma atencao mais focada na diversidade cultural e as vinculacoes dessa no cotidiano escolar. A educacao multiculural \u00e9 um desafio ao profesorado diante das mudancas nas atitudes e posturas para fortalecer a inclusao social e cultural.<\/p>\n<p>&nbsp;<\/p>\n<h3>Datos acad\u00e9micos de la tesis doctoral \u00ab<strong>Curriculo e diversidade cultural no estado do tocantins, brasil : analises e perspectivas<\/strong>\u00ab<\/h3>\n<ul>\n<li><strong>T\u00edtulo de la tesis:<\/strong>\u00a0 Curriculo e diversidade cultural no estado do tocantins, brasil : analises e perspectivas <\/li>\n<li><strong>Autor:<\/strong>\u00a0 Jos\u00e9 Wilson Rodrigues De Melo <\/li>\n<li><strong>Universidad:<\/strong>\u00a0 Santiago de compostela<\/li>\n<li><strong>Fecha de lectura de la tesis:<\/strong>\u00a0 27\/03\/2008<\/li>\n<\/ul>\n<p>&nbsp;<\/p>\n<h3>Direcci\u00f3n y tribunal<\/h3>\n<ul>\n<li><strong>Director de la tesis<\/strong>\n<ul>\n<li>Carlos Rosales Lopez<\/li>\n<\/ul>\n<\/li>\n<li><strong>Tribunal<\/strong>\n<ul>\n<li>Presidente del tribunal: lourdes Montero meza <\/li>\n<li>margarita Pino juste (vocal)<\/li>\n<li>Miguel anxo Santos rego (vocal)<\/li>\n<li>Juan  Jos\u00e9 Bueno aguilar (vocal)<\/li>\n<\/ul>\n<\/li>\n<\/ul>\n<p>&nbsp;<\/p>\n","protected":false},"excerpt":{"rendered":"<p>Tesis doctoral de Jos\u00e9 Wilson Rodrigues De Melo A diversidade cultural e uma riqueza da humanidade. Valorizar- la significa potencializar [&hellip;]<\/p>\n","protected":false},"author":1,"featured_media":0,"comment_status":"open","ping_status":"open","sticky":false,"template":"","format":"standard","meta":{"site-sidebar-layout":"default","site-content-layout":"","ast-site-content-layout":"","site-content-style":"default","site-sidebar-style":"default","ast-global-header-display":"","ast-banner-title-visibility":"","ast-main-header-display":"","ast-hfb-above-header-display":"","ast-hfb-below-header-display":"","ast-hfb-mobile-header-display":"","site-post-title":"","ast-breadcrumbs-content":"","ast-featured-img":"","footer-sml-layout":"","theme-transparent-header-meta":"","adv-header-id-meta":"","stick-header-meta":"","header-above-stick-meta":"","header-main-stick-meta":"","header-below-stick-meta":"","astra-migrate-meta-layouts":"default","ast-page-background-enabled":"default","ast-page-background-meta":{"desktop":{"background-color":"var(--ast-global-color-4)","background-image":"","background-repeat":"repeat","background-position":"center center","background-size":"auto","background-attachment":"scroll","background-type":"","background-media":"","overlay-type":"","overlay-color":"","overlay-gradient":""},"tablet":{"background-color":"","background-image":"","background-repeat":"repeat","background-position":"center center","background-size":"auto","background-attachment":"scroll","background-type":"","background-media":"","overlay-type":"","overlay-color":"","overlay-gradient":""},"mobile":{"background-color":"","background-image":"","background-repeat":"repeat","background-position":"center center","background-size":"auto","background-attachment":"scroll","background-type":"","background-media":"","overlay-type":"","overlay-color":"","overlay-gradient":""}},"ast-content-background-meta":{"desktop":{"background-color":"var(--ast-global-color-5)","background-image":"","background-repeat":"repeat","background-position":"center center","background-size":"auto","background-attachment":"scroll","background-type":"","background-media":"","overlay-type":"","overlay-color":"","overlay-gradient":""},"tablet":{"background-color":"var(--ast-global-color-5)","background-image":"","background-repeat":"repeat","background-position":"center center","background-size":"auto","background-attachment":"scroll","background-type":"","background-media":"","overlay-type":"","overlay-color":"","overlay-gradient":""},"mobile":{"background-color":"var(--ast-global-color-5)","background-image":"","background-repeat":"repeat","background-position":"center center","background-size":"auto","background-attachment":"scroll","background-type":"","background-media":"","overlay-type":"","overlay-color":"","overlay-gradient":""}},"footnotes":""},"categories":[1141,977],"tags":[2626,140474,54723,140475,140476,139797],"class_list":["post-63627","post","type-post","status-publish","format-standard","hentry","category-pedagogia","category-santiago-de-compostela","tag-carlos-rosales-lopez","tag-jose-wilson-rodrigues-de-melo","tag-juan-jose-bueno-aguilar","tag-lourdes-montero-meza","tag-margarita-pino-juste","tag-miguel-anxo-santos-rego"],"_links":{"self":[{"href":"https:\/\/www.deberes.net\/tesis\/wp-json\/wp\/v2\/posts\/63627","targetHints":{"allow":["GET"]}}],"collection":[{"href":"https:\/\/www.deberes.net\/tesis\/wp-json\/wp\/v2\/posts"}],"about":[{"href":"https:\/\/www.deberes.net\/tesis\/wp-json\/wp\/v2\/types\/post"}],"author":[{"embeddable":true,"href":"https:\/\/www.deberes.net\/tesis\/wp-json\/wp\/v2\/users\/1"}],"replies":[{"embeddable":true,"href":"https:\/\/www.deberes.net\/tesis\/wp-json\/wp\/v2\/comments?post=63627"}],"version-history":[{"count":0,"href":"https:\/\/www.deberes.net\/tesis\/wp-json\/wp\/v2\/posts\/63627\/revisions"}],"wp:attachment":[{"href":"https:\/\/www.deberes.net\/tesis\/wp-json\/wp\/v2\/media?parent=63627"}],"wp:term":[{"taxonomy":"category","embeddable":true,"href":"https:\/\/www.deberes.net\/tesis\/wp-json\/wp\/v2\/categories?post=63627"},{"taxonomy":"post_tag","embeddable":true,"href":"https:\/\/www.deberes.net\/tesis\/wp-json\/wp\/v2\/tags?post=63627"}],"curies":[{"name":"wp","href":"https:\/\/api.w.org\/{rel}","templated":true}]}}