{"id":63683,"date":"2018-03-09T22:51:36","date_gmt":"2018-03-09T22:51:36","guid":{"rendered":"https:\/\/www.deberes.net\/tesis\/sin-categoria\/ecologia-funcional-de-plantas-de-yesos-respuestas-y-vulnerabilidad-ante-el-cambio-global\/"},"modified":"2018-03-09T22:51:36","modified_gmt":"2018-03-09T22:51:36","slug":"ecologia-funcional-de-plantas-de-yesos-respuestas-y-vulnerabilidad-ante-el-cambio-global","status":"publish","type":"post","link":"https:\/\/www.deberes.net\/tesis\/ecologia-vegetal\/ecologia-funcional-de-plantas-de-yesos-respuestas-y-vulnerabilidad-ante-el-cambio-global\/","title":{"rendered":"Ecolog\u00eda funcional de plantas de yesos: respuestas y vulnerabilidad ante el cambio global"},"content":{"rendered":"<h2>Tesis doctoral de <strong> Silvia Matesanz Garcia <\/strong><\/h2>\n<p>Las comunidades vegetales que se asientan sobre suelos de yesos son miy ricas y presentan elementos de distribucion muy restringida. El suelo yesifero presenta una seire de caracteristicas fisico-quimicas que resultan estresantes para la vida vegetal. Por estas razones se considera estas comunidades entre las mas amenazadas y muy sensibles a la accion del cambio global. El objeto de esta tesis doctoral fue ampliar nuestro conocimiento sobre las especies vegetales tipicas de yesos y su vulnerabilidad ante el cambio global. En especial nos centraremos en la utilidad de las comparaciones enre especies pertenecientes al mismo genero y en los efectos de usos del suelo y cambio climatico.<\/p>\n<p>&nbsp;<\/p>\n<h3>Datos acad\u00e9micos de la tesis doctoral \u00ab<strong>Ecolog\u00eda funcional de plantas de yesos: respuestas y vulnerabilidad ante el cambio global<\/strong>\u00ab<\/h3>\n<ul>\n<li><strong>T\u00edtulo de la tesis:<\/strong>\u00a0 Ecolog\u00eda funcional de plantas de yesos: respuestas y vulnerabilidad ante el cambio global <\/li>\n<li><strong>Autor:<\/strong>\u00a0 Silvia Matesanz Garcia <\/li>\n<li><strong>Universidad:<\/strong>\u00a0 Rey juan carlos<\/li>\n<li><strong>Fecha de lectura de la tesis:<\/strong>\u00a0 28\/03\/2008<\/li>\n<\/ul>\n<p>&nbsp;<\/p>\n<h3>Direcci\u00f3n y tribunal<\/h3>\n<ul>\n<li><strong>Director de la tesis<\/strong>\n<ul>\n<li>Fernando Valladares Ros<\/li>\n<\/ul>\n<\/li>\n<li><strong>Tribunal<\/strong>\n<ul>\n<li>Presidente del tribunal: Jos\u00e9 Mar\u00eda Iriondo alegria <\/li>\n<li>patricio Garc\u00eda-fayos poveda (vocal)<\/li>\n<li>Mar\u00eda  teresa Sebasti\u00e1 \u00e1lvarez (vocal)<\/li>\n<li>  (vocal)<\/li>\n<\/ul>\n<\/li>\n<\/ul>\n<p>&nbsp;<\/p>\n","protected":false},"excerpt":{"rendered":"<p>Tesis doctoral de Silvia Matesanz Garcia Las comunidades vegetales que se asientan sobre suelos de yesos son miy ricas y [&hellip;]<\/p>\n","protected":false},"author":1,"featured_media":0,"comment_status":"open","ping_status":"open","sticky":false,"template":"","format":"standard","meta":{"site-sidebar-layout":"default","site-content-layout":"","ast-site-content-layout":"","site-content-style":"default","site-sidebar-style":"default","ast-global-header-display":"","ast-banner-title-visibility":"","ast-main-header-display":"","ast-hfb-above-header-display":"","ast-hfb-below-header-display":"","ast-hfb-mobile-header-display":"","site-post-title":"","ast-breadcrumbs-content":"","ast-featured-img":"","footer-sml-layout":"","theme-transparent-header-meta":"","adv-header-id-meta":"","stick-header-meta":"","header-above-stick-meta":"","header-main-stick-meta":"","header-below-stick-meta":"","astra-migrate-meta-layouts":"default","ast-page-background-enabled":"default","ast-page-background-meta":{"desktop":{"background-color":"var(--ast-global-color-4)","background-image":"","background-repeat":"repeat","background-position":"center center","background-size":"auto","background-attachment":"scroll","background-type":"","background-media":"","overlay-type":"","overlay-color":"","overlay-gradient":""},"tablet":{"background-color":"","background-image":"","background-repeat":"repeat","background-position":"center center","background-size":"auto","background-attachment":"scroll","background-type":"","background-media":"","overlay-type":"","overlay-color":"","overlay-gradient":""},"mobile":{"background-color":"","background-image":"","background-repeat":"repeat","background-position":"center center","background-size":"auto","background-attachment":"scroll","background-type":"","background-media":"","overlay-type":"","overlay-color":"","overlay-gradient":""}},"ast-content-background-meta":{"desktop":{"background-color":"var(--ast-global-color-5)","background-image":"","background-repeat":"repeat","background-position":"center center","background-size":"auto","background-attachment":"scroll","background-type":"","background-media":"","overlay-type":"","overlay-color":"","overlay-gradient":""},"tablet":{"background-color":"var(--ast-global-color-5)","background-image":"","background-repeat":"repeat","background-position":"center center","background-size":"auto","background-attachment":"scroll","background-type":"","background-media":"","overlay-type":"","overlay-color":"","overlay-gradient":""},"mobile":{"background-color":"var(--ast-global-color-5)","background-image":"","background-repeat":"repeat","background-position":"center center","background-size":"auto","background-attachment":"scroll","background-type":"","background-media":"","overlay-type":"","overlay-color":"","overlay-gradient":""}},"footnotes":""},"categories":[620,36610],"tags":[47336,37396,20043,30214,140607],"class_list":["post-63683","post","type-post","status-publish","format-standard","hentry","category-ecologia-vegetal","category-rey-juan-carlos","tag-fernando-valladares-ros","tag-jose-maria-iriondo-alegria","tag-maria-teresa-sebastia-alvarez","tag-patricio-garcia-fayos-poveda","tag-silvia-matesanz-garcia"],"_links":{"self":[{"href":"https:\/\/www.deberes.net\/tesis\/wp-json\/wp\/v2\/posts\/63683","targetHints":{"allow":["GET"]}}],"collection":[{"href":"https:\/\/www.deberes.net\/tesis\/wp-json\/wp\/v2\/posts"}],"about":[{"href":"https:\/\/www.deberes.net\/tesis\/wp-json\/wp\/v2\/types\/post"}],"author":[{"embeddable":true,"href":"https:\/\/www.deberes.net\/tesis\/wp-json\/wp\/v2\/users\/1"}],"replies":[{"embeddable":true,"href":"https:\/\/www.deberes.net\/tesis\/wp-json\/wp\/v2\/comments?post=63683"}],"version-history":[{"count":0,"href":"https:\/\/www.deberes.net\/tesis\/wp-json\/wp\/v2\/posts\/63683\/revisions"}],"wp:attachment":[{"href":"https:\/\/www.deberes.net\/tesis\/wp-json\/wp\/v2\/media?parent=63683"}],"wp:term":[{"taxonomy":"category","embeddable":true,"href":"https:\/\/www.deberes.net\/tesis\/wp-json\/wp\/v2\/categories?post=63683"},{"taxonomy":"post_tag","embeddable":true,"href":"https:\/\/www.deberes.net\/tesis\/wp-json\/wp\/v2\/tags?post=63683"}],"curies":[{"name":"wp","href":"https:\/\/api.w.org\/{rel}","templated":true}]}}