{"id":63706,"date":"2018-03-09T22:51:40","date_gmt":"2018-03-09T22:51:40","guid":{"rendered":"https:\/\/www.deberes.net\/tesis\/sin-categoria\/lenguaje-e-institucionalizacion-la-articulacion-discursiva-de-la-autonoma%c2%ada-zapatista\/"},"modified":"2018-03-09T22:51:40","modified_gmt":"2018-03-09T22:51:40","slug":"lenguaje-e-institucionalizacion-la-articulacion-discursiva-de-la-autonoma%c2%ada-zapatista","status":"publish","type":"post","link":"https:\/\/www.deberes.net\/tesis\/lengua-y-literatura\/lenguaje-e-institucionalizacion-la-articulacion-discursiva-de-la-autonoma%c2%ada-zapatista\/","title":{"rendered":"Lenguaje e institucionalizaci\u00f3n: la articulaci\u00f3n discursiva de la autonom\u00edazapatista"},"content":{"rendered":"<h2>Tesis doctoral de <strong> \u00f3scar Garc\u00eda Agust\u00edn <\/strong><\/h2>\n<p>De acuerdo con el car\u00e1cter multidisciplinar del an\u00e1lisis del discurso, en este trabajo se combinan las herramientas y teor\u00edas provenientes del acd (sobre todo, fairclough) con otras propias de la filosof\u00eda y de la teor\u00eda pol\u00edtica (como laclau o scott), especialmente aquellas que atienden a la institucionalizaci\u00f3n de los hechos sociales o de la sociedad (como searle y castoriadis). Se atiende as\u00ed a c\u00f3mo la producci\u00f3n textual propone una nueva articulaci\u00f3n (contra)hegem\u00f3nica en la que el lenguaje act\u00faa sobre las concepciones de la realidad social, los textos se encadenan entre s\u00ed y se lleva a cabo un desplazamiento de los significados dentro del \u00e1mbito p\u00fablico. La combinaci\u00f3n de la dimensi\u00f3n social y ling\u00ed\u00bc\u00edstica, \u00f3ptima para reflejar la complejidad de la institucionalizaci\u00f3n de la autonom\u00eda zapatista, justifica por s\u00ed misma la conveniencia de recurrir a un paradigma te\u00f3rico interdisciplinar como el an\u00e1lisis del discurso (ad). El m\u00e9todo aplicado recoge, igualmente, una variedad de herramientas anal\u00edticas provenientes de disciplinas que oscilan entre lo discursivo y lo social. Esta perspectiva es completada con la teor\u00eda de la institucionalizaci\u00f3n de la sociedad, seg\u00fan los enfoques de john searle y cornelius castoriadis. La visi\u00f3n biol\u00f3gica de la realidad social, basada en la constituci\u00f3n racional de los hechos sociales, se combina con la teor\u00eda del imaginario de castoriadis, cuya concepci\u00f3n abre el an\u00e1lisis institucional a la inclusi\u00f3n de aspectos simb\u00f3licos, incluidos los referidos al lenguaje. Un tercer enfoque relevante para el estudio es el que se ocupa de la esfera p\u00fablica como espacio de la comunicaci\u00f3n en que el discurso se constituye. Como el espacio p\u00fablico no es homog\u00e9neo, he cre\u00eddo necesario contrastar las concepciones republicanistas, basadas en el consenso, con las antag\u00f3nicas, defensoras del conflicto social. Adem\u00e1s, otros enfoques, como el de scott y de certeau, nos recuerdan que existe un espacio no p\u00fablico en el que las pr\u00e1cticas sociodiscursivas se desarrollan. Finalmente, las aportaciones recogidas para analizar los textos son variadas, algunas de ellas ya adoptadas por el acd, como ocurre con la intertextualidad o la modalidad. Otras se encuentran igualmente pr\u00f3ximas al ad, como la teor\u00eda de la polifon\u00eda de ducrot, la de los actos de habla de austin y searle, el antilenguaje de halliday, etc. Todas estas perspectivas las integro dentro de un enfoque basado en el discurso y la institucionalizaci\u00f3n con el fin de mantener el equilibrio entre lo ling\u00ed\u00bc\u00edstico y lo social.%&#038;\/En la tesis se analiza la producci\u00f3n textual de los comandantes zapatistas (especialmente del subcomandante marcos) en el per\u00edodo comprendido entre 2003 y 2005. En estos a\u00f1os, el ezln avanza en su construcci\u00f3n auton\u00f3mica a trav\u00e9s de un nuevo nivel, las juntas de buen gobierno, y un nuevo espacio de encuentro con la sociedad civil, los caracoles. El an\u00e1lisis se centra en la representaci\u00f3n que los propios zapatistas realizan de este proceso en el cual atribuyen determinadas funciones a las instituciones emergentes y redefinen sus relaciones con otros actores pol\u00edticos, fundamentalmente el gobierno, por un lado, y la sociedad civil nacional e internacional, por otro. Por estos motivos, no se trata \u00fanicamente de una representaci\u00f3n sino de un proceso instituyente, apoy\u00e1ndose en la funci\u00f3n simb\u00f3lica del lenguaje, con el fin de modificar la situaci\u00f3n en chiapas y, en general, en m\u00e9xico, a trav\u00e9s de la transposici\u00f3n de las pr\u00e1cticas auton\u00f3micas al \u00e1mbito de la esfera p\u00fablica.<\/p>\n<p>&nbsp;<\/p>\n<h3>Datos acad\u00e9micos de la tesis doctoral \u00ab<strong>Lenguaje e institucionalizaci\u00f3n: la articulaci\u00f3n discursiva de la autonom\u00edazapatista<\/strong>\u00ab<\/h3>\n<ul>\n<li><strong>T\u00edtulo de la tesis:<\/strong>\u00a0 Lenguaje e institucionalizaci\u00f3n: la articulaci\u00f3n discursiva de la autonom\u00edazapatista <\/li>\n<li><strong>Autor:<\/strong>\u00a0 \u00f3scar Garc\u00eda Agust\u00edn <\/li>\n<li><strong>Universidad:<\/strong>\u00a0 Rioja<\/li>\n<li><strong>Fecha de lectura de la tesis:<\/strong>\u00a0 31\/03\/2008<\/li>\n<\/ul>\n<p>&nbsp;<\/p>\n<h3>Direcci\u00f3n y tribunal<\/h3>\n<ul>\n<li><strong>Director de la tesis<\/strong>\n<ul>\n<li>Enrique Balmaseda Maestu<\/li>\n<\/ul>\n<\/li>\n<li><strong>Tribunal<\/strong>\n<ul>\n<li>Presidente del tribunal: claudio Garc\u00eda turza <\/li>\n<li>Jos\u00e9 Luis G\u00f3mez urd\u00e1\u00f1ez (vocal)<\/li>\n<li>teun Van dijk (vocal)<\/li>\n<li>hugo Cancino troncoso (vocal)<\/li>\n<\/ul>\n<\/li>\n<\/ul>\n<p>&nbsp;<\/p>\n","protected":false},"excerpt":{"rendered":"<p>Tesis doctoral de \u00f3scar Garc\u00eda Agust\u00edn De acuerdo con el car\u00e1cter multidisciplinar del an\u00e1lisis del discurso, en este trabajo se [&hellip;]<\/p>\n","protected":false},"author":1,"featured_media":0,"comment_status":"open","ping_status":"open","sticky":false,"template":"","format":"standard","meta":{"site-sidebar-layout":"default","site-content-layout":"","ast-site-content-layout":"","site-content-style":"default","site-sidebar-style":"default","ast-global-header-display":"","ast-banner-title-visibility":"","ast-main-header-display":"","ast-hfb-above-header-display":"","ast-hfb-below-header-display":"","ast-hfb-mobile-header-display":"","site-post-title":"","ast-breadcrumbs-content":"","ast-featured-img":"","footer-sml-layout":"","theme-transparent-header-meta":"","adv-header-id-meta":"","stick-header-meta":"","header-above-stick-meta":"","header-main-stick-meta":"","header-below-stick-meta":"","astra-migrate-meta-layouts":"default","ast-page-background-enabled":"default","ast-page-background-meta":{"desktop":{"background-color":"var(--ast-global-color-4)","background-image":"","background-repeat":"repeat","background-position":"center center","background-size":"auto","background-attachment":"scroll","background-type":"","background-media":"","overlay-type":"","overlay-color":"","overlay-gradient":""},"tablet":{"background-color":"","background-image":"","background-repeat":"repeat","background-position":"center center","background-size":"auto","background-attachment":"scroll","background-type":"","background-media":"","overlay-type":"","overlay-color":"","overlay-gradient":""},"mobile":{"background-color":"","background-image":"","background-repeat":"repeat","background-position":"center center","background-size":"auto","background-attachment":"scroll","background-type":"","background-media":"","overlay-type":"","overlay-color":"","overlay-gradient":""}},"ast-content-background-meta":{"desktop":{"background-color":"var(--ast-global-color-5)","background-image":"","background-repeat":"repeat","background-position":"center center","background-size":"auto","background-attachment":"scroll","background-type":"","background-media":"","overlay-type":"","overlay-color":"","overlay-gradient":""},"tablet":{"background-color":"var(--ast-global-color-5)","background-image":"","background-repeat":"repeat","background-position":"center center","background-size":"auto","background-attachment":"scroll","background-type":"","background-media":"","overlay-type":"","overlay-color":"","overlay-gradient":""},"mobile":{"background-color":"var(--ast-global-color-5)","background-image":"","background-repeat":"repeat","background-position":"center center","background-size":"auto","background-attachment":"scroll","background-type":"","background-media":"","overlay-type":"","overlay-color":"","overlay-gradient":""}},"footnotes":""},"categories":[636,18890],"tags":[12660,80133,140661,134358,140659,140660],"class_list":["post-63706","post","type-post","status-publish","format-standard","hentry","category-lengua-y-literatura","category-rioja","tag-claudio-garcia-turza","tag-enrique-balmaseda-maestu","tag-hugo-cancino-troncoso","tag-jose-luis-gomez-urdanez","tag-oscar-garcia-agustin","tag-teun-van-dijk"],"_links":{"self":[{"href":"https:\/\/www.deberes.net\/tesis\/wp-json\/wp\/v2\/posts\/63706","targetHints":{"allow":["GET"]}}],"collection":[{"href":"https:\/\/www.deberes.net\/tesis\/wp-json\/wp\/v2\/posts"}],"about":[{"href":"https:\/\/www.deberes.net\/tesis\/wp-json\/wp\/v2\/types\/post"}],"author":[{"embeddable":true,"href":"https:\/\/www.deberes.net\/tesis\/wp-json\/wp\/v2\/users\/1"}],"replies":[{"embeddable":true,"href":"https:\/\/www.deberes.net\/tesis\/wp-json\/wp\/v2\/comments?post=63706"}],"version-history":[{"count":0,"href":"https:\/\/www.deberes.net\/tesis\/wp-json\/wp\/v2\/posts\/63706\/revisions"}],"wp:attachment":[{"href":"https:\/\/www.deberes.net\/tesis\/wp-json\/wp\/v2\/media?parent=63706"}],"wp:term":[{"taxonomy":"category","embeddable":true,"href":"https:\/\/www.deberes.net\/tesis\/wp-json\/wp\/v2\/categories?post=63706"},{"taxonomy":"post_tag","embeddable":true,"href":"https:\/\/www.deberes.net\/tesis\/wp-json\/wp\/v2\/tags?post=63706"}],"curies":[{"name":"wp","href":"https:\/\/api.w.org\/{rel}","templated":true}]}}