{"id":63722,"date":"2008-01-04T00:00:00","date_gmt":"2008-01-04T00:00:00","guid":{"rendered":"https:\/\/www.deberes.net\/tesis\/sin-categoria\/evaluacion-de-un-programa-domiciliario-de-atencion-a-pacientes-con-demencia\/"},"modified":"2008-01-04T00:00:00","modified_gmt":"2008-01-04T00:00:00","slug":"evaluacion-de-un-programa-domiciliario-de-atencion-a-pacientes-con-demencia","status":"publish","type":"post","link":"https:\/\/www.deberes.net\/tesis\/sin-categoria\/evaluacion-de-un-programa-domiciliario-de-atencion-a-pacientes-con-demencia\/","title":{"rendered":"Evaluaci\u00f3n de un programa domiciliario de atenci\u00f3n a pacientes con demencia"},"content":{"rendered":"<h2>Tesis doctoral de <strong> Bel\u00e9n Gonz\u00e1lez Glar\u00eda <\/strong><\/h2>\n<p>La demencia representa un problema creciente de salud p\u00fablica debido fundamentalmente al cambio de estructura demogr\u00e1fica que supone un aumento del n\u00famero de ancianos y sus patolog\u00edas, siendo adem\u00e1s una de las enfermedades que m\u00e1s dependencia supone. El abordaje de la demencia se realiza desde dos perspectivas, la farmacol\u00f3gica y la no farmacol\u00f3gica. este trabajo, realizado bajo la hip\u00f3tesis de que las terapias no farmacol\u00f3gicas sobre el paciente con demencia y del cuidador pueden modificar favorablemente la evoluci\u00f3n natural de la enfermedad, resume los resultados de una experiencia de atenci\u00f3n de personas con demencia y sus cuidadores desde una perspectiva global y multidisciplinar haciendo m\u00e1s hincapi\u00e9 en los aspectos del tratamiento no farmacol\u00f3gico y considerando al cuidador como parte integrada en ese tratamiento. La actividad del equipo compuesto por m\u00e9dico geriatra, pedagoga, fisioterap\u00e9uta y trabajadora social, ha consistido en la aplicaci\u00f3n de t\u00e9cnicas de terapia cognitiva y fisioterapia a domicilio as\u00ed como el control de la patolog\u00eda m\u00e9dica y neuropsiqui\u00e1trica de los pacientes. Adem\u00e1s, se ha realizado de forma sistem\u00e1tica un intento de capacitaci\u00f3n del cuidador para el manejo de la persona con demencia. tras describir las caracter\u00edsticas cognitivas, neuropsiqui\u00e1tricas y funcionales de los pacientes al inicio del programa y analizar su evoluci\u00f3n durante la intervenci\u00f3n y de describir las caracter\u00edsticas del cuidador principal y analizar la relaci\u00f3n de \u00e9stas con la evoluci\u00f3n del paciente concluye que el uso de terapias no farmacol\u00f3gicas en los pacientes con demencia moderada y sus cuidadores muestran utilidad en el manejo de la enfermedad pudiendo modificar la historia natural de la enfermedad.<\/p>\n<p>&nbsp;<\/p>\n<h3>Datos acad\u00e9micos de la tesis doctoral \u00ab<strong>Evaluaci\u00f3n de un programa domiciliario de atenci\u00f3n a pacientes con demencia<\/strong>\u00ab<\/h3>\n<ul>\n<li><strong>T\u00edtulo de la tesis:<\/strong>\u00a0 Evaluaci\u00f3n de un programa domiciliario de atenci\u00f3n a pacientes con demencia <\/li>\n<li><strong>Autor:<\/strong>\u00a0 Bel\u00e9n Gonz\u00e1lez Glar\u00eda <\/li>\n<li><strong>Universidad:<\/strong>\u00a0 Complutense de Madrid<\/li>\n<li><strong>Fecha de lectura de la tesis:<\/strong>\u00a0 01\/04\/2008<\/li>\n<\/ul>\n<p>&nbsp;<\/p>\n<h3>Direcci\u00f3n y tribunal<\/h3>\n<ul>\n<li><strong>Director de la tesis<\/strong>\n<ul>\n<li>Jos\u00e9 Manuel Ribera Casado<\/li>\n<\/ul>\n<\/li>\n<li><strong>Tribunal<\/strong>\n<ul>\n<li>Presidente del tribunal: Juan  jose Lopez-ibor ali\u00f1o <\/li>\n<li>c. Mart\u00edn manzanares (vocal)<\/li>\n<li>Juan  Luis Guijarro garcia (vocal)<\/li>\n<li>j. a. Gonz\u00e1lez gonz\u00e1lez (vocal)<\/li>\n<\/ul>\n<\/li>\n<\/ul>\n<p>&nbsp;<\/p>\n","protected":false},"excerpt":{"rendered":"<p>Tesis doctoral de Bel\u00e9n Gonz\u00e1lez Glar\u00eda La demencia representa un problema creciente de salud p\u00fablica debido fundamentalmente al cambio de [&hellip;]<\/p>\n","protected":false},"author":1,"featured_media":0,"comment_status":"open","ping_status":"open","sticky":false,"template":"","format":"standard","meta":{"site-sidebar-layout":"default","site-content-layout":"","ast-site-content-layout":"","site-content-style":"default","site-sidebar-style":"default","ast-global-header-display":"","ast-banner-title-visibility":"","ast-main-header-display":"","ast-hfb-above-header-display":"","ast-hfb-below-header-display":"","ast-hfb-mobile-header-display":"","site-post-title":"","ast-breadcrumbs-content":"","ast-featured-img":"","footer-sml-layout":"","theme-transparent-header-meta":"","adv-header-id-meta":"","stick-header-meta":"","header-above-stick-meta":"","header-main-stick-meta":"","header-below-stick-meta":"","astra-migrate-meta-layouts":"default","ast-page-background-enabled":"default","ast-page-background-meta":{"desktop":{"background-color":"var(--ast-global-color-4)","background-image":"","background-repeat":"repeat","background-position":"center center","background-size":"auto","background-attachment":"scroll","background-type":"","background-media":"","overlay-type":"","overlay-color":"","overlay-gradient":""},"tablet":{"background-color":"","background-image":"","background-repeat":"repeat","background-position":"center center","background-size":"auto","background-attachment":"scroll","background-type":"","background-media":"","overlay-type":"","overlay-color":"","overlay-gradient":""},"mobile":{"background-color":"","background-image":"","background-repeat":"repeat","background-position":"center center","background-size":"auto","background-attachment":"scroll","background-type":"","background-media":"","overlay-type":"","overlay-color":"","overlay-gradient":""}},"ast-content-background-meta":{"desktop":{"background-color":"var(--ast-global-color-5)","background-image":"","background-repeat":"repeat","background-position":"center center","background-size":"auto","background-attachment":"scroll","background-type":"","background-media":"","overlay-type":"","overlay-color":"","overlay-gradient":""},"tablet":{"background-color":"var(--ast-global-color-5)","background-image":"","background-repeat":"repeat","background-position":"center center","background-size":"auto","background-attachment":"scroll","background-type":"","background-media":"","overlay-type":"","overlay-color":"","overlay-gradient":""},"mobile":{"background-color":"var(--ast-global-color-5)","background-image":"","background-repeat":"repeat","background-position":"center center","background-size":"auto","background-attachment":"scroll","background-type":"","background-media":"","overlay-type":"","overlay-color":"","overlay-gradient":""}},"footnotes":""},"categories":[1],"tags":[140696,140697,140699,22803,464,140698],"class_list":["post-63722","post","type-post","status-publish","format-standard","hentry","category-sin-categoria","tag-belen-gonzalez-glaria","tag-c-martin-manzanares","tag-j-a-gonzalez-gonzalez","tag-jose-manuel-ribera-casado","tag-juan-jose-lopez-ibor-alino","tag-juan-luis-guijarro-garcia"],"_links":{"self":[{"href":"https:\/\/www.deberes.net\/tesis\/wp-json\/wp\/v2\/posts\/63722","targetHints":{"allow":["GET"]}}],"collection":[{"href":"https:\/\/www.deberes.net\/tesis\/wp-json\/wp\/v2\/posts"}],"about":[{"href":"https:\/\/www.deberes.net\/tesis\/wp-json\/wp\/v2\/types\/post"}],"author":[{"embeddable":true,"href":"https:\/\/www.deberes.net\/tesis\/wp-json\/wp\/v2\/users\/1"}],"replies":[{"embeddable":true,"href":"https:\/\/www.deberes.net\/tesis\/wp-json\/wp\/v2\/comments?post=63722"}],"version-history":[{"count":0,"href":"https:\/\/www.deberes.net\/tesis\/wp-json\/wp\/v2\/posts\/63722\/revisions"}],"wp:attachment":[{"href":"https:\/\/www.deberes.net\/tesis\/wp-json\/wp\/v2\/media?parent=63722"}],"wp:term":[{"taxonomy":"category","embeddable":true,"href":"https:\/\/www.deberes.net\/tesis\/wp-json\/wp\/v2\/categories?post=63722"},{"taxonomy":"post_tag","embeddable":true,"href":"https:\/\/www.deberes.net\/tesis\/wp-json\/wp\/v2\/tags?post=63722"}],"curies":[{"name":"wp","href":"https:\/\/api.w.org\/{rel}","templated":true}]}}