{"id":63759,"date":"2008-03-04T00:00:00","date_gmt":"2008-03-04T00:00:00","guid":{"rendered":"https:\/\/www.deberes.net\/tesis\/sin-categoria\/optimizacion-de-estrategias-de-empresas-del-sector-energetico-ante-el-cambio-climatico\/"},"modified":"2008-03-04T00:00:00","modified_gmt":"2008-03-04T00:00:00","slug":"optimizacion-de-estrategias-de-empresas-del-sector-energetico-ante-el-cambio-climatico","status":"publish","type":"post","link":"https:\/\/www.deberes.net\/tesis\/historia-antigua\/optimizacion-de-estrategias-de-empresas-del-sector-energetico-ante-el-cambio-climatico\/","title":{"rendered":"Optimizaci\u00f3n de estrategias de empresas del sector energ\u00e9tico ante el cambio clim\u00e1tico"},"content":{"rendered":"<h2>Tesis doctoral de <strong> Ignacio Bachiller M\u00e9ndez <\/strong><\/h2>\n<p>El objetivo de esta tesis es optimizar la estrategia del portafolio de derechos de emisi\u00f3n de una empresa del sector energ\u00e9tico europeo para lograr el cumplimiento del compromiso adquirido en virtud del protocolo de kioto. Para la optimizaci\u00f3n de dicha estrategia, un elemento clave es la evaluaci\u00f3n de la capacidad de la empresa para generar reducciones de emisiones certificadas (cers, certified emission reductions) procedentes de proyectos internos de mdl (mecanismo de desarrollo limpio) a un precio competitivo con los de los dem\u00e1s instrumentos de los marcados de carbono. Esta evaluaci\u00f3n se efect\u00faa mediante la curva de costes marginales de la cartera de oportunidades de mdl de la empresa; su construcci\u00f3n requiere desarrollar un modelo de an\u00e1lisis econ\u00f3mico que, incorporando los costes de transacci\u00f3n del proceos del mdl y superponiendo \u00e9stos a los flujos de caja naturales de los proyectos de inversi\u00f3n, sea aplicable a carteras de oportunidades de inversi\u00f3n en proyectos de reducci\u00f3n de emisiones.<\/p>\n<p>&nbsp;<\/p>\n<h3>Datos acad\u00e9micos de la tesis doctoral \u00ab<strong>Optimizaci\u00f3n de estrategias de empresas del sector energ\u00e9tico ante el cambio clim\u00e1tico<\/strong>\u00ab<\/h3>\n<ul>\n<li><strong>T\u00edtulo de la tesis:<\/strong>\u00a0 Optimizaci\u00f3n de estrategias de empresas del sector energ\u00e9tico ante el cambio clim\u00e1tico <\/li>\n<li><strong>Autor:<\/strong>\u00a0 Ignacio Bachiller M\u00e9ndez <\/li>\n<li><strong>Universidad:<\/strong>\u00a0 Polit\u00e9cnica de Madrid<\/li>\n<li><strong>Fecha de lectura de la tesis:<\/strong>\u00a0 03\/04\/2008<\/li>\n<\/ul>\n<p>&nbsp;<\/p>\n<h3>Direcci\u00f3n y tribunal<\/h3>\n<ul>\n<li><strong>Director de la tesis<\/strong>\n<ul>\n<li>cavada Labat Fern\u00e1ndez<\/li>\n<\/ul>\n<\/li>\n<li><strong>Tribunal<\/strong>\n<ul>\n<li>Presidente del tribunal: fernando Garc\u00eda robredo <\/li>\n<li>arturo Romero salvador (vocal)<\/li>\n<li>Miguel angel Galan serrano (vocal)<\/li>\n<li>sigfredo Francisco Ortu\u00f1o p\u00e9rez (vocal)<\/li>\n<\/ul>\n<\/li>\n<\/ul>\n<p>&nbsp;<\/p>\n","protected":false},"excerpt":{"rendered":"<p>Tesis doctoral de Ignacio Bachiller M\u00e9ndez El objetivo de esta tesis es optimizar la estrategia del portafolio de derechos de [&hellip;]<\/p>\n","protected":false},"author":1,"featured_media":0,"comment_status":"open","ping_status":"open","sticky":false,"template":"","format":"standard","meta":{"site-sidebar-layout":"default","site-content-layout":"","ast-site-content-layout":"","site-content-style":"default","site-sidebar-style":"default","ast-global-header-display":"","ast-banner-title-visibility":"","ast-main-header-display":"","ast-hfb-above-header-display":"","ast-hfb-below-header-display":"","ast-hfb-mobile-header-display":"","site-post-title":"","ast-breadcrumbs-content":"","ast-featured-img":"","footer-sml-layout":"","theme-transparent-header-meta":"","adv-header-id-meta":"","stick-header-meta":"","header-above-stick-meta":"","header-main-stick-meta":"","header-below-stick-meta":"","astra-migrate-meta-layouts":"default","ast-page-background-enabled":"default","ast-page-background-meta":{"desktop":{"background-color":"var(--ast-global-color-4)","background-image":"","background-repeat":"repeat","background-position":"center center","background-size":"auto","background-attachment":"scroll","background-type":"","background-media":"","overlay-type":"","overlay-color":"","overlay-gradient":""},"tablet":{"background-color":"","background-image":"","background-repeat":"repeat","background-position":"center center","background-size":"auto","background-attachment":"scroll","background-type":"","background-media":"","overlay-type":"","overlay-color":"","overlay-gradient":""},"mobile":{"background-color":"","background-image":"","background-repeat":"repeat","background-position":"center center","background-size":"auto","background-attachment":"scroll","background-type":"","background-media":"","overlay-type":"","overlay-color":"","overlay-gradient":""}},"ast-content-background-meta":{"desktop":{"background-color":"var(--ast-global-color-5)","background-image":"","background-repeat":"repeat","background-position":"center center","background-size":"auto","background-attachment":"scroll","background-type":"","background-media":"","overlay-type":"","overlay-color":"","overlay-gradient":""},"tablet":{"background-color":"var(--ast-global-color-5)","background-image":"","background-repeat":"repeat","background-position":"center center","background-size":"auto","background-attachment":"scroll","background-type":"","background-media":"","overlay-type":"","overlay-color":"","overlay-gradient":""},"mobile":{"background-color":"var(--ast-global-color-5)","background-image":"","background-repeat":"repeat","background-position":"center center","background-size":"auto","background-attachment":"scroll","background-type":"","background-media":"","overlay-type":"","overlay-color":"","overlay-gradient":""}},"footnotes":""},"categories":[20341,11675,569,16008,4677],"tags":[6550,140777,64883,140776,2667,16456],"class_list":["post-63759","post","type-post","status-publish","format-standard","hentry","category-cambio-climatico","category-control-de-la-contaminacion-atmosferica","category-historia-antigua","category-politecnica-de-madrid","category-sector-de-finanzas-y-seguros","tag-arturo-romero-salvador","tag-cavada-labat-fernandez","tag-fernando-garcia-robredo","tag-ignacio-bachiller-mendez","tag-miguel-angel-galan-serrano","tag-sigfredo-francisco-ortuno-perez"],"_links":{"self":[{"href":"https:\/\/www.deberes.net\/tesis\/wp-json\/wp\/v2\/posts\/63759","targetHints":{"allow":["GET"]}}],"collection":[{"href":"https:\/\/www.deberes.net\/tesis\/wp-json\/wp\/v2\/posts"}],"about":[{"href":"https:\/\/www.deberes.net\/tesis\/wp-json\/wp\/v2\/types\/post"}],"author":[{"embeddable":true,"href":"https:\/\/www.deberes.net\/tesis\/wp-json\/wp\/v2\/users\/1"}],"replies":[{"embeddable":true,"href":"https:\/\/www.deberes.net\/tesis\/wp-json\/wp\/v2\/comments?post=63759"}],"version-history":[{"count":0,"href":"https:\/\/www.deberes.net\/tesis\/wp-json\/wp\/v2\/posts\/63759\/revisions"}],"wp:attachment":[{"href":"https:\/\/www.deberes.net\/tesis\/wp-json\/wp\/v2\/media?parent=63759"}],"wp:term":[{"taxonomy":"category","embeddable":true,"href":"https:\/\/www.deberes.net\/tesis\/wp-json\/wp\/v2\/categories?post=63759"},{"taxonomy":"post_tag","embeddable":true,"href":"https:\/\/www.deberes.net\/tesis\/wp-json\/wp\/v2\/tags?post=63759"}],"curies":[{"name":"wp","href":"https:\/\/api.w.org\/{rel}","templated":true}]}}