{"id":63804,"date":"2008-04-04T00:00:00","date_gmt":"2008-04-04T00:00:00","guid":{"rendered":"https:\/\/www.deberes.net\/tesis\/sin-categoria\/diferencies-fonologiques-entre-diversos-estils-de-parla-al-catala-central\/"},"modified":"2008-04-04T00:00:00","modified_gmt":"2008-04-04T00:00:00","slug":"diferencies-fonologiques-entre-diversos-estils-de-parla-al-catala-central","status":"publish","type":"post","link":"https:\/\/www.deberes.net\/tesis\/linguistica-sincronica\/diferencies-fonologiques-entre-diversos-estils-de-parla-al-catala-central\/","title":{"rendered":"Diferencies fonologiques entre diversos estils de parla al catala central"},"content":{"rendered":"<h2>Tesis doctoral de <strong> Elisenda Campmany Jane <\/strong><\/h2>\n<p>La tesis se centra en el estudio de la variaci\u00f3n estil\u00edstica que se detecta en el comportamiento de los segmentos voc\u00e1licos en dos \u00e1mbitos concretos de la fonolog\u00eda catalana: los contactos voc\u00e1licos entre palabras y los pronombres cl\u00edticos. Estos dos temas, que a priori podr\u00edan parecer muy distintos entre s\u00ed, presentan mucos puntos en com\u00fan: est\u00e1n sujetos a una fuerte variaci\u00f3n ling\u00ed\u00bc\u00edstica, que se acent\u00faa cuando se producen cambios en el estilo de habla, y esta variaci\u00f3n siempre implica la presencia\/ausencia de segmentos voc\u00e1licos. Por lo tanto, los dos temas son complementarios y permiten investigar el comportamiento de las vocales en diferentes contextos, y c\u00f3mo se altera este comportamiento cuando se producen cambios estil\u00edsticos. La variedad dialectal en la que se centra la investigaci\u00f3n no es el catal\u00e1n est\u00e1ndar, sino el denominado catal\u00e1n central septentrional, hablado en la provincia de girona. la tesis persigue cuatro objetivos b\u00e1sicos. el primero consiste en elaborar una descripci\u00f3n exhaustiva de las resoluciones de los contactos voc\u00e1licos entre palabras, por un lado, y de las realizaciones de los pronombres cl\u00edticos, por otro lado. Esta descripci\u00f3n pone de relieve la variaci\u00f3n estil\u00edstica a la que est\u00e1n sujetas las realizaciones voc\u00e1licas. el segundo objetivo consiste en comprobar si la variaci\u00f3n que se detecta en algunos de los fen\u00f3menos fonol\u00f3gicos descritos es consecuencia de un factor externo: la expansi\u00f3n de la variedad est\u00e1ndar, considerada habitualmente m\u00e1s prestigiosa por los hablantes. el tercer objetivo consiste en determinar cu\u00e1les son los factores ling\u00ed\u00bc\u00edsticos que condicionan los casos de variaci\u00f3n descritos, y luego proporcionar un an\u00e1lisis formal de los mismos. As\u00ed pues, no se trata de limitarse a la mera descripci\u00f3n de los fen\u00f3menos, sino que tambi\u00e9n se ofrece explicaciones de tipo formal a trav\u00e9s de un determinado marco te\u00f3rico. El marco escogido es la teor\u00eda de la optimidad (optimalilty theory, en ingl\u00e9s; prince y smolensky 1993, mccarthy y prince 1993, entre otros), y dentro de \u00e9sta, se utilizan algunos de los mecanismos m\u00e1s recientes de an\u00e1lisis de la variaci\u00f3n, como el modelo de las restricciones flotantes (floating constrainst model, en ingl\u00e9s; reynolds 1994, nagy y reynolds 1997). Finalmente, el cuarto objetivo consiste en comparar los an\u00e1lisis formales de los contactos voc\u00e1licos y de las realizaciones de los cl\u00edticos pronominales para establecer similitudes y diferencias. En esta comparaci\u00f3n final se valora la utilidad de los mecanismos formales de tratamiento de la variaci\u00f3n que se han incorporado en el an\u00e1lisis.<\/p>\n<p>&nbsp;<\/p>\n<h3>Datos acad\u00e9micos de la tesis doctoral \u00ab<strong>Diferencies fonologiques entre diversos estils de parla al catala central<\/strong>\u00ab<\/h3>\n<ul>\n<li><strong>T\u00edtulo de la tesis:<\/strong>\u00a0 Diferencies fonologiques entre diversos estils de parla al catala central <\/li>\n<li><strong>Autor:<\/strong>\u00a0 Elisenda Campmany Jane <\/li>\n<li><strong>Universidad:<\/strong>\u00a0 Barcelona<\/li>\n<li><strong>Fecha de lectura de la tesis:<\/strong>\u00a0 04\/04\/2008<\/li>\n<\/ul>\n<p>&nbsp;<\/p>\n<h3>Direcci\u00f3n y tribunal<\/h3>\n<ul>\n<li><strong>Director de la tesis<\/strong>\n<ul>\n<li>Mar\u00eda  Rosa Lloret Roma\u00f1ach<\/li>\n<\/ul>\n<\/li>\n<li><strong>Tribunal<\/strong>\n<ul>\n<li>Presidente del tribunal: joaquim Viaplana lleonart <\/li>\n<li>Jes\u00fas Jim\u00e9nez  mart\u00ednez (vocal)<\/li>\n<li>eul\u00ed\u00a0lia Bonet alsina (vocal)<\/li>\n<li>esteve Clua julve (vocal)<\/li>\n<\/ul>\n<\/li>\n<\/ul>\n<p>&nbsp;<\/p>\n","protected":false},"excerpt":{"rendered":"<p>Tesis doctoral de Elisenda Campmany Jane La tesis se centra en el estudio de la variaci\u00f3n estil\u00edstica que se detecta [&hellip;]<\/p>\n","protected":false},"author":1,"featured_media":0,"comment_status":"open","ping_status":"open","sticky":false,"template":"","format":"standard","meta":{"site-sidebar-layout":"default","site-content-layout":"","ast-site-content-layout":"","site-content-style":"default","site-sidebar-style":"default","ast-global-header-display":"","ast-banner-title-visibility":"","ast-main-header-display":"","ast-hfb-above-header-display":"","ast-hfb-below-header-display":"","ast-hfb-mobile-header-display":"","site-post-title":"","ast-breadcrumbs-content":"","ast-featured-img":"","footer-sml-layout":"","theme-transparent-header-meta":"","adv-header-id-meta":"","stick-header-meta":"","header-above-stick-meta":"","header-main-stick-meta":"","header-below-stick-meta":"","astra-migrate-meta-layouts":"default","ast-page-background-enabled":"default","ast-page-background-meta":{"desktop":{"background-color":"var(--ast-global-color-4)","background-image":"","background-repeat":"repeat","background-position":"center center","background-size":"auto","background-attachment":"scroll","background-type":"","background-media":"","overlay-type":"","overlay-color":"","overlay-gradient":""},"tablet":{"background-color":"","background-image":"","background-repeat":"repeat","background-position":"center center","background-size":"auto","background-attachment":"scroll","background-type":"","background-media":"","overlay-type":"","overlay-color":"","overlay-gradient":""},"mobile":{"background-color":"","background-image":"","background-repeat":"repeat","background-position":"center center","background-size":"auto","background-attachment":"scroll","background-type":"","background-media":"","overlay-type":"","overlay-color":"","overlay-gradient":""}},"ast-content-background-meta":{"desktop":{"background-color":"var(--ast-global-color-5)","background-image":"","background-repeat":"repeat","background-position":"center center","background-size":"auto","background-attachment":"scroll","background-type":"","background-media":"","overlay-type":"","overlay-color":"","overlay-gradient":""},"tablet":{"background-color":"var(--ast-global-color-5)","background-image":"","background-repeat":"repeat","background-position":"center center","background-size":"auto","background-attachment":"scroll","background-type":"","background-media":"","overlay-type":"","overlay-color":"","overlay-gradient":""},"mobile":{"background-color":"var(--ast-global-color-5)","background-image":"","background-repeat":"repeat","background-position":"center center","background-size":"auto","background-attachment":"scroll","background-type":"","background-media":"","overlay-type":"","overlay-color":"","overlay-gradient":""}},"footnotes":""},"categories":[951,424,62,3016],"tags":[140861,140864,101147,140863,475,140862],"class_list":["post-63804","post","type-post","status-publish","format-standard","hentry","category-barcelona","category-fonologia","category-linguistica-sincronica","category-teoria-linguistica","tag-elisenda-campmany-jane","tag-esteve-clua-julve","tag-euli-lia-bonet-alsina","tag-jesus-jimenez-Martinez","tag-joaquim-viaplana-lleonart","tag-maria-rosa-lloret-romanach"],"_links":{"self":[{"href":"https:\/\/www.deberes.net\/tesis\/wp-json\/wp\/v2\/posts\/63804","targetHints":{"allow":["GET"]}}],"collection":[{"href":"https:\/\/www.deberes.net\/tesis\/wp-json\/wp\/v2\/posts"}],"about":[{"href":"https:\/\/www.deberes.net\/tesis\/wp-json\/wp\/v2\/types\/post"}],"author":[{"embeddable":true,"href":"https:\/\/www.deberes.net\/tesis\/wp-json\/wp\/v2\/users\/1"}],"replies":[{"embeddable":true,"href":"https:\/\/www.deberes.net\/tesis\/wp-json\/wp\/v2\/comments?post=63804"}],"version-history":[{"count":0,"href":"https:\/\/www.deberes.net\/tesis\/wp-json\/wp\/v2\/posts\/63804\/revisions"}],"wp:attachment":[{"href":"https:\/\/www.deberes.net\/tesis\/wp-json\/wp\/v2\/media?parent=63804"}],"wp:term":[{"taxonomy":"category","embeddable":true,"href":"https:\/\/www.deberes.net\/tesis\/wp-json\/wp\/v2\/categories?post=63804"},{"taxonomy":"post_tag","embeddable":true,"href":"https:\/\/www.deberes.net\/tesis\/wp-json\/wp\/v2\/tags?post=63804"}],"curies":[{"name":"wp","href":"https:\/\/api.w.org\/{rel}","templated":true}]}}