{"id":63825,"date":"2008-05-04T00:00:00","date_gmt":"2008-05-04T00:00:00","guid":{"rendered":"https:\/\/www.deberes.net\/tesis\/sin-categoria\/estudio-de-las-neurotrofinas-nt-3-y-bdnf-mielinizacion-y-diferenciacion-macroglial-durante-la-ontogenia-y-la-regeneracion-de-la-via-optica-de-gallotia-galloti\/"},"modified":"2008-05-04T00:00:00","modified_gmt":"2008-05-04T00:00:00","slug":"estudio-de-las-neurotrofinas-nt-3-y-bdnf-mielinizacion-y-diferenciacion-macroglial-durante-la-ontogenia-y-la-regeneracion-de-la-via-optica-de-gallotia-galloti","status":"publish","type":"post","link":"https:\/\/www.deberes.net\/tesis\/zoologia\/estudio-de-las-neurotrofinas-nt-3-y-bdnf-mielinizacion-y-diferenciacion-macroglial-durante-la-ontogenia-y-la-regeneracion-de-la-via-optica-de-gallotia-galloti\/","title":{"rendered":"Estudio de las neurotrofinas nt-3 y bdnf, mielinizaci\u00f3n y diferenciaci\u00f3n macroglial durante la ontogenia y la regeneraci\u00f3n de la via optica de gallotia galloti"},"content":{"rendered":"<h2>Tesis doctoral de <strong> Elena Santos Gutierrez <\/strong><\/h2>\n<p>La via optica del lagarto gallotia galloti regenera tras axotomia del nervio optico. Las neurotrofinas son factores troficos que intervienen en el desarrollo y supervivencia neuronal y aun no han sido estudiadas en reptiles. El presente estudio establece su expresion durante la ontogenia y la regeneracion de la via, relacionando cambios de expresion con la regeneracion, y la posible recapitulacion del modelo de l desarrollo tras la lesion. Tambien hemos estimado la perdida de celulas ganglionares retinales tras la axotomia. Por ultimo hemos estudiado la diferenciacion de las celulas macrogliales comparativamente con el resto del snc de esta especie y la via optica de otras especies.<\/p>\n<p>&nbsp;<\/p>\n<h3>Datos acad\u00e9micos de la tesis doctoral \u00ab<strong>Estudio de las neurotrofinas nt-3 y bdnf, mielinizaci\u00f3n y diferenciaci\u00f3n macroglial durante la ontogenia y la regeneraci\u00f3n de la via optica de gallotia galloti<\/strong>\u00ab<\/h3>\n<ul>\n<li><strong>T\u00edtulo de la tesis:<\/strong>\u00a0 Estudio de las neurotrofinas nt-3 y bdnf, mielinizaci\u00f3n y diferenciaci\u00f3n macroglial durante la ontogenia y la regeneraci\u00f3n de la via optica de gallotia galloti <\/li>\n<li><strong>Autor:<\/strong>\u00a0 Elena Santos Gutierrez <\/li>\n<li><strong>Universidad:<\/strong>\u00a0 La laguna<\/li>\n<li><strong>Fecha de lectura de la tesis:<\/strong>\u00a0 05\/04\/2008<\/li>\n<\/ul>\n<p>&nbsp;<\/p>\n<h3>Direcci\u00f3n y tribunal<\/h3>\n<ul>\n<li><strong>Director de la tesis<\/strong>\n<ul>\n<li> Yanes Mendez Carmen Magda<\/li>\n<\/ul>\n<\/li>\n<li><strong>Tribunal<\/strong>\n<ul>\n<li>Presidente del tribunal: manuel Nieto sampedro <\/li>\n<li>inmaculada Morales fari\u00f1a (vocal)<\/li>\n<li>aixa celina Rodr\u00edguez bello (vocal)<\/li>\n<li>Jaime Renau piqueras (vocal)<\/li>\n<\/ul>\n<\/li>\n<\/ul>\n<p>&nbsp;<\/p>\n","protected":false},"excerpt":{"rendered":"<p>Tesis doctoral de Elena Santos Gutierrez La via optica del lagarto gallotia galloti regenera tras axotomia del nervio optico. Las [&hellip;]<\/p>\n","protected":false},"author":1,"featured_media":0,"comment_status":"open","ping_status":"open","sticky":false,"template":"","format":"standard","meta":{"site-sidebar-layout":"default","site-content-layout":"","ast-site-content-layout":"","site-content-style":"default","site-sidebar-style":"default","ast-global-header-display":"","ast-banner-title-visibility":"","ast-main-header-display":"","ast-hfb-above-header-display":"","ast-hfb-below-header-display":"","ast-hfb-mobile-header-display":"","site-post-title":"","ast-breadcrumbs-content":"","ast-featured-img":"","footer-sml-layout":"","theme-transparent-header-meta":"","adv-header-id-meta":"","stick-header-meta":"","header-above-stick-meta":"","header-main-stick-meta":"","header-below-stick-meta":"","astra-migrate-meta-layouts":"default","ast-page-background-enabled":"default","ast-page-background-meta":{"desktop":{"background-color":"var(--ast-global-color-4)","background-image":"","background-repeat":"repeat","background-position":"center center","background-size":"auto","background-attachment":"scroll","background-type":"","background-media":"","overlay-type":"","overlay-color":"","overlay-gradient":""},"tablet":{"background-color":"","background-image":"","background-repeat":"repeat","background-position":"center center","background-size":"auto","background-attachment":"scroll","background-type":"","background-media":"","overlay-type":"","overlay-color":"","overlay-gradient":""},"mobile":{"background-color":"","background-image":"","background-repeat":"repeat","background-position":"center center","background-size":"auto","background-attachment":"scroll","background-type":"","background-media":"","overlay-type":"","overlay-color":"","overlay-gradient":""}},"ast-content-background-meta":{"desktop":{"background-color":"var(--ast-global-color-5)","background-image":"","background-repeat":"repeat","background-position":"center center","background-size":"auto","background-attachment":"scroll","background-type":"","background-media":"","overlay-type":"","overlay-color":"","overlay-gradient":""},"tablet":{"background-color":"var(--ast-global-color-5)","background-image":"","background-repeat":"repeat","background-position":"center center","background-size":"auto","background-attachment":"scroll","background-type":"","background-media":"","overlay-type":"","overlay-color":"","overlay-gradient":""},"mobile":{"background-color":"var(--ast-global-color-5)","background-image":"","background-repeat":"repeat","background-position":"center center","background-size":"auto","background-attachment":"scroll","background-type":"","background-media":"","overlay-type":"","overlay-color":"","overlay-gradient":""}},"footnotes":""},"categories":[9915,226],"tags":[55899,140902,72584,19177,13725,140903],"class_list":["post-63825","post","type-post","status-publish","format-standard","hentry","category-la-laguna","category-zoologia","tag-aixa-celina-rodriguez-bello","tag-elena-santos-gutierrez","tag-inmaculada-morales-farina","tag-jaime-renau-piqueras","tag-manuel-nieto-sampedro","tag-yanes-mendez-carmen-magda"],"_links":{"self":[{"href":"https:\/\/www.deberes.net\/tesis\/wp-json\/wp\/v2\/posts\/63825","targetHints":{"allow":["GET"]}}],"collection":[{"href":"https:\/\/www.deberes.net\/tesis\/wp-json\/wp\/v2\/posts"}],"about":[{"href":"https:\/\/www.deberes.net\/tesis\/wp-json\/wp\/v2\/types\/post"}],"author":[{"embeddable":true,"href":"https:\/\/www.deberes.net\/tesis\/wp-json\/wp\/v2\/users\/1"}],"replies":[{"embeddable":true,"href":"https:\/\/www.deberes.net\/tesis\/wp-json\/wp\/v2\/comments?post=63825"}],"version-history":[{"count":0,"href":"https:\/\/www.deberes.net\/tesis\/wp-json\/wp\/v2\/posts\/63825\/revisions"}],"wp:attachment":[{"href":"https:\/\/www.deberes.net\/tesis\/wp-json\/wp\/v2\/media?parent=63825"}],"wp:term":[{"taxonomy":"category","embeddable":true,"href":"https:\/\/www.deberes.net\/tesis\/wp-json\/wp\/v2\/categories?post=63825"},{"taxonomy":"post_tag","embeddable":true,"href":"https:\/\/www.deberes.net\/tesis\/wp-json\/wp\/v2\/tags?post=63825"}],"curies":[{"name":"wp","href":"https:\/\/api.w.org\/{rel}","templated":true}]}}