{"id":63828,"date":"2008-07-04T00:00:00","date_gmt":"2008-07-04T00:00:00","guid":{"rendered":"https:\/\/www.deberes.net\/tesis\/sin-categoria\/la-vertiente-cualitativa-de-la-materialidad-en-auditoria-marco-teorico-y-estudio-empa%c2%adrico-para-el-caso-espanol\/"},"modified":"2008-07-04T00:00:00","modified_gmt":"2008-07-04T00:00:00","slug":"la-vertiente-cualitativa-de-la-materialidad-en-auditoria-marco-teorico-y-estudio-empa%c2%adrico-para-el-caso-espanol","status":"publish","type":"post","link":"https:\/\/www.deberes.net\/tesis\/contabilidad-economica\/la-vertiente-cualitativa-de-la-materialidad-en-auditoria-marco-teorico-y-estudio-empa%c2%adrico-para-el-caso-espanol\/","title":{"rendered":"La vertiente cualitativa de la materialidad en auditor\u00eda: marco te\u00f3rico y estudio emp\u00edrico para el caso espa\u00f1ol."},"content":{"rendered":"<h2>Tesis doctoral de <strong> Javier Montoya  Del Corte <\/strong><\/h2>\n<p>Esta tesis doctoral se desarrolla en relaci\u00f3n con el contexto de la actividad de auditor\u00eda de cuentas de principios del siglo xxi, caracterizado por una situaci\u00f3n de desconfianza en la funci\u00f3n atribuida a los auditores como garantes de la fiabilidad y transparencia de la informaci\u00f3n financiera publica por las empresas. Entre los diferentes elementos que contribuyen a esta situaci\u00f3n de crisis, la investigaci\u00f3n se centra en el estudio de la aplicaci\u00f3n de la materialiad (importancia relativa) por los auditores y, de forma espec\u00edfica, en el auge dado por la international federation of accountants (ifac) a la vertiente cualitativa del concepto y a su utilizaci\u00f3n efectiva en la etapa final de las auditor\u00edas. El objetivo principal es profundizar en el estudio de la materialidad en auditor\u00eda, para poner de relieve la importancia de su correcta aplicaci\u00f3n y, m\u00e1s concretamente, la trascendencia que tiene la adecuada y rigurosa consideraci\u00f3n de los factores cualitativos impl\u00edcitos al concepto. En el primer cap\u00edtulo, se analizan los fundamentos te\u00f3ricos y se pone de relieve la gran relevancia que la vertiente cualitativa de la materialiad adquiere dentro del nuevo marco normativo internacional (normas internacionales de auditor\u00eda 320 y 450). En el segundo cap\u00edtulo, se revisa la literatura emp\u00edrica previa, clasificando los factores cualitativos considerados, describiendo las metodolog\u00edas utilizadas y exponiendo los resultados obenidos, y se repasan otros estudios de inter\u00e9s para la investigaci\u00f3n. En el tercer cap\u00edtulo, se desarrolla un estudio emp\u00edrico dirigido a conocer c\u00f3mo el mayor protagonismo de la vertiente cualitativa de la materialidad en la nueva normativa internacional ser\u00e1 entendido y asumido por los auditores, y tambi\u00e9n por las empresas que reciben sus servicios, y cu\u00e1les son las consecuencias que en su opini\u00f3n podr\u00edan derivarse de su utilizaci\u00f3n efectiva en los trabajos de auditor\u00eda. Como conclusi\u00f3n final se establece que la utiliz<\/p>\n<p>&nbsp;<\/p>\n<h3>Datos acad\u00e9micos de la tesis doctoral \u00ab<strong>La vertiente cualitativa de la materialidad en auditor\u00eda: marco te\u00f3rico y estudio emp\u00edrico para el caso espa\u00f1ol.<\/strong>\u00ab<\/h3>\n<ul>\n<li><strong>T\u00edtulo de la tesis:<\/strong>\u00a0 La vertiente cualitativa de la materialidad en auditor\u00eda: marco te\u00f3rico y estudio emp\u00edrico para el caso espa\u00f1ol. <\/li>\n<li><strong>Autor:<\/strong>\u00a0 Javier Montoya  Del Corte <\/li>\n<li><strong>Universidad:<\/strong>\u00a0 Cantabria<\/li>\n<li><strong>Fecha de lectura de la tesis:<\/strong>\u00a0 07\/04\/2008<\/li>\n<\/ul>\n<p>&nbsp;<\/p>\n<h3>Direcci\u00f3n y tribunal<\/h3>\n<ul>\n<li><strong>Director de la tesis<\/strong>\n<ul>\n<li> Martinez Garcia Francisco Javier<\/li>\n<\/ul>\n<\/li>\n<li><strong>Tribunal<\/strong>\n<ul>\n<li>Presidente del tribunal: Antonio Lopez Diaz <\/li>\n<li>Mar\u00eda Antonia Garc\u00eda Benau (vocal)<\/li>\n<li>Emiliano Ruiz Barbadillo (vocal)<\/li>\n<li>Sonia Garcia Delgado (vocal)<\/li>\n<\/ul>\n<\/li>\n<\/ul>\n<p>&nbsp;<\/p>\n","protected":false},"excerpt":{"rendered":"<p>Tesis doctoral de Javier Montoya Del Corte Esta tesis doctoral se desarrolla en relaci\u00f3n con el contexto de la actividad [&hellip;]<\/p>\n","protected":false},"author":1,"featured_media":0,"comment_status":"open","ping_status":"open","sticky":false,"template":"","format":"standard","meta":{"site-sidebar-layout":"default","site-content-layout":"","ast-site-content-layout":"","site-content-style":"default","site-sidebar-style":"default","ast-global-header-display":"","ast-banner-title-visibility":"","ast-main-header-display":"","ast-hfb-above-header-display":"","ast-hfb-below-header-display":"","ast-hfb-mobile-header-display":"","site-post-title":"","ast-breadcrumbs-content":"","ast-featured-img":"","footer-sml-layout":"","theme-transparent-header-meta":"","adv-header-id-meta":"","stick-header-meta":"","header-above-stick-meta":"","header-main-stick-meta":"","header-below-stick-meta":"","astra-migrate-meta-layouts":"default","ast-page-background-enabled":"default","ast-page-background-meta":{"desktop":{"background-color":"var(--ast-global-color-4)","background-image":"","background-repeat":"repeat","background-position":"center center","background-size":"auto","background-attachment":"scroll","background-type":"","background-media":"","overlay-type":"","overlay-color":"","overlay-gradient":""},"tablet":{"background-color":"","background-image":"","background-repeat":"repeat","background-position":"center center","background-size":"auto","background-attachment":"scroll","background-type":"","background-media":"","overlay-type":"","overlay-color":"","overlay-gradient":""},"mobile":{"background-color":"","background-image":"","background-repeat":"repeat","background-position":"center center","background-size":"auto","background-attachment":"scroll","background-type":"","background-media":"","overlay-type":"","overlay-color":"","overlay-gradient":""}},"ast-content-background-meta":{"desktop":{"background-color":"var(--ast-global-color-5)","background-image":"","background-repeat":"repeat","background-position":"center center","background-size":"auto","background-attachment":"scroll","background-type":"","background-media":"","overlay-type":"","overlay-color":"","overlay-gradient":""},"tablet":{"background-color":"var(--ast-global-color-5)","background-image":"","background-repeat":"repeat","background-position":"center center","background-size":"auto","background-attachment":"scroll","background-type":"","background-media":"","overlay-type":"","overlay-color":"","overlay-gradient":""},"mobile":{"background-color":"var(--ast-global-color-5)","background-image":"","background-repeat":"repeat","background-position":"center center","background-size":"auto","background-attachment":"scroll","background-type":"","background-media":"","overlay-type":"","overlay-color":"","overlay-gradient":""}},"footnotes":""},"categories":[10518,1697],"tags":[8326,20675,140906,27436,23837,140907],"class_list":["post-63828","post","type-post","status-publish","format-standard","hentry","category-cantabria","category-contabilidad-economica","tag-antonio-lopez-diaz","tag-emiliano-ruiz-barbadillo","tag-javier-montoya-del-corte","tag-maria-antonia-garcia-benau","tag-Martinez-garcia-francisco-javier","tag-sonia-garcia-delgado"],"_links":{"self":[{"href":"https:\/\/www.deberes.net\/tesis\/wp-json\/wp\/v2\/posts\/63828","targetHints":{"allow":["GET"]}}],"collection":[{"href":"https:\/\/www.deberes.net\/tesis\/wp-json\/wp\/v2\/posts"}],"about":[{"href":"https:\/\/www.deberes.net\/tesis\/wp-json\/wp\/v2\/types\/post"}],"author":[{"embeddable":true,"href":"https:\/\/www.deberes.net\/tesis\/wp-json\/wp\/v2\/users\/1"}],"replies":[{"embeddable":true,"href":"https:\/\/www.deberes.net\/tesis\/wp-json\/wp\/v2\/comments?post=63828"}],"version-history":[{"count":0,"href":"https:\/\/www.deberes.net\/tesis\/wp-json\/wp\/v2\/posts\/63828\/revisions"}],"wp:attachment":[{"href":"https:\/\/www.deberes.net\/tesis\/wp-json\/wp\/v2\/media?parent=63828"}],"wp:term":[{"taxonomy":"category","embeddable":true,"href":"https:\/\/www.deberes.net\/tesis\/wp-json\/wp\/v2\/categories?post=63828"},{"taxonomy":"post_tag","embeddable":true,"href":"https:\/\/www.deberes.net\/tesis\/wp-json\/wp\/v2\/tags?post=63828"}],"curies":[{"name":"wp","href":"https:\/\/api.w.org\/{rel}","templated":true}]}}