{"id":63840,"date":"2008-07-04T00:00:00","date_gmt":"2008-07-04T00:00:00","guid":{"rendered":"https:\/\/www.deberes.net\/tesis\/sin-categoria\/los-valores-de-la-union-europea-del-tratado-de-roma-1957-al-tratado-de-lisboa-2007\/"},"modified":"2008-07-04T00:00:00","modified_gmt":"2008-07-04T00:00:00","slug":"los-valores-de-la-union-europea-del-tratado-de-roma-1957-al-tratado-de-lisboa-2007","status":"publish","type":"post","link":"https:\/\/www.deberes.net\/tesis\/derecho-internacional\/los-valores-de-la-union-europea-del-tratado-de-roma-1957-al-tratado-de-lisboa-2007\/","title":{"rendered":"Los valores de la uni\u00f3n europea: del tratado de roma (1957) al tratado de lisboa (2007)."},"content":{"rendered":"<h2>Tesis doctoral de <strong> Jos\u00e9 Ramon Garitagoitia Eguia <\/strong><\/h2>\n<p>La uni\u00f3n europea no es s\u00f3lo una asociaci\u00f3n de estados poderosos y econ\u00f3micamente integrados, sino un ente que dice tener a la persona en el centro de su actuaci\u00f3n, y cuya acci\u00f3n se orienta por unos valores fundamentales. Es esta una caracter\u00edstica que estaba impl\u00edcita en los inicios del proceso de integraci\u00f3n comunitaria, pero que de una manera progresiva -a medida que ha ido avanzando la transformaci\u00f3n de la naturaleza de la ue, desde un car\u00e1cter principalmente econ\u00f3mico hacia un perfil pol\u00edtico- ha ido cobrando un protagonismo institucional cada vez m\u00e1s expl\u00edcito. En un principio el protagonismo fue de los estados, y s\u00f3lo con el paso del tiempo se ha ido reconociendo de manera expl\u00edcita esa centralidad de la persona. En los \u00faltimos a\u00f1os ese proceso ha experimentado un impulso notable, hasta la decisiva incorporaci\u00f3n de los elementos \u00e9ticos al tratado por el que se establece una constituci\u00f3n para europa. Una vez que el texto fue abandonado, las disposiciones que conten\u00eda sobre la dimensi\u00f3n \u00e9tica de la ue han pasado a formar parte de su ordenamiento primario en virtud del tratado de lisboa (2007).  en lo que se refiere a su dimensi\u00f3n \u00e9tica, el tratado constitucional iba m\u00e1s all\u00e1 de los que le hab\u00edan precedido en la historia de la ue. No se trataba de un simple informe o documento elaborado por un comit\u00e9 de expertos, por iniciativa de alg\u00fan organismo e instituci\u00f3n europea. Era un documento elaborado por una convenci\u00f3n instituida a tal efecto (aunque sin instrucciones claras sobre el objetivo final de sus trabajos). Un texto que fue firmado por los jefes de estado y de gobierno de la ue, y ratificado por el parlamento europeo y varios parlamentos nacionales. El tratado de lisboa que le sucede en el tiempo recoge su dimensi\u00f3n fundamental. En consecuencia, las referencias a los valores que son el fundamento de europa tienen un gran valor simb\u00f3lico. refuerza la legitimidad pol\u00edtica y moral de una organizaci\u00f3n singular como es la uni\u00f3n europea.  desde el punto de vista de los valores que definen su modelo \u00e9tico, el ordenamiento primario de la ue se caracteriza por su universalismo. Se trata de valores que son comunes a los estados de derecho, y que han sido recogidos ten las tradiciones constitucionales comunes de los estados miembros. Sin dejar de reconocer el importante paso que supone la inclusi\u00f3n de los valores en el texto, la relaci\u00f3n del art\u00edculo 1-bis del tue (as\u00ed como los que refiere su pre\u00e1mbulo y la cdfue) corre el riesgo de ser poco operativa. La generalidad de su contenido puede ser un obst\u00e1culo para la eficacia jur\u00eddica. Lo muestra el hecho de que, en el procedimiento establecido para la admisi\u00f3n de nuevos estados miembros, da la impresi\u00f3n de que los valores han tenido un menor protagonismo del que cabr\u00eda esperar. De una manera especial en la \u00faltima ampliaci\u00f3n (2007). Si se tiene presente, y se aplica con coherencia, esa dimensi\u00f3n \u00e9tica de la ue puede contribuir a la identificaci\u00f3n de los ciudadanos y ciudadanas tanto con el proyecto como con las instituciones de la uni\u00f3n. Sin embargo, con demasiada frecuencia perciben que sus iniciativas dif\u00edcilmente pueden atravesar los filtros del sistema, que tiende a abarcarlo todo. Aunque implique la toma de medidas en el plano t\u00e9cnico-institucional, la soluci\u00f3n no s\u00f3lo consiste en un programa de acci\u00f3n. Se trata m\u00e1s bien de un nuevo modo de pensar. Un enfoque m\u00e1s acorde con las exigencias de la sociedad del conocimiento y con las percepciones de la sensibilidad moderna. Lleva a entender la condici\u00f3n de ciudadano no s\u00f3lo como alguien capaz de percibir bienes y servicios. Reclama la efectiva comparecencia de la persona, con todo el potencial de su dignidad, en la constricci\u00f3n de europa.  la ue proclama el respeto de los derechos humanos como uno de sus fundamentos. Si se consideran desde un punto de vista individual, quedan reducidos a un t\u00edtulo de reivindicaciones, ya sea frente a los dem\u00e1s o frente al entramado jur\u00eddico-institucional. pero el respeto de los derechos humanos supone tambi\u00e9n entender a cada hombre y a cada mujer como alguien esencialmente digno que, viviendo en un plano de igualdad a los otros, es un ser personal, consciente y libre. Y en esa condici\u00f3n es promotor nato del bien com\u00fan social. Entender as\u00ed la dignidad de la persona, y dar cauce efectivo a su expresi\u00f3n en la realidad social y pol\u00edtica de europa, constituye, a mi entender, el gran desaf\u00edo permanente para el proyecto europeo. Es un empe\u00f1o que conduce a destacar el valor humano de la libertad, tambi\u00e9n de la libertad pol\u00edtica, entendida como una exigencia moral indeclinable. Todo lo cual lleva a considerar la base \u00e9tica de la democracia.<\/p>\n<p>&nbsp;<\/p>\n<h3>Datos acad\u00e9micos de la tesis doctoral \u00ab<strong>Los valores de la uni\u00f3n europea: del tratado de roma (1957) al tratado de lisboa (2007).<\/strong>\u00ab<\/h3>\n<ul>\n<li><strong>T\u00edtulo de la tesis:<\/strong>\u00a0 Los valores de la uni\u00f3n europea: del tratado de roma (1957) al tratado de lisboa (2007). <\/li>\n<li><strong>Autor:<\/strong>\u00a0 Jos\u00e9 Ramon Garitagoitia Eguia <\/li>\n<li><strong>Universidad:<\/strong>\u00a0 Zaragoza<\/li>\n<li><strong>Fecha de lectura de la tesis:<\/strong>\u00a0 07\/04\/2008<\/li>\n<\/ul>\n<p>&nbsp;<\/p>\n<h3>Direcci\u00f3n y tribunal<\/h3>\n<ul>\n<li><strong>Director de la tesis<\/strong>\n<ul>\n<li>Angel Gregorio Chueca Sancho<\/li>\n<\/ul>\n<\/li>\n<li><strong>Tribunal<\/strong>\n<ul>\n<li>Presidente del tribunal: fernando Mari\u00f1o menendez <\/li>\n<li>joxerramon Bengoetxea caballero (vocal)<\/li>\n<li>Francisco Aldecoa luzarraga (vocal)<\/li>\n<li>Elena Zabalo escudero (vocal)<\/li>\n<\/ul>\n<\/li>\n<\/ul>\n<p>&nbsp;<\/p>\n","protected":false},"excerpt":{"rendered":"<p>Tesis doctoral de Jos\u00e9 Ramon Garitagoitia Eguia La uni\u00f3n europea no es s\u00f3lo una asociaci\u00f3n de estados poderosos y econ\u00f3micamente [&hellip;]<\/p>\n","protected":false},"author":1,"featured_media":0,"comment_status":"open","ping_status":"open","sticky":false,"template":"","format":"standard","meta":{"site-sidebar-layout":"default","site-content-layout":"","ast-site-content-layout":"","site-content-style":"default","site-sidebar-style":"default","ast-global-header-display":"","ast-banner-title-visibility":"","ast-main-header-display":"","ast-hfb-above-header-display":"","ast-hfb-below-header-display":"","ast-hfb-mobile-header-display":"","site-post-title":"","ast-breadcrumbs-content":"","ast-featured-img":"","footer-sml-layout":"","theme-transparent-header-meta":"","adv-header-id-meta":"","stick-header-meta":"","header-above-stick-meta":"","header-main-stick-meta":"","header-below-stick-meta":"","astra-migrate-meta-layouts":"default","ast-page-background-enabled":"default","ast-page-background-meta":{"desktop":{"background-color":"var(--ast-global-color-4)","background-image":"","background-repeat":"repeat","background-position":"center center","background-size":"auto","background-attachment":"scroll","background-type":"","background-media":"","overlay-type":"","overlay-color":"","overlay-gradient":""},"tablet":{"background-color":"","background-image":"","background-repeat":"repeat","background-position":"center center","background-size":"auto","background-attachment":"scroll","background-type":"","background-media":"","overlay-type":"","overlay-color":"","overlay-gradient":""},"mobile":{"background-color":"","background-image":"","background-repeat":"repeat","background-position":"center center","background-size":"auto","background-attachment":"scroll","background-type":"","background-media":"","overlay-type":"","overlay-color":"","overlay-gradient":""}},"ast-content-background-meta":{"desktop":{"background-color":"var(--ast-global-color-5)","background-image":"","background-repeat":"repeat","background-position":"center center","background-size":"auto","background-attachment":"scroll","background-type":"","background-media":"","overlay-type":"","overlay-color":"","overlay-gradient":""},"tablet":{"background-color":"var(--ast-global-color-5)","background-image":"","background-repeat":"repeat","background-position":"center center","background-size":"auto","background-attachment":"scroll","background-type":"","background-media":"","overlay-type":"","overlay-color":"","overlay-gradient":""},"mobile":{"background-color":"var(--ast-global-color-5)","background-image":"","background-repeat":"repeat","background-position":"center center","background-size":"auto","background-attachment":"scroll","background-type":"","background-media":"","overlay-type":"","overlay-color":"","overlay-gradient":""}},"footnotes":""},"categories":[1211,13610],"tags":[70460,28940,9015,4621,140928,140929],"class_list":["post-63840","post","type-post","status-publish","format-standard","hentry","category-derecho-internacional","category-zaragoza","tag-angel-gregorio-chueca-sancho","tag-elena-zabalo-escudero","tag-fernando-marino-menendez","tag-francisco-aldecoa-luzarraga","tag-jose-ramon-garitagoitia-eguia","tag-joxerramon-bengoetxea-caballero"],"_links":{"self":[{"href":"https:\/\/www.deberes.net\/tesis\/wp-json\/wp\/v2\/posts\/63840","targetHints":{"allow":["GET"]}}],"collection":[{"href":"https:\/\/www.deberes.net\/tesis\/wp-json\/wp\/v2\/posts"}],"about":[{"href":"https:\/\/www.deberes.net\/tesis\/wp-json\/wp\/v2\/types\/post"}],"author":[{"embeddable":true,"href":"https:\/\/www.deberes.net\/tesis\/wp-json\/wp\/v2\/users\/1"}],"replies":[{"embeddable":true,"href":"https:\/\/www.deberes.net\/tesis\/wp-json\/wp\/v2\/comments?post=63840"}],"version-history":[{"count":0,"href":"https:\/\/www.deberes.net\/tesis\/wp-json\/wp\/v2\/posts\/63840\/revisions"}],"wp:attachment":[{"href":"https:\/\/www.deberes.net\/tesis\/wp-json\/wp\/v2\/media?parent=63840"}],"wp:term":[{"taxonomy":"category","embeddable":true,"href":"https:\/\/www.deberes.net\/tesis\/wp-json\/wp\/v2\/categories?post=63840"},{"taxonomy":"post_tag","embeddable":true,"href":"https:\/\/www.deberes.net\/tesis\/wp-json\/wp\/v2\/tags?post=63840"}],"curies":[{"name":"wp","href":"https:\/\/api.w.org\/{rel}","templated":true}]}}