{"id":63859,"date":"2008-09-04T00:00:00","date_gmt":"2008-09-04T00:00:00","guid":{"rendered":"https:\/\/www.deberes.net\/tesis\/sin-categoria\/la-guerra-de-recuperacion-de-cataluna-1640-1652\/"},"modified":"2008-09-04T00:00:00","modified_gmt":"2008-09-04T00:00:00","slug":"la-guerra-de-recuperacion-de-cataluna-1640-1652","status":"publish","type":"post","link":"https:\/\/www.deberes.net\/tesis\/historia\/la-guerra-de-recuperacion-de-cataluna-1640-1652\/","title":{"rendered":"La guerra de recuperaci\u00f3n de catalu\u00f1a, 1640- 1652"},"content":{"rendered":"<h2>Tesis doctoral de <strong> Raquel Camarero Pascual <\/strong><\/h2>\n<p>El objeto central de esta tesis es el estudio y an\u00e1lisis de la guerra y el esfuerzo militar que llev\u00f3 a cabo la monarqu\u00eda hisp\u00e1nica entre 1640 y 1652 para recuperar catalu\u00f1a, guerra iniciada a ra\u00edz del proceso de secesi\u00f3n llevado a cabo por las instituciones pol\u00edticas catalanas durante la segunda mitad del a\u00f1o de 1640 y que culmin\u00f3 con la segregaci\u00f3n del principado de catalu\u00f1a de la monarqu\u00eda espa\u00f1ola y su incorporaci\u00f3n a la corona francesa en enero de 1641. dicho conflicto se ha abordado en todos sus aspectos: el significado y consecuencias de las manifestaciones b\u00e9licas m\u00e1s relevantes; la trayectoria de las directrices pol\u00edtico- militares de la monarqu\u00eda hisp\u00e1nica respecto de este conflicto y su relaci\u00f3n con los planteamientos globales de la pol\u00edtica general de la misma; la creaci\u00f3n o adaptaci\u00f3n, organizaci\u00f3n y funcionamiento de los diferentes componentes del aparato militar para la direcci\u00f3n y sostenimiento del conflicto; el esfuerzo realizado por la corona hisp\u00e1nica para mantener esta contienda, su evoluci\u00f3n a lo largo de los a\u00f1os, y los elementos, personas y territorios implicados, junto con los problemas que fueron surgiendo y las soluciones planteadas y practicadas para atajarlos, as\u00ed como sus resultados; la vivencia del conflicto en la retaguardia de la corte y en zaragoza, en los territorios afectados directamente por la presencia de las fuerzas espa\u00f1olas y por las hostilidades desarrolladas por ambos contendientes y, sobre todo, la vivencia de la guerra por parte de las propias tropas hisp\u00e1nicas que hubieron de luchar en el frente catal\u00e1n. en f\u00edn, se han analizado todas las cuestiones relativas a la guerra en su aspecto material y humano, es decir, todo lo referente al ej\u00e9rcito y los esfuerzos militares, pol\u00edticos y humanos que fueron empleados por la monarqu\u00eda de felipe iv durante el enfrentamiento, la organizaci\u00f3n y direcci\u00f3n de dicha guerra, as\u00ed como la faceta econ\u00f3mica, la financiaci\u00f3n de la contienda, cuesti<\/p>\n<p>&nbsp;<\/p>\n<h3>Datos acad\u00e9micos de la tesis doctoral \u00ab<strong>La guerra de recuperaci\u00f3n de catalu\u00f1a, 1640- 1652<\/strong>\u00ab<\/h3>\n<ul>\n<li><strong>T\u00edtulo de la tesis:<\/strong>\u00a0 La guerra de recuperaci\u00f3n de catalu\u00f1a, 1640- 1652 <\/li>\n<li><strong>Autor:<\/strong>\u00a0 Raquel Camarero Pascual <\/li>\n<li><strong>Universidad:<\/strong>\u00a0 Valladolid<\/li>\n<li><strong>Fecha de lectura de la tesis:<\/strong>\u00a0 09\/04\/2008<\/li>\n<\/ul>\n<p>&nbsp;<\/p>\n<h3>Direcci\u00f3n y tribunal<\/h3>\n<ul>\n<li><strong>Director de la tesis<\/strong>\n<ul>\n<li>Luis Antonio Ribot Garc\u00eda<\/li>\n<\/ul>\n<\/li>\n<li><strong>Tribunal<\/strong>\n<ul>\n<li>Presidente del tribunal: alberto Marcos mart\u00edn <\/li>\n<li>pere Molas ribalta (vocal)<\/li>\n<li>ricardo Garc\u00eda c\u00e1rcel (vocal)<\/li>\n<li>carmen Sanz ay\u00e1n (vocal)<\/li>\n<\/ul>\n<\/li>\n<\/ul>\n<p>&nbsp;<\/p>\n","protected":false},"excerpt":{"rendered":"<p>Tesis doctoral de Raquel Camarero Pascual El objeto central de esta tesis es el estudio y an\u00e1lisis de la guerra [&hellip;]<\/p>\n","protected":false},"author":1,"featured_media":0,"comment_status":"open","ping_status":"open","sticky":false,"template":"","format":"standard","meta":{"site-sidebar-layout":"default","site-content-layout":"","ast-site-content-layout":"","site-content-style":"default","site-sidebar-style":"default","ast-global-header-display":"","ast-banner-title-visibility":"","ast-main-header-display":"","ast-hfb-above-header-display":"","ast-hfb-below-header-display":"","ast-hfb-mobile-header-display":"","site-post-title":"","ast-breadcrumbs-content":"","ast-featured-img":"","footer-sml-layout":"","theme-transparent-header-meta":"","adv-header-id-meta":"","stick-header-meta":"","header-above-stick-meta":"","header-main-stick-meta":"","header-below-stick-meta":"","astra-migrate-meta-layouts":"default","ast-page-background-enabled":"default","ast-page-background-meta":{"desktop":{"background-color":"var(--ast-global-color-4)","background-image":"","background-repeat":"repeat","background-position":"center center","background-size":"auto","background-attachment":"scroll","background-type":"","background-media":"","overlay-type":"","overlay-color":"","overlay-gradient":""},"tablet":{"background-color":"","background-image":"","background-repeat":"repeat","background-position":"center center","background-size":"auto","background-attachment":"scroll","background-type":"","background-media":"","overlay-type":"","overlay-color":"","overlay-gradient":""},"mobile":{"background-color":"","background-image":"","background-repeat":"repeat","background-position":"center center","background-size":"auto","background-attachment":"scroll","background-type":"","background-media":"","overlay-type":"","overlay-color":"","overlay-gradient":""}},"ast-content-background-meta":{"desktop":{"background-color":"var(--ast-global-color-5)","background-image":"","background-repeat":"repeat","background-position":"center center","background-size":"auto","background-attachment":"scroll","background-type":"","background-media":"","overlay-type":"","overlay-color":"","overlay-gradient":""},"tablet":{"background-color":"var(--ast-global-color-5)","background-image":"","background-repeat":"repeat","background-position":"center center","background-size":"auto","background-attachment":"scroll","background-type":"","background-media":"","overlay-type":"","overlay-color":"","overlay-gradient":""},"mobile":{"background-color":"var(--ast-global-color-5)","background-image":"","background-repeat":"repeat","background-position":"center center","background-size":"auto","background-attachment":"scroll","background-type":"","background-media":"","overlay-type":"","overlay-color":"","overlay-gradient":""}},"footnotes":""},"categories":[104,413,222,12451],"tags":[12525,140964,5934,314,140963,13829],"class_list":["post-63859","post","type-post","status-publish","format-standard","hentry","category-historia","category-historia-de-la-guerra","category-historias-especializadas","category-valladolid","tag-alberto-marcos-martin","tag-carmen-sanz-ayan","tag-luis-antonio-ribot-garcia","tag-pere-molas-ribalta","tag-raquel-camarero-pascual","tag-ricardo-garcia-carcel"],"_links":{"self":[{"href":"https:\/\/www.deberes.net\/tesis\/wp-json\/wp\/v2\/posts\/63859","targetHints":{"allow":["GET"]}}],"collection":[{"href":"https:\/\/www.deberes.net\/tesis\/wp-json\/wp\/v2\/posts"}],"about":[{"href":"https:\/\/www.deberes.net\/tesis\/wp-json\/wp\/v2\/types\/post"}],"author":[{"embeddable":true,"href":"https:\/\/www.deberes.net\/tesis\/wp-json\/wp\/v2\/users\/1"}],"replies":[{"embeddable":true,"href":"https:\/\/www.deberes.net\/tesis\/wp-json\/wp\/v2\/comments?post=63859"}],"version-history":[{"count":0,"href":"https:\/\/www.deberes.net\/tesis\/wp-json\/wp\/v2\/posts\/63859\/revisions"}],"wp:attachment":[{"href":"https:\/\/www.deberes.net\/tesis\/wp-json\/wp\/v2\/media?parent=63859"}],"wp:term":[{"taxonomy":"category","embeddable":true,"href":"https:\/\/www.deberes.net\/tesis\/wp-json\/wp\/v2\/categories?post=63859"},{"taxonomy":"post_tag","embeddable":true,"href":"https:\/\/www.deberes.net\/tesis\/wp-json\/wp\/v2\/tags?post=63859"}],"curies":[{"name":"wp","href":"https:\/\/api.w.org\/{rel}","templated":true}]}}