{"id":63876,"date":"2008-10-04T00:00:00","date_gmt":"2008-10-04T00:00:00","guid":{"rendered":"https:\/\/www.deberes.net\/tesis\/sin-categoria\/una-propuesta-metodologica-para-la-gestion-del-conocimiento-centrada-en-los-procesos-claves-de-la-organizacion\/"},"modified":"2008-10-04T00:00:00","modified_gmt":"2008-10-04T00:00:00","slug":"una-propuesta-metodologica-para-la-gestion-del-conocimiento-centrada-en-los-procesos-claves-de-la-organizacion","status":"publish","type":"post","link":"https:\/\/www.deberes.net\/tesis\/inteligencia-artificial\/una-propuesta-metodologica-para-la-gestion-del-conocimiento-centrada-en-los-procesos-claves-de-la-organizacion\/","title":{"rendered":"Una propuesta metodol\u00f3gica para la gesti\u00f3n del conocimiento centrada en los procesos claves de la organizaci\u00f3n"},"content":{"rendered":"<h2>Tesis doctoral de <strong> Mario Barcelo Valenzuela <\/strong><\/h2>\n<p>La gesti\u00f3n de conocimiento requiere de una eficiente gesti\u00f3n de la informaci\u00f3n que impacte en los resultados que se deseen alcanzar. Un elemento estrat\u00e9gico para las organizaciones, es el desarrollo de sistemas que faciliten la gesti\u00f3n de conocimiento. algunas organizaciones aplican la gesti\u00f3n del conocimiento con el prop\u00f3sito de  obtener un mayor provecho de sus activos de conocimiento. En la literatura encontramos diversas metodolog\u00edas que se han desarrollado para realizar la gesti\u00f3n de conocimiento, es notorio que pocas metodolog\u00edas se apoyan en el paradigma de sistemas y no se percibe a la gesti\u00f3n de conocimiento como un metaproceso de la organizaci\u00f3n centrado en los procesos claves, aprovechando de manera mas eficiente los esfuerzos al llevar a cabo una iniciativa de gesti\u00f3n de conocimiento. En las metodolog\u00edas observamos que, se detecta y se trabaja con el conocimiento, pero no es clara la forma de c\u00f3mo es ese conocimiento, no se observa de manera expl\u00edcita como se mide la utilidad que se tuvo al recuperar ese conocimiento y por ende no es muy transparente la forma de c\u00f3mo lo podr\u00edan realizar. En general se lleva a cabo el proceso de gesti\u00f3n de conocimiento sobre toda la organizaci\u00f3n y esto es un inconveniente sobre todo para organizaciones con recursos limitados. podemos resumir el problema como el planteamiento de una metodolog\u00eda que considere los aspectos estrat\u00e9gicos de la organizaci\u00f3n para determinar los procesos claves mas apropiados de gestionar su conocimiento, tomando como base a la relaci\u00f3n entre las personas, los procesos y las tecnolog\u00edas, para aplicar y desarrollar las fases del proceso de gesti\u00f3n de conocimiento. Pensamos que es necesario determinar cuales son los procesos claves de la organizaci\u00f3n, para luego seleccionar, solo aquellos que tengan mayor conocimiento potencial de gestionar al desarrollar el proceso de gesti\u00f3n de conocimiento. Para ello, a partir del an\u00e1lisis de las metodolog\u00edas, del modelado empresa<\/p>\n<p>&nbsp;<\/p>\n<h3>Datos acad\u00e9micos de la tesis doctoral \u00ab<strong>Una propuesta metodol\u00f3gica para la gesti\u00f3n del conocimiento centrada en los procesos claves de la organizaci\u00f3n<\/strong>\u00ab<\/h3>\n<ul>\n<li><strong>T\u00edtulo de la tesis:<\/strong>\u00a0 Una propuesta metodol\u00f3gica para la gesti\u00f3n del conocimiento centrada en los procesos claves de la organizaci\u00f3n <\/li>\n<li><strong>Autor:<\/strong>\u00a0 Mario Barcelo Valenzuela <\/li>\n<li><strong>Universidad:<\/strong>\u00a0 Murcia<\/li>\n<li><strong>Fecha de lectura de la tesis:<\/strong>\u00a0 10\/04\/2008<\/li>\n<\/ul>\n<p>&nbsp;<\/p>\n<h3>Direcci\u00f3n y tribunal<\/h3>\n<ul>\n<li><strong>Director de la tesis<\/strong>\n<ul>\n<li>Fernando Martin Rubio<\/li>\n<\/ul>\n<\/li>\n<li><strong>Tribunal<\/strong>\n<ul>\n<li>Presidente del tribunal:  Hernandez Molinero Luis Daniel <\/li>\n<li>Abraham Rodriguez Rodriguez (vocal)<\/li>\n<li>Ram\u00f3n Rizo Aldeguer (vocal)<\/li>\n<li>Angel Luis Mero\u00f1o  Cerdan (vocal)<\/li>\n<\/ul>\n<\/li>\n<\/ul>\n<p>&nbsp;<\/p>\n","protected":false},"excerpt":{"rendered":"<p>Tesis doctoral de Mario Barcelo Valenzuela La gesti\u00f3n de conocimiento requiere de una eficiente gesti\u00f3n de la informaci\u00f3n que impacte [&hellip;]<\/p>\n","protected":false},"author":1,"featured_media":0,"comment_status":"open","ping_status":"open","sticky":false,"template":"","format":"standard","meta":{"site-sidebar-layout":"default","site-content-layout":"","ast-site-content-layout":"","site-content-style":"default","site-sidebar-style":"default","ast-global-header-display":"","ast-banner-title-visibility":"","ast-main-header-display":"","ast-hfb-above-header-display":"","ast-hfb-below-header-display":"","ast-hfb-mobile-header-display":"","site-post-title":"","ast-breadcrumbs-content":"","ast-featured-img":"","footer-sml-layout":"","theme-transparent-header-meta":"","adv-header-id-meta":"","stick-header-meta":"","header-above-stick-meta":"","header-main-stick-meta":"","header-below-stick-meta":"","astra-migrate-meta-layouts":"default","ast-page-background-enabled":"default","ast-page-background-meta":{"desktop":{"background-color":"var(--ast-global-color-4)","background-image":"","background-repeat":"repeat","background-position":"center center","background-size":"auto","background-attachment":"scroll","background-type":"","background-media":"","overlay-type":"","overlay-color":"","overlay-gradient":""},"tablet":{"background-color":"","background-image":"","background-repeat":"repeat","background-position":"center center","background-size":"auto","background-attachment":"scroll","background-type":"","background-media":"","overlay-type":"","overlay-color":"","overlay-gradient":""},"mobile":{"background-color":"","background-image":"","background-repeat":"repeat","background-position":"center center","background-size":"auto","background-attachment":"scroll","background-type":"","background-media":"","overlay-type":"","overlay-color":"","overlay-gradient":""}},"ast-content-background-meta":{"desktop":{"background-color":"var(--ast-global-color-5)","background-image":"","background-repeat":"repeat","background-position":"center center","background-size":"auto","background-attachment":"scroll","background-type":"","background-media":"","overlay-type":"","overlay-color":"","overlay-gradient":""},"tablet":{"background-color":"var(--ast-global-color-5)","background-image":"","background-repeat":"repeat","background-position":"center center","background-size":"auto","background-attachment":"scroll","background-type":"","background-media":"","overlay-type":"","overlay-color":"","overlay-gradient":""},"mobile":{"background-color":"var(--ast-global-color-5)","background-image":"","background-repeat":"repeat","background-position":"center center","background-size":"auto","background-attachment":"scroll","background-type":"","background-media":"","overlay-type":"","overlay-color":"","overlay-gradient":""}},"footnotes":""},"categories":[13880,2528,8235],"tags":[137137,103022,4013,22002,141006,31302],"class_list":["post-63876","post","type-post","status-publish","format-standard","hentry","category-informatica","category-inteligencia-artificial","category-murcia","tag-abraham-rodriguez-rodriguez","tag-angel-luis-merono-cerdan","tag-fernando-martin-rubio","tag-hernandez-molinero-luis-daniel","tag-mario-barcelo-valenzuela","tag-ramon-rizo-aldeguer"],"_links":{"self":[{"href":"https:\/\/www.deberes.net\/tesis\/wp-json\/wp\/v2\/posts\/63876","targetHints":{"allow":["GET"]}}],"collection":[{"href":"https:\/\/www.deberes.net\/tesis\/wp-json\/wp\/v2\/posts"}],"about":[{"href":"https:\/\/www.deberes.net\/tesis\/wp-json\/wp\/v2\/types\/post"}],"author":[{"embeddable":true,"href":"https:\/\/www.deberes.net\/tesis\/wp-json\/wp\/v2\/users\/1"}],"replies":[{"embeddable":true,"href":"https:\/\/www.deberes.net\/tesis\/wp-json\/wp\/v2\/comments?post=63876"}],"version-history":[{"count":0,"href":"https:\/\/www.deberes.net\/tesis\/wp-json\/wp\/v2\/posts\/63876\/revisions"}],"wp:attachment":[{"href":"https:\/\/www.deberes.net\/tesis\/wp-json\/wp\/v2\/media?parent=63876"}],"wp:term":[{"taxonomy":"category","embeddable":true,"href":"https:\/\/www.deberes.net\/tesis\/wp-json\/wp\/v2\/categories?post=63876"},{"taxonomy":"post_tag","embeddable":true,"href":"https:\/\/www.deberes.net\/tesis\/wp-json\/wp\/v2\/tags?post=63876"}],"curies":[{"name":"wp","href":"https:\/\/api.w.org\/{rel}","templated":true}]}}