{"id":63883,"date":"2008-10-04T00:00:00","date_gmt":"2008-10-04T00:00:00","guid":{"rendered":"https:\/\/www.deberes.net\/tesis\/sin-categoria\/mediatizaa%c2%a7oa-da-comunicaa%c2%a7ao-politica\/"},"modified":"2008-10-04T00:00:00","modified_gmt":"2008-10-04T00:00:00","slug":"mediatizaa%c2%a7oa-da-comunicaa%c2%a7ao-politica","status":"publish","type":"post","link":"https:\/\/www.deberes.net\/tesis\/santiago-de-compostela\/mediatizaa%c2%a7oa-da-comunicaa%c2%a7ao-politica\/","title":{"rendered":"Mediatiza\u00c1\u00a7oa da comunica\u00c1\u00a7ao politica"},"content":{"rendered":"<h2>Tesis doctoral de <strong> Daniel Do Rosario Medina <\/strong><\/h2>\n<p>Un gran n\u00famero de an\u00e1lisis ha sido dedicado a los efectos de los diversos medios de comunicaci\u00f3n sobre la forma de hacer pol\u00edtica, poniendo en evidencia, entre otros aspectos, el creciente fen\u00f3meno de espectacularizaci\u00f3n del mismo, esto es, el hecho de que el voto pol\u00edtico sufre de la influencia de las im\u00e1genes que dan de ellos mismos los distintos l\u00edderes pol\u00edticos, de las formas simb\u00f3licas utilizadas por la pol\u00edtica y de las reacciones emocionales producidas por la televisi\u00f3n en particular.  en la actualidad, parece ser m\u00e1s importante la gesti\u00f3n de las caracter\u00edsticas medi\u00e1ticas inmediatas, en la perspectiva de transformar esas capacidades en valor a\u00f1adido a favor de una imagen pol\u00edtica, a trav\u00e9s del constante llamamiento a la visibilidad. Entramos en una sucesi\u00f3n desenfrenada de acontecimientos, por la necesidad de ganar tiempo y espacio en los medios de comunicaci\u00f3n.  la estrategia es ahora visiblemente el protagonismo medi\u00e1tico, siendo capaz de penetrar en las rutinas de producci\u00f3n de valores de informaci\u00f3n y de su agenda: la guerra de audiencias en la televisi\u00f3n, sus tecnolog\u00edas, especialmente el directo; la imposici\u00f3n de asesores pol\u00edticos, que entre otros, provocan necesariamente efectos en cascada. El reconocimiento de esta situaci\u00f3n, como el estudio del posicionamiento de sus responsables m\u00e1s directos, constituye materia de an\u00e1lisis, siempre que pensamos en verdad pol\u00edtica.  aqu\u00ed se impone una cuesti\u00f3n esencial: la pol\u00edtica ya no controla plenamente su propia realizaci\u00f3n como actividad necesariamente p\u00fablica. La complejidad de la sociabilidad actual y el desarrollo de la comunicaci\u00f3n medi\u00e1tica, portadora del virtual monopolio de la construcci\u00f3n de la dimensi\u00f3n p\u00fablica de la actualidad, quitan de la pol\u00edtica el control y el poder de realizarse como objeto p\u00fablico.  obviamente, la relaci\u00f3n entre comunicaci\u00f3n y pol\u00edtica no se limita a las conexiones antes permitidas por la dimensi\u00f3n p\u00fablica. La lucha por el predominio de una determinada visi\u00f3n interpretativa de la realidad ocupa un espacio cada vez mayor en la pol\u00edtica contempor\u00e1nea. Si este conflicto de interpretaciones siempre ha sido permeable como componente de la actividad pol\u00edtica, en la actualidad ha ganado de forma acelerada importancia. La diversidad de motivos para tal hecho, no impide que algunos de ellos se muestren cristalinos: la hegemon\u00eda como modo de realizaci\u00f3n dominante de la pol\u00edtica; la sociabilidad actual y la dimensi\u00f3n p\u00fablica derivada de la omnipresencia de los medios de comunicaci\u00f3n. La pantalla surge, en la actualidad, como un nuevo y privilegiado espacio de discusi\u00f3n que debe ser ocupado por la pol\u00edtica. Acostumbrada a operar en espacios geogr\u00e1ficos, la pol\u00edtica se ve, ahora, desafiada a actuar en un espacio virtual y por eso mismo, a asumir nuevas configuraciones. Para movimentarse mejor en estos nuevos espacios, la pol\u00edtica ha tenido que adaptar su discurso a las \u00abgram\u00e1ticas\u00bb de la pantalla, comprendiendo sus exigencias y requisitos.  inicialmente, la comunicaci\u00f3n pol\u00edtica se dedic\u00f3 al estudio de la comunicaci\u00f3n realizada por el gobierno para su electorado y, despu\u00e9s, al intercambio de discursos pol\u00edticos entre la mayor\u00eda y la oposici\u00f3n. M\u00e1s tarde, el sector se alarg\u00f3 al estudio del rol de los medios de comunicaci\u00f3n en la formaci\u00f3n de la opini\u00f3n p\u00fablica y, finalmente, a la influencia de los sondeos sobre la vida pol\u00edtica. Hoy, comprende el estudio del rol asignado a la comunicaci\u00f3n en la vida pol\u00edtica de forma amplia, integrando tanto los medios de comunicaci\u00f3n, como los sondeos, el marketing pol\u00edtico y la publicidad, y con un inter\u00e9s particular en los periodos electorales.  la comunicaci\u00f3n pol\u00edtica, en sentido amplio, abarca el an\u00e1lisis del rol de la comunicaci\u00f3n en la vida pol\u00edtica. As\u00ed, de estas hacen parte los medios de comunicaci\u00f3n, los sondeos, el marketing pol\u00edtico y la publicidad. No ser\u00eda m\u00e1s que una prolongaci\u00f3n del marketing pol\u00edtico.  con la libertad de expresi\u00f3n se vuelve m\u00e1s f\u00e1cil la circulaci\u00f3n de un gran n\u00famero de opiniones variadas. No obstante, como son siempre los mismos medios a expresarse, esas opiniones no corresponden en su totalidad a las reflexiones de los ciudadanos. Aquello que se expresa no corresponde a la opini\u00f3n construida y reflexionada. Se ve que las desigualdades de opiniones a\u00fan no existen en las sociedades (dichas) democr\u00e1ticas.  con la supuesta libertad, la expresi\u00f3n sale valorizada al mismo tiempo que la opini\u00f3n del ciudadano pasa al segundo plano. La comunicaci\u00f3n pol\u00edtica desempe\u00f1a en este duelo expresi\u00f3n\/opini\u00f3n la funci\u00f3n de \u00e1rbitro una vez que le compete gestionar los flujos de las diferentes opiniones. La verdad es que sin opiniones no hay comunicaci\u00f3n pol\u00edtica, ya que las primeras son una condici\u00f3n fundamental para el funcionamiento de la segunda.  podemos, actualmente, entender por comunicaci\u00f3n pol\u00edtica el \u00abescenario\u00bb donde pol\u00edticos, periodistas y opini\u00f3n p\u00fablica intentan, cada uno por s\u00ed, alcanzar el rol principal en la interminable \u00abnovela\u00bb que es la pol\u00edtica.  son estos los tres actores con legitimidad para expresarse en p\u00fablico sobre pol\u00edtica. Al fin y al cabo, todos ellos son protagonistas que \u00abcontracenan\u00bb, interact\u00faan, volviendo posible el funcionamiento de la llamada democracia de masas.  los periodistas no intervienen solamente en el contenido de los mensajes repercutidos, tambi\u00e9n los seleccionan (proceso del agenda-setting) en funci\u00f3n de los criterios de importancia (los llamados news values) que solamente ellos determinan. Seleccionar correctamente un evento desempe\u00f1a un rol determinante en la difusi\u00f3n de las ideas pol\u00edticas.<\/p>\n<p>&nbsp;<\/p>\n<h3>Datos acad\u00e9micos de la tesis doctoral \u00ab<strong>Mediatiza\u00c1\u00a7oa da comunica\u00c1\u00a7ao politica<\/strong>\u00ab<\/h3>\n<ul>\n<li><strong>T\u00edtulo de la tesis:<\/strong>\u00a0 Mediatiza\u00c1\u00a7oa da comunica\u00c1\u00a7ao politica <\/li>\n<li><strong>Autor:<\/strong>\u00a0 Daniel Do Rosario Medina <\/li>\n<li><strong>Universidad:<\/strong>\u00a0 Santiago de compostela<\/li>\n<li><strong>Fecha de lectura de la tesis:<\/strong>\u00a0 10\/04\/2008<\/li>\n<\/ul>\n<p>&nbsp;<\/p>\n<h3>Direcci\u00f3n y tribunal<\/h3>\n<ul>\n<li><strong>Director de la tesis<\/strong>\n<ul>\n<li>Mar\u00eda Antonia Arias Fern\u00e1ndez<\/li>\n<\/ul>\n<\/li>\n<li><strong>Tribunal<\/strong>\n<ul>\n<li>Presidente del tribunal: Juan  lu\u00eds Pintos de cea-naharro <\/li>\n<li>celia Sousa vieira (vocal)<\/li>\n<li>Jos\u00e9 Luis Pi\u00f1uel raigada (vocal)<\/li>\n<li>julio Cabrera varela (vocal)<\/li>\n<\/ul>\n<\/li>\n<\/ul>\n<p>&nbsp;<\/p>\n","protected":false},"excerpt":{"rendered":"<p>Tesis doctoral de Daniel Do Rosario Medina Un gran n\u00famero de an\u00e1lisis ha sido dedicado a los efectos de los [&hellip;]<\/p>\n","protected":false},"author":1,"featured_media":0,"comment_status":"open","ping_status":"open","sticky":false,"template":"","format":"standard","meta":{"site-sidebar-layout":"default","site-content-layout":"","ast-site-content-layout":"","site-content-style":"default","site-sidebar-style":"default","ast-global-header-display":"","ast-banner-title-visibility":"","ast-main-header-display":"","ast-hfb-above-header-display":"","ast-hfb-below-header-display":"","ast-hfb-mobile-header-display":"","site-post-title":"","ast-breadcrumbs-content":"","ast-featured-img":"","footer-sml-layout":"","theme-transparent-header-meta":"","adv-header-id-meta":"","stick-header-meta":"","header-above-stick-meta":"","header-main-stick-meta":"","header-below-stick-meta":"","astra-migrate-meta-layouts":"default","ast-page-background-enabled":"default","ast-page-background-meta":{"desktop":{"background-color":"var(--ast-global-color-4)","background-image":"","background-repeat":"repeat","background-position":"center center","background-size":"auto","background-attachment":"scroll","background-type":"","background-media":"","overlay-type":"","overlay-color":"","overlay-gradient":""},"tablet":{"background-color":"","background-image":"","background-repeat":"repeat","background-position":"center center","background-size":"auto","background-attachment":"scroll","background-type":"","background-media":"","overlay-type":"","overlay-color":"","overlay-gradient":""},"mobile":{"background-color":"","background-image":"","background-repeat":"repeat","background-position":"center center","background-size":"auto","background-attachment":"scroll","background-type":"","background-media":"","overlay-type":"","overlay-color":"","overlay-gradient":""}},"ast-content-background-meta":{"desktop":{"background-color":"var(--ast-global-color-5)","background-image":"","background-repeat":"repeat","background-position":"center center","background-size":"auto","background-attachment":"scroll","background-type":"","background-media":"","overlay-type":"","overlay-color":"","overlay-gradient":""},"tablet":{"background-color":"var(--ast-global-color-5)","background-image":"","background-repeat":"repeat","background-position":"center center","background-size":"auto","background-attachment":"scroll","background-type":"","background-media":"","overlay-type":"","overlay-color":"","overlay-gradient":""},"mobile":{"background-color":"var(--ast-global-color-5)","background-image":"","background-repeat":"repeat","background-position":"center center","background-size":"auto","background-attachment":"scroll","background-type":"","background-media":"","overlay-type":"","overlay-color":"","overlay-gradient":""}},"footnotes":""},"categories":[4840,977],"tags":[141021,141020,131397,18942,34907,6281],"class_list":["post-63883","post","type-post","status-publish","format-standard","hentry","category-opinion-publica","category-santiago-de-compostela","tag-celia-sousa-vieira","tag-daniel-do-rosario-medina","tag-jose-luis-pinuel-raigada","tag-juan-luis-pintos-de-cea-naharro","tag-julio-cabrera-varela","tag-maria-antonia-arias-fernandez"],"_links":{"self":[{"href":"https:\/\/www.deberes.net\/tesis\/wp-json\/wp\/v2\/posts\/63883","targetHints":{"allow":["GET"]}}],"collection":[{"href":"https:\/\/www.deberes.net\/tesis\/wp-json\/wp\/v2\/posts"}],"about":[{"href":"https:\/\/www.deberes.net\/tesis\/wp-json\/wp\/v2\/types\/post"}],"author":[{"embeddable":true,"href":"https:\/\/www.deberes.net\/tesis\/wp-json\/wp\/v2\/users\/1"}],"replies":[{"embeddable":true,"href":"https:\/\/www.deberes.net\/tesis\/wp-json\/wp\/v2\/comments?post=63883"}],"version-history":[{"count":0,"href":"https:\/\/www.deberes.net\/tesis\/wp-json\/wp\/v2\/posts\/63883\/revisions"}],"wp:attachment":[{"href":"https:\/\/www.deberes.net\/tesis\/wp-json\/wp\/v2\/media?parent=63883"}],"wp:term":[{"taxonomy":"category","embeddable":true,"href":"https:\/\/www.deberes.net\/tesis\/wp-json\/wp\/v2\/categories?post=63883"},{"taxonomy":"post_tag","embeddable":true,"href":"https:\/\/www.deberes.net\/tesis\/wp-json\/wp\/v2\/tags?post=63883"}],"curies":[{"name":"wp","href":"https:\/\/api.w.org\/{rel}","templated":true}]}}