{"id":63913,"date":"2008-11-04T00:00:00","date_gmt":"2008-11-04T00:00:00","guid":{"rendered":"https:\/\/www.deberes.net\/tesis\/sin-categoria\/influencia-del-mantenimiento-higienico-preventivo-de-las-instalaciones-con-riesgo-de-desarrollo-de-legionella-pneumophila-en-la-provincia-de-malaga\/"},"modified":"2008-11-04T00:00:00","modified_gmt":"2008-11-04T00:00:00","slug":"influencia-del-mantenimiento-higienico-preventivo-de-las-instalaciones-con-riesgo-de-desarrollo-de-legionella-pneumophila-en-la-provincia-de-malaga","status":"publish","type":"post","link":"https:\/\/www.deberes.net\/tesis\/salud-publica\/influencia-del-mantenimiento-higienico-preventivo-de-las-instalaciones-con-riesgo-de-desarrollo-de-legionella-pneumophila-en-la-provincia-de-malaga\/","title":{"rendered":"Influencia del mantenimiento higi\u00e9nico-preventivo de las instalaciones con riesgo de desarrollo de legionella pneumophila en la provincia de m\u00e1laga"},"content":{"rendered":"<h2>Tesis doctoral de <strong> Enrique Gea Izquierdo <\/strong><\/h2>\n<p>Estudio descriptivo realizado sobre una muestra correspondiente a 214 edificios p\u00fablicos (provincia de m\u00e1laga, espa\u00f1a) y 83 variables. Interpretaci\u00f3n sobre el porcentaje de cumplimiento del r.D. 865\/2003 y decreto 287\/2002, por los que se establecen los criterios higi\u00e9nico-sanitarios para la prevenci\u00f3n y control de la legionelosis, y el riesgo debido a un deficiente mantenimiento higi\u00e9nico-preventivo en las instalaciones de agua.<\/p>\n<p>&nbsp;<\/p>\n<h3>Datos acad\u00e9micos de la tesis doctoral \u00ab<strong>Influencia del mantenimiento higi\u00e9nico-preventivo de las instalaciones con riesgo de desarrollo de legionella pneumophila en la provincia de m\u00e1laga<\/strong>\u00ab<\/h3>\n<ul>\n<li><strong>T\u00edtulo de la tesis:<\/strong>\u00a0 Influencia del mantenimiento higi\u00e9nico-preventivo de las instalaciones con riesgo de desarrollo de legionella pneumophila en la provincia de m\u00e1laga <\/li>\n<li><strong>Autor:<\/strong>\u00a0 Enrique Gea Izquierdo <\/li>\n<li><strong>Universidad:<\/strong>\u00a0 M\u00e1laga<\/li>\n<li><strong>Fecha de lectura de la tesis:<\/strong>\u00a0 11\/04\/2008<\/li>\n<\/ul>\n<p>&nbsp;<\/p>\n<h3>Direcci\u00f3n y tribunal<\/h3>\n<ul>\n<li><strong>Director de la tesis<\/strong>\n<ul>\n<li>Antonio Garc\u00eda Rodr\u00edguez<\/li>\n<\/ul>\n<\/li>\n<li><strong>Tribunal<\/strong>\n<ul>\n<li>Presidente del tribunal: Carlos \u00e1ngel Benavides velasco <\/li>\n<li>Francisco Javier Machado Santiago (vocal)<\/li>\n<li>Manuel De la rosa  fraile (vocal)<\/li>\n<li>alfonso Jes\u00fas Aguilar gallardo (vocal)<\/li>\n<\/ul>\n<\/li>\n<\/ul>\n<p>&nbsp;<\/p>\n","protected":false},"excerpt":{"rendered":"<p>Tesis doctoral de Enrique Gea Izquierdo Estudio descriptivo realizado sobre una muestra correspondiente a 214 edificios p\u00fablicos (provincia de m\u00e1laga, [&hellip;]<\/p>\n","protected":false},"author":1,"featured_media":0,"comment_status":"open","ping_status":"open","sticky":false,"template":"","format":"standard","meta":{"site-sidebar-layout":"default","site-content-layout":"","ast-site-content-layout":"","site-content-style":"default","site-sidebar-style":"default","ast-global-header-display":"","ast-banner-title-visibility":"","ast-main-header-display":"","ast-hfb-above-header-display":"","ast-hfb-below-header-display":"","ast-hfb-mobile-header-display":"","site-post-title":"","ast-breadcrumbs-content":"","ast-featured-img":"","footer-sml-layout":"","theme-transparent-header-meta":"","adv-header-id-meta":"","stick-header-meta":"","header-above-stick-meta":"","header-main-stick-meta":"","header-below-stick-meta":"","astra-migrate-meta-layouts":"default","ast-page-background-enabled":"default","ast-page-background-meta":{"desktop":{"background-color":"var(--ast-global-color-4)","background-image":"","background-repeat":"repeat","background-position":"center center","background-size":"auto","background-attachment":"scroll","background-type":"","background-media":"","overlay-type":"","overlay-color":"","overlay-gradient":""},"tablet":{"background-color":"","background-image":"","background-repeat":"repeat","background-position":"center center","background-size":"auto","background-attachment":"scroll","background-type":"","background-media":"","overlay-type":"","overlay-color":"","overlay-gradient":""},"mobile":{"background-color":"","background-image":"","background-repeat":"repeat","background-position":"center center","background-size":"auto","background-attachment":"scroll","background-type":"","background-media":"","overlay-type":"","overlay-color":"","overlay-gradient":""}},"ast-content-background-meta":{"desktop":{"background-color":"var(--ast-global-color-5)","background-image":"","background-repeat":"repeat","background-position":"center center","background-size":"auto","background-attachment":"scroll","background-type":"","background-media":"","overlay-type":"","overlay-color":"","overlay-gradient":""},"tablet":{"background-color":"var(--ast-global-color-5)","background-image":"","background-repeat":"repeat","background-position":"center center","background-size":"auto","background-attachment":"scroll","background-type":"","background-media":"","overlay-type":"","overlay-color":"","overlay-gradient":""},"mobile":{"background-color":"var(--ast-global-color-5)","background-image":"","background-repeat":"repeat","background-position":"center center","background-size":"auto","background-attachment":"scroll","background-type":"","background-media":"","overlay-type":"","overlay-color":"","overlay-gradient":""}},"footnotes":""},"categories":[1333,7834,1686,2825,967],"tags":[141080,3636,28442,141078,141079,2347],"class_list":["post-63913","post","type-post","status-publish","format-standard","hentry","category-ingenieria-y-tecnologia-del-medio-ambiente","category-malaga","category-medicina-preventiva","category-organizacion-industrial-y-sector-publico","category-salud-publica","tag-alfonso-jesus-aguilar-gallardo","tag-antonio-garcia-rodriguez","tag-carlos-angel-benavides-velasco","tag-enrique-gea-izquierdo","tag-francisco-javier-machado-santiago","tag-manuel-de-la-rosa-fraile"],"_links":{"self":[{"href":"https:\/\/www.deberes.net\/tesis\/wp-json\/wp\/v2\/posts\/63913","targetHints":{"allow":["GET"]}}],"collection":[{"href":"https:\/\/www.deberes.net\/tesis\/wp-json\/wp\/v2\/posts"}],"about":[{"href":"https:\/\/www.deberes.net\/tesis\/wp-json\/wp\/v2\/types\/post"}],"author":[{"embeddable":true,"href":"https:\/\/www.deberes.net\/tesis\/wp-json\/wp\/v2\/users\/1"}],"replies":[{"embeddable":true,"href":"https:\/\/www.deberes.net\/tesis\/wp-json\/wp\/v2\/comments?post=63913"}],"version-history":[{"count":0,"href":"https:\/\/www.deberes.net\/tesis\/wp-json\/wp\/v2\/posts\/63913\/revisions"}],"wp:attachment":[{"href":"https:\/\/www.deberes.net\/tesis\/wp-json\/wp\/v2\/media?parent=63913"}],"wp:term":[{"taxonomy":"category","embeddable":true,"href":"https:\/\/www.deberes.net\/tesis\/wp-json\/wp\/v2\/categories?post=63913"},{"taxonomy":"post_tag","embeddable":true,"href":"https:\/\/www.deberes.net\/tesis\/wp-json\/wp\/v2\/tags?post=63913"}],"curies":[{"name":"wp","href":"https:\/\/api.w.org\/{rel}","templated":true}]}}