{"id":63934,"date":"2008-11-04T00:00:00","date_gmt":"2008-11-04T00:00:00","guid":{"rendered":"https:\/\/www.deberes.net\/tesis\/sin-categoria\/valoracion-de-la-implementacion-del-programa-enciclomedia-en-centros-educativos-de-leon-mexico\/"},"modified":"2008-11-04T00:00:00","modified_gmt":"2008-11-04T00:00:00","slug":"valoracion-de-la-implementacion-del-programa-enciclomedia-en-centros-educativos-de-leon-mexico","status":"publish","type":"post","link":"https:\/\/www.deberes.net\/tesis\/metodos-pedagogicos\/valoracion-de-la-implementacion-del-programa-enciclomedia-en-centros-educativos-de-leon-mexico\/","title":{"rendered":"Valoraci\u00f3n de la implementaci\u00f3n del programa enciclomedia en centros educativos de le\u00f3n, m\u00e9xico"},"content":{"rendered":"<h2>Tesis doctoral de <strong> Mar\u00eda na De Los Milagros Fern\u00e1ndez Garc\u00eda <\/strong><\/h2>\n<p>Esta tesis doctoral presenta un estudio sobre la integraci\u00f3n curricular de las tics (tecnolog\u00edas de la informaci\u00f3n y comunicaci\u00f3n), basando el estudio de campo en la evaluaci\u00f3n del programa enciclomedia, que se ha dise\u00f1ado y aplicado en la rep\u00fablica mexicana. El programa se define como la digitalizaci\u00f3n de libros de texto gratuitos que trabajan los alumnos en la escuela. El equipo correspondiente a dicho proyecto se compone de ordenador, software, ca\u00f1\u00f3n, pizarra digital interactiva, altavoces, impresora, etc.   el trabajo de campo recoge, por medio de observaciones en el aula: entrevistas a directores, docentes, alumnos y padres de familia, as\u00ed como  cuestionarios aplicados a los alumnos de 5\u00c2\u00b0 de primaria y a sus padres, las expectativas que surgen en torno a la integraci\u00f3n de dicha herramienta tecnol\u00f3gica en el aula. Asimismo, se recoge tambi\u00e9n la valoraci\u00f3n de los resultados hasta el momento, la satisfacci\u00f3n del alumnado, las dificultades que se presentan en el profesorado por la falta de formaci\u00f3n en tics, y por \u00faltimo la capacitaci\u00f3n recibida acerca del programa enciclomedia por los docentes y su motivaci\u00f3n por trabajar dicho programa.   la investigaci\u00f3n se realiz\u00f3 en tres escuelas p\u00fablicas de la ciudad de le\u00f3n, guanajuato, m\u00e9xico, todas ellas ubicadas en distintos barrios y con una poblaci\u00f3n heterog\u00e9nea.  los resultados obtenidos se han tornado positivos, se demuestra la motivaci\u00f3n que genera el uso de la herramienta en la plantilla educativa, tanto en alumnos, como en profesores y padres. Las evaluaciones reflejan mejor\u00edas en los resultados de los alumnos, aunque se evidencia la falta de formaci\u00f3n respecto a las tics en las docentes. Del mismo modo, se observa la falta de recursos econ\u00f3micos para adquirir m\u00e1s ordenadores, poseer un mobiliario adecuado y proporcionar mantenimiento a las instalaciones, y se deja constancia de la presencia de alumnos que no se sienten atra\u00eddos por la herramienta o les genera problemas de diversa \u00edndole.<\/p>\n<p>&nbsp;<\/p>\n<h3>Datos acad\u00e9micos de la tesis doctoral \u00ab<strong>Valoraci\u00f3n de la implementaci\u00f3n del programa enciclomedia en centros educativos de le\u00f3n, m\u00e9xico<\/strong>\u00ab<\/h3>\n<ul>\n<li><strong>T\u00edtulo de la tesis:<\/strong>\u00a0 Valoraci\u00f3n de la implementaci\u00f3n del programa enciclomedia en centros educativos de le\u00f3n, m\u00e9xico <\/li>\n<li><strong>Autor:<\/strong>\u00a0 Mar\u00eda na De Los Milagros Fern\u00e1ndez Garc\u00eda <\/li>\n<li><strong>Universidad:<\/strong>\u00a0 Salamanca<\/li>\n<li><strong>Fecha de lectura de la tesis:<\/strong>\u00a0 11\/04\/2008<\/li>\n<\/ul>\n<p>&nbsp;<\/p>\n<h3>Direcci\u00f3n y tribunal<\/h3>\n<ul>\n<li><strong>Director de la tesis<\/strong>\n<ul>\n<li>Ana Garcia Valcarcel Mu\u00f1oz Repiso<\/li>\n<\/ul>\n<\/li>\n<li><strong>Tribunal<\/strong>\n<ul>\n<li>Presidente del tribunal: pere Marqu\u00e9s graells <\/li>\n<li>Mar\u00eda  esperanza Herrera garcia (vocal)<\/li>\n<li>Francisco Mart\u00ednez s\u00e1nchez (vocal)<\/li>\n<li>margarita Gonz\u00e1lez s\u00e1nchez (vocal)<\/li>\n<\/ul>\n<\/li>\n<\/ul>\n<p>&nbsp;<\/p>\n","protected":false},"excerpt":{"rendered":"<p>Tesis doctoral de Mar\u00eda na De Los Milagros Fern\u00e1ndez Garc\u00eda Esta tesis doctoral presenta un estudio sobre la integraci\u00f3n curricular [&hellip;]<\/p>\n","protected":false},"author":1,"featured_media":0,"comment_status":"open","ping_status":"open","sticky":false,"template":"","format":"standard","meta":{"site-sidebar-layout":"default","site-content-layout":"","ast-site-content-layout":"","site-content-style":"default","site-sidebar-style":"default","ast-global-header-display":"","ast-banner-title-visibility":"","ast-main-header-display":"","ast-hfb-above-header-display":"","ast-hfb-below-header-display":"","ast-hfb-mobile-header-display":"","site-post-title":"","ast-breadcrumbs-content":"","ast-featured-img":"","footer-sml-layout":"","theme-transparent-header-meta":"","adv-header-id-meta":"","stick-header-meta":"","header-above-stick-meta":"","header-main-stick-meta":"","header-below-stick-meta":"","astra-migrate-meta-layouts":"default","ast-page-background-enabled":"default","ast-page-background-meta":{"desktop":{"background-color":"var(--ast-global-color-4)","background-image":"","background-repeat":"repeat","background-position":"center center","background-size":"auto","background-attachment":"scroll","background-type":"","background-media":"","overlay-type":"","overlay-color":"","overlay-gradient":""},"tablet":{"background-color":"","background-image":"","background-repeat":"repeat","background-position":"center center","background-size":"auto","background-attachment":"scroll","background-type":"","background-media":"","overlay-type":"","overlay-color":"","overlay-gradient":""},"mobile":{"background-color":"","background-image":"","background-repeat":"repeat","background-position":"center center","background-size":"auto","background-attachment":"scroll","background-type":"","background-media":"","overlay-type":"","overlay-color":"","overlay-gradient":""}},"ast-content-background-meta":{"desktop":{"background-color":"var(--ast-global-color-5)","background-image":"","background-repeat":"repeat","background-position":"center center","background-size":"auto","background-attachment":"scroll","background-type":"","background-media":"","overlay-type":"","overlay-color":"","overlay-gradient":""},"tablet":{"background-color":"var(--ast-global-color-5)","background-image":"","background-repeat":"repeat","background-position":"center center","background-size":"auto","background-attachment":"scroll","background-type":"","background-media":"","overlay-type":"","overlay-color":"","overlay-gradient":""},"mobile":{"background-color":"var(--ast-global-color-5)","background-image":"","background-repeat":"repeat","background-position":"center center","background-size":"auto","background-attachment":"scroll","background-type":"","background-media":"","overlay-type":"","overlay-color":"","overlay-gradient":""}},"footnotes":""},"categories":[2623,4907,2233,2330,9386],"tags":[23363,5107,54860,54858,141125,64228],"class_list":["post-63934","post","type-post","status-publish","format-standard","hentry","category-educacion-basica","category-metodos-audiovisuales-en-pedagogia","category-metodos-pedagogicos","category-pedagogia-experimental","category-salamanca","tag-ana-garcia-valcarcel-munoz-repiso","tag-francisco-Martinez-sanchez","tag-margarita-gonzalez-sanchez","tag-maria-esperanza-herrera-garcia","tag-maria-na-de-los-milagros-fernandez-garcia","tag-pere-marques-graells"],"_links":{"self":[{"href":"https:\/\/www.deberes.net\/tesis\/wp-json\/wp\/v2\/posts\/63934","targetHints":{"allow":["GET"]}}],"collection":[{"href":"https:\/\/www.deberes.net\/tesis\/wp-json\/wp\/v2\/posts"}],"about":[{"href":"https:\/\/www.deberes.net\/tesis\/wp-json\/wp\/v2\/types\/post"}],"author":[{"embeddable":true,"href":"https:\/\/www.deberes.net\/tesis\/wp-json\/wp\/v2\/users\/1"}],"replies":[{"embeddable":true,"href":"https:\/\/www.deberes.net\/tesis\/wp-json\/wp\/v2\/comments?post=63934"}],"version-history":[{"count":0,"href":"https:\/\/www.deberes.net\/tesis\/wp-json\/wp\/v2\/posts\/63934\/revisions"}],"wp:attachment":[{"href":"https:\/\/www.deberes.net\/tesis\/wp-json\/wp\/v2\/media?parent=63934"}],"wp:term":[{"taxonomy":"category","embeddable":true,"href":"https:\/\/www.deberes.net\/tesis\/wp-json\/wp\/v2\/categories?post=63934"},{"taxonomy":"post_tag","embeddable":true,"href":"https:\/\/www.deberes.net\/tesis\/wp-json\/wp\/v2\/tags?post=63934"}],"curies":[{"name":"wp","href":"https:\/\/api.w.org\/{rel}","templated":true}]}}