{"id":6397,"date":"1995-01-01T00:00:00","date_gmt":"1995-01-01T00:00:00","guid":{"rendered":"https:\/\/www.deberes.net\/tesis\/1995\/01\/01\/hacia-un-modelo-comprensivo-de-practicas-de-ensenanza-en-la-formacion-inicial-del-maestro\/"},"modified":"1995-01-01T00:00:00","modified_gmt":"1995-01-01T00:00:00","slug":"hacia-un-modelo-comprensivo-de-practicas-de-ensenanza-en-la-formacion-inicial-del-maestro","status":"publish","type":"post","link":"https:\/\/www.deberes.net\/tesis\/formacion-y-empleo-de-profesores\/hacia-un-modelo-comprensivo-de-practicas-de-ensenanza-en-la-formacion-inicial-del-maestro\/","title":{"rendered":"Hacia un modelo comprensivo de practicas de ense\u00f1anza en la formacion inicial del maestro"},"content":{"rendered":"<h2>Tesis doctoral de <strong> Jes\u00fas Nieto Diez <\/strong><\/h2>\n<p>Las practicas de ense\u00f1anza han de enmarcarse en un contexto mas amplio cual es la formacion del profesorado, la cual debera atender a tres ambitos complementarios:  \u00abense\u00f1anza\u00bb, \u00abformacion\u00bb y \u00abgobierno de la clase\u00bb.  dise\u00f1ar un modelo de practicas de ense\u00f1anza ha exigido tomar las aportaciones de varias fuentes: 1) el analisis de los modelos de formacion de profesores. 2) el estudio historico-legislativo de las practicas de ense\u00f1anza en espa\u00f1a. 3) el conocimiento de la actualidad examinando:  el panorama organizativo de practicas en las distintas escuelas de magisterio, los intentos institucionales de reformar la formacion del profesorado en las dos ultimas decadas, el tratamiento que han recibido las practicas en las reuniones profesionales celebradas durante los ultimos a\u00f1os, el estado de las mismas tras la implantacion de la logse y las opiniones de los propios alumnos de magisterio.  todos estos estudios son la base para confeccionar un inventario de modelos de practicas de ense\u00f1anza, de cada uno de los cuales se extrae la caracteristica fundamental para, con una optica integradora, llegar al dise\u00f1o del modelo comprensivo de practicas de ense\u00f1anza y a la descripcion del plan de practicas orientativo de su puesta en escena.<\/p>\n<p>&nbsp;<\/p>\n<h3>Datos acad\u00e9micos de la tesis doctoral \u00ab<strong>Hacia un modelo comprensivo de practicas de ense\u00f1anza en la formacion inicial del maestro<\/strong>\u00ab<\/h3>\n<ul>\n<li><strong>T\u00edtulo de la tesis:<\/strong>\u00a0 Hacia un modelo comprensivo de practicas de ense\u00f1anza en la formacion inicial del maestro <\/li>\n<li><strong>Autor:<\/strong>\u00a0 Jes\u00fas Nieto Diez <\/li>\n<li><strong>Universidad:<\/strong>\u00a0 Complutense de Madrid<\/li>\n<li><strong>Fecha de lectura de la tesis:<\/strong>\u00a0 01\/01\/1995<\/li>\n<\/ul>\n<p>&nbsp;<\/p>\n<h3>Direcci\u00f3n y tribunal<\/h3>\n<ul>\n<li><strong>Director de la tesis<\/strong>\n<ul>\n<li>Victor Garcia Hoz<\/li>\n<\/ul>\n<\/li>\n<li><strong>Tribunal<\/strong>\n<ul>\n<li>Presidente del tribunal: Jose Crespo Vasco <\/li>\n<li>Juan Garcia Yague (vocal)<\/li>\n<li>\u00e1ngel Jes\u00fas L\u00e1zaro Mart\u00ednez (vocal)<\/li>\n<li>Salvadora Martinez Santos (vocal)<\/li>\n<\/ul>\n<\/li>\n<\/ul>\n<p>&nbsp;<\/p>\n","protected":false},"excerpt":{"rendered":"<p>Tesis doctoral de Jes\u00fas Nieto Diez Las practicas de ense\u00f1anza han de enmarcarse en un contexto mas amplio cual es [&hellip;]<\/p>\n","protected":false},"author":1,"featured_media":0,"comment_status":"open","ping_status":"open","sticky":false,"template":"","format":"standard","meta":{"site-sidebar-layout":"default","site-content-layout":"","ast-site-content-layout":"","site-content-style":"default","site-sidebar-style":"default","ast-global-header-display":"","ast-banner-title-visibility":"","ast-main-header-display":"","ast-hfb-above-header-display":"","ast-hfb-below-header-display":"","ast-hfb-mobile-header-display":"","site-post-title":"","ast-breadcrumbs-content":"","ast-featured-img":"","footer-sml-layout":"","theme-transparent-header-meta":"","adv-header-id-meta":"","stick-header-meta":"","header-above-stick-meta":"","header-main-stick-meta":"","header-below-stick-meta":"","astra-migrate-meta-layouts":"default","ast-page-background-enabled":"default","ast-page-background-meta":{"desktop":{"background-color":"var(--ast-global-color-4)","background-image":"","background-repeat":"repeat","background-position":"center center","background-size":"auto","background-attachment":"scroll","background-type":"","background-media":"","overlay-type":"","overlay-color":"","overlay-gradient":""},"tablet":{"background-color":"","background-image":"","background-repeat":"repeat","background-position":"center center","background-size":"auto","background-attachment":"scroll","background-type":"","background-media":"","overlay-type":"","overlay-color":"","overlay-gradient":""},"mobile":{"background-color":"","background-image":"","background-repeat":"repeat","background-position":"center center","background-size":"auto","background-attachment":"scroll","background-type":"","background-media":"","overlay-type":"","overlay-color":"","overlay-gradient":""}},"ast-content-background-meta":{"desktop":{"background-color":"var(--ast-global-color-5)","background-image":"","background-repeat":"repeat","background-position":"center center","background-size":"auto","background-attachment":"scroll","background-type":"","background-media":"","overlay-type":"","overlay-color":"","overlay-gradient":""},"tablet":{"background-color":"var(--ast-global-color-5)","background-image":"","background-repeat":"repeat","background-position":"center center","background-size":"auto","background-attachment":"scroll","background-type":"","background-media":"","overlay-type":"","overlay-color":"","overlay-gradient":""},"mobile":{"background-color":"var(--ast-global-color-5)","background-image":"","background-repeat":"repeat","background-position":"center center","background-size":"auto","background-attachment":"scroll","background-type":"","background-media":"","overlay-type":"","overlay-color":"","overlay-gradient":""}},"footnotes":""},"categories":[1140,1141,1288],"tags":[5560,24002,5841,5177,6622,5113],"class_list":["post-6397","post","type-post","status-publish","format-standard","hentry","category-formacion-y-empleo-de-profesores","category-pedagogia","category-preparacion-de-profesores","tag-angel-jesus-lazaro-Martinez","tag-jesus-nieto-diez","tag-jose-crespo-vasco","tag-juan-garcia-yague","tag-salvadora-Martinez-santos","tag-victor-garcia-hoz"],"_links":{"self":[{"href":"https:\/\/www.deberes.net\/tesis\/wp-json\/wp\/v2\/posts\/6397","targetHints":{"allow":["GET"]}}],"collection":[{"href":"https:\/\/www.deberes.net\/tesis\/wp-json\/wp\/v2\/posts"}],"about":[{"href":"https:\/\/www.deberes.net\/tesis\/wp-json\/wp\/v2\/types\/post"}],"author":[{"embeddable":true,"href":"https:\/\/www.deberes.net\/tesis\/wp-json\/wp\/v2\/users\/1"}],"replies":[{"embeddable":true,"href":"https:\/\/www.deberes.net\/tesis\/wp-json\/wp\/v2\/comments?post=6397"}],"version-history":[{"count":0,"href":"https:\/\/www.deberes.net\/tesis\/wp-json\/wp\/v2\/posts\/6397\/revisions"}],"wp:attachment":[{"href":"https:\/\/www.deberes.net\/tesis\/wp-json\/wp\/v2\/media?parent=6397"}],"wp:term":[{"taxonomy":"category","embeddable":true,"href":"https:\/\/www.deberes.net\/tesis\/wp-json\/wp\/v2\/categories?post=6397"},{"taxonomy":"post_tag","embeddable":true,"href":"https:\/\/www.deberes.net\/tesis\/wp-json\/wp\/v2\/tags?post=6397"}],"curies":[{"name":"wp","href":"https:\/\/api.w.org\/{rel}","templated":true}]}}