{"id":63971,"date":"2018-03-09T22:51:57","date_gmt":"2018-03-09T22:51:57","guid":{"rendered":"https:\/\/www.deberes.net\/tesis\/sin-categoria\/el-efecto-del-capital-social-y-la-capacidad-de-absorcion-en-la-innovacion-empresarial-una-aplicacion-al-distrito-textil-valenciano\/"},"modified":"2018-03-09T22:51:57","modified_gmt":"2018-03-09T22:51:57","slug":"el-efecto-del-capital-social-y-la-capacidad-de-absorcion-en-la-innovacion-empresarial-una-aplicacion-al-distrito-textil-valenciano","status":"publish","type":"post","link":"https:\/\/www.deberes.net\/tesis\/modelos-y-teorias-del-desarrollo-economico\/el-efecto-del-capital-social-y-la-capacidad-de-absorcion-en-la-innovacion-empresarial-una-aplicacion-al-distrito-textil-valenciano\/","title":{"rendered":"El efecto del capital social y la capacidad de absorci\u00f3n en la innovaci\u00f3n empresarial. una aplicaci\u00f3n al distrito textil Valenciano."},"content":{"rendered":"<h2>Tesis doctoral de <strong> Manuel Exp\u00f3sito Langa <\/strong><\/h2>\n<p>Este trabajo re\u00fane tres aspectos fundamentales para la competitividad empresarial: la innovaci\u00f3n, el territorio y las redes sociales. La innovaci\u00f3n es una de las principales fuentes de competitividad que permite a la empresa responder con \u00e9xito a las necesidades del entorno. De forma particular,  en el caso de los distritos industriales el proceso innovador se ve afectado por unas condiciones espec\u00edficas de acceso, asimilaci\u00f3n y explotaci\u00f3n de los recursos de conocimiento. Estas condiciones pueden derivarse de las caracter\u00edsticas de las redes sociales que se desarrollan en su interior. el objetivo concreto planteado en esta investigaci\u00f3n consiste en estudiar en qu\u00e9 medida el capital social influye sobre la capacidad de absorci\u00f3n de la empresa, y a su vez c\u00f3mo \u00e9sta influye en el proceso de innovaci\u00f3n, centr\u00e1ndonos en un contexto de distrito industrial. para la confirmaci\u00f3n de nuestros argumentos te\u00f3ricos, el trabajo emp\u00edrico ha tenido como objeto de estudio la totalidad de la poblaci\u00f3n de empresas que forman parte del distrito textil Valenciano.  como principales conclusiones hemos obtenido las siguientes: a) la conceptualizaci\u00f3n del distrito industrial como una red social cohesiva y con v\u00ednculos fuertes supone un tipo de relaciones arraigadas que generan mecanismos de integraci\u00f3n social que permiten reducir las barreras entre el conocimiento externo a la empresa y su adquisici\u00f3n y explotaci\u00f3n, incrementando de esta forma la capacidad de absorci\u00f3n de las empresas pertenecientes; b) las externalidades que la empresa recibe en forma de conocimiento provenientes del entorno en que opera junto a las habilidades necesarias, en nuestro caso las dimensiones particulares de la capacidad de absorci\u00f3n, benefician el desarrollo de la innovaci\u00f3n en la empresa y c) mayores inversiones de recursos en i+d, esfuerzo innovador, por parte de la empresa no supone siempre unos mejores resultados de forma paralela. La existencia de otros moderadores estructu<\/p>\n<p>&nbsp;<\/p>\n<h3>Datos acad\u00e9micos de la tesis doctoral \u00ab<strong>El efecto del capital social y la capacidad de absorci\u00f3n en la innovaci\u00f3n empresarial. una aplicaci\u00f3n al distrito textil Valenciano.<\/strong>\u00ab<\/h3>\n<ul>\n<li><strong>T\u00edtulo de la tesis:<\/strong>\u00a0 El efecto del capital social y la capacidad de absorci\u00f3n en la innovaci\u00f3n empresarial. una aplicaci\u00f3n al distrito textil Valenciano. <\/li>\n<li><strong>Autor:<\/strong>\u00a0 Manuel Exp\u00f3sito Langa <\/li>\n<li><strong>Universidad:<\/strong>\u00a0 Polit\u00e9cnica de Valencia<\/li>\n<li><strong>Fecha de lectura de la tesis:<\/strong>\u00a0 15\/04\/2008<\/li>\n<\/ul>\n<p>&nbsp;<\/p>\n<h3>Direcci\u00f3n y tribunal<\/h3>\n<ul>\n<li><strong>Director de la tesis<\/strong>\n<ul>\n<li>Francisco Javier Molina Morales<\/li>\n<\/ul>\n<\/li>\n<li><strong>Tribunal<\/strong>\n<ul>\n<li>Presidente del tribunal: francesc Sol\u00e9 parellada <\/li>\n<li>pedro Manuel Garcia villaverde (vocal)<\/li>\n<li>josep antoni Ybarra p\u00e9rez (vocal)<\/li>\n<li>ignacio Fernandez de lucio (vocal)<\/li>\n<\/ul>\n<\/li>\n<\/ul>\n<p>&nbsp;<\/p>\n","protected":false},"excerpt":{"rendered":"<p>Tesis doctoral de Manuel Exp\u00f3sito Langa Este trabajo re\u00fane tres aspectos fundamentales para la competitividad empresarial: la innovaci\u00f3n, el territorio [&hellip;]<\/p>\n","protected":false},"author":1,"featured_media":0,"comment_status":"open","ping_status":"open","sticky":false,"template":"","format":"standard","meta":{"site-sidebar-layout":"default","site-content-layout":"","ast-site-content-layout":"","site-content-style":"default","site-sidebar-style":"default","ast-global-header-display":"","ast-banner-title-visibility":"","ast-main-header-display":"","ast-hfb-above-header-display":"","ast-hfb-below-header-display":"","ast-hfb-mobile-header-display":"","site-post-title":"","ast-breadcrumbs-content":"","ast-featured-img":"","footer-sml-layout":"","theme-transparent-header-meta":"","adv-header-id-meta":"","stick-header-meta":"","header-above-stick-meta":"","header-main-stick-meta":"","header-below-stick-meta":"","astra-migrate-meta-layouts":"default","ast-page-background-enabled":"default","ast-page-background-meta":{"desktop":{"background-color":"var(--ast-global-color-4)","background-image":"","background-repeat":"repeat","background-position":"center center","background-size":"auto","background-attachment":"scroll","background-type":"","background-media":"","overlay-type":"","overlay-color":"","overlay-gradient":""},"tablet":{"background-color":"","background-image":"","background-repeat":"repeat","background-position":"center center","background-size":"auto","background-attachment":"scroll","background-type":"","background-media":"","overlay-type":"","overlay-color":"","overlay-gradient":""},"mobile":{"background-color":"","background-image":"","background-repeat":"repeat","background-position":"center center","background-size":"auto","background-attachment":"scroll","background-type":"","background-media":"","overlay-type":"","overlay-color":"","overlay-gradient":""}},"ast-content-background-meta":{"desktop":{"background-color":"var(--ast-global-color-5)","background-image":"","background-repeat":"repeat","background-position":"center center","background-size":"auto","background-attachment":"scroll","background-type":"","background-media":"","overlay-type":"","overlay-color":"","overlay-gradient":""},"tablet":{"background-color":"var(--ast-global-color-5)","background-image":"","background-repeat":"repeat","background-position":"center center","background-size":"auto","background-attachment":"scroll","background-type":"","background-media":"","overlay-type":"","overlay-color":"","overlay-gradient":""},"mobile":{"background-color":"var(--ast-global-color-5)","background-image":"","background-repeat":"repeat","background-position":"center center","background-size":"auto","background-attachment":"scroll","background-type":"","background-media":"","overlay-type":"","overlay-color":"","overlay-gradient":""}},"footnotes":""},"categories":[1301,829,16820],"tags":[1307,43616,69259,19086,141192,32463],"class_list":["post-63971","post","type-post","status-publish","format-standard","hentry","category-estudios-industriales","category-modelos-y-teorias-del-desarrollo-economico","category-politecnica-de-valencia","tag-francesc-sole-parellada","tag-francisco-javier-molina-morales","tag-ignacio-fernandez-de-lucio","tag-josep-antoni-ybarra-perez","tag-manuel-exposito-langa","tag-pedro-manuel-garcia-villaverde"],"_links":{"self":[{"href":"https:\/\/www.deberes.net\/tesis\/wp-json\/wp\/v2\/posts\/63971","targetHints":{"allow":["GET"]}}],"collection":[{"href":"https:\/\/www.deberes.net\/tesis\/wp-json\/wp\/v2\/posts"}],"about":[{"href":"https:\/\/www.deberes.net\/tesis\/wp-json\/wp\/v2\/types\/post"}],"author":[{"embeddable":true,"href":"https:\/\/www.deberes.net\/tesis\/wp-json\/wp\/v2\/users\/1"}],"replies":[{"embeddable":true,"href":"https:\/\/www.deberes.net\/tesis\/wp-json\/wp\/v2\/comments?post=63971"}],"version-history":[{"count":0,"href":"https:\/\/www.deberes.net\/tesis\/wp-json\/wp\/v2\/posts\/63971\/revisions"}],"wp:attachment":[{"href":"https:\/\/www.deberes.net\/tesis\/wp-json\/wp\/v2\/media?parent=63971"}],"wp:term":[{"taxonomy":"category","embeddable":true,"href":"https:\/\/www.deberes.net\/tesis\/wp-json\/wp\/v2\/categories?post=63971"},{"taxonomy":"post_tag","embeddable":true,"href":"https:\/\/www.deberes.net\/tesis\/wp-json\/wp\/v2\/tags?post=63971"}],"curies":[{"name":"wp","href":"https:\/\/api.w.org\/{rel}","templated":true}]}}