{"id":63985,"date":"2018-03-09T22:52:00","date_gmt":"2018-03-09T22:52:00","guid":{"rendered":"https:\/\/www.deberes.net\/tesis\/sin-categoria\/estudio-comparativo-de-dos-tipos-de-cotilos-troncoconicos-roscados\/"},"modified":"2018-03-09T22:52:00","modified_gmt":"2018-03-09T22:52:00","slug":"estudio-comparativo-de-dos-tipos-de-cotilos-troncoconicos-roscados","status":"publish","type":"post","link":"https:\/\/www.deberes.net\/tesis\/cirugia\/estudio-comparativo-de-dos-tipos-de-cotilos-troncoconicos-roscados\/","title":{"rendered":"Estudio comparativo de dos tipos de cotilos troncoc\u00f3nicos roscados"},"content":{"rendered":"<h2>Tesis doctoral de <strong> Jos\u00e9 Sim\u00f3n S\u00e1nchez D\u00edaz <\/strong><\/h2>\n<p>Estudio comparativo tanto desde el punto de vista cl\u00ednico como radiol\u00f3gico de dos series de pacientes portadores de pr\u00f3tesis totales de cadera con cotilos de dise\u00f1o troncoc\u00f3nico roscado (cotilo tipo cst y cotilo de mittelmeier. se analizan tanto variables cl\u00ednicas como radiol\u00f3gicas, as\u00ed como su relaci\u00f3n con el aflojamiento as\u00e9ptico y se realiza un an\u00e1lisis de supervivencia.<\/p>\n<p>&nbsp;<\/p>\n<h3>Datos acad\u00e9micos de la tesis doctoral \u00ab<strong>Estudio comparativo de dos tipos de cotilos troncoc\u00f3nicos roscados<\/strong>\u00ab<\/h3>\n<ul>\n<li><strong>T\u00edtulo de la tesis:<\/strong>\u00a0 Estudio comparativo de dos tipos de cotilos troncoc\u00f3nicos roscados <\/li>\n<li><strong>Autor:<\/strong>\u00a0 Jos\u00e9 Sim\u00f3n S\u00e1nchez D\u00edaz <\/li>\n<li><strong>Universidad:<\/strong>\u00a0 Barcelona<\/li>\n<li><strong>Fecha de lectura de la tesis:<\/strong>\u00a0 15\/04\/2008<\/li>\n<\/ul>\n<p>&nbsp;<\/p>\n<h3>Direcci\u00f3n y tribunal<\/h3>\n<ul>\n<li><strong>Director de la tesis<\/strong>\n<ul>\n<li>Alfons Fern\u00e1ndez  Sabat\u00e9<\/li>\n<\/ul>\n<\/li>\n<li><strong>Tribunal<\/strong>\n<ul>\n<li>Presidente del tribunal: joan Nardi vilardaga <\/li>\n<li>xavier Mir bullo (vocal)<\/li>\n<li>josep Gin\u00e9 gom\u00ed\u00a0 (vocal)<\/li>\n<li>enrique Caceres palou (vocal)<\/li>\n<\/ul>\n<\/li>\n<\/ul>\n<p>&nbsp;<\/p>\n","protected":false},"excerpt":{"rendered":"<p>Tesis doctoral de Jos\u00e9 Sim\u00f3n S\u00e1nchez D\u00edaz Estudio comparativo tanto desde el punto de vista cl\u00ednico como radiol\u00f3gico de dos [&hellip;]<\/p>\n","protected":false},"author":1,"featured_media":0,"comment_status":"open","ping_status":"open","sticky":false,"template":"","format":"standard","meta":{"site-sidebar-layout":"default","site-content-layout":"","ast-site-content-layout":"","site-content-style":"default","site-sidebar-style":"default","ast-global-header-display":"","ast-banner-title-visibility":"","ast-main-header-display":"","ast-hfb-above-header-display":"","ast-hfb-below-header-display":"","ast-hfb-mobile-header-display":"","site-post-title":"","ast-breadcrumbs-content":"","ast-featured-img":"","footer-sml-layout":"","theme-transparent-header-meta":"","adv-header-id-meta":"","stick-header-meta":"","header-above-stick-meta":"","header-main-stick-meta":"","header-below-stick-meta":"","astra-migrate-meta-layouts":"default","ast-page-background-enabled":"default","ast-page-background-meta":{"desktop":{"background-color":"var(--ast-global-color-4)","background-image":"","background-repeat":"repeat","background-position":"center center","background-size":"auto","background-attachment":"scroll","background-type":"","background-media":"","overlay-type":"","overlay-color":"","overlay-gradient":""},"tablet":{"background-color":"","background-image":"","background-repeat":"repeat","background-position":"center center","background-size":"auto","background-attachment":"scroll","background-type":"","background-media":"","overlay-type":"","overlay-color":"","overlay-gradient":""},"mobile":{"background-color":"","background-image":"","background-repeat":"repeat","background-position":"center center","background-size":"auto","background-attachment":"scroll","background-type":"","background-media":"","overlay-type":"","overlay-color":"","overlay-gradient":""}},"ast-content-background-meta":{"desktop":{"background-color":"var(--ast-global-color-5)","background-image":"","background-repeat":"repeat","background-position":"center center","background-size":"auto","background-attachment":"scroll","background-type":"","background-media":"","overlay-type":"","overlay-color":"","overlay-gradient":""},"tablet":{"background-color":"var(--ast-global-color-5)","background-image":"","background-repeat":"repeat","background-position":"center center","background-size":"auto","background-attachment":"scroll","background-type":"","background-media":"","overlay-type":"","overlay-color":"","overlay-gradient":""},"mobile":{"background-color":"var(--ast-global-color-5)","background-image":"","background-repeat":"repeat","background-position":"center center","background-size":"auto","background-attachment":"scroll","background-type":"","background-media":"","overlay-type":"","overlay-color":"","overlay-gradient":""}},"footnotes":""},"categories":[951,141,4233],"tags":[14166,42526,14108,141226,141227,87345],"class_list":["post-63985","post","type-post","status-publish","format-standard","hentry","category-barcelona","category-cirugia","category-cirugia-ortopedica","tag-alfons-fernandez-sabate","tag-enrique-caceres-palou","tag-joan-nardi-vilardaga","tag-jose-simon-sanchez-diaz","tag-josep-gine-gomi","tag-xavier-mir-bullo"],"_links":{"self":[{"href":"https:\/\/www.deberes.net\/tesis\/wp-json\/wp\/v2\/posts\/63985","targetHints":{"allow":["GET"]}}],"collection":[{"href":"https:\/\/www.deberes.net\/tesis\/wp-json\/wp\/v2\/posts"}],"about":[{"href":"https:\/\/www.deberes.net\/tesis\/wp-json\/wp\/v2\/types\/post"}],"author":[{"embeddable":true,"href":"https:\/\/www.deberes.net\/tesis\/wp-json\/wp\/v2\/users\/1"}],"replies":[{"embeddable":true,"href":"https:\/\/www.deberes.net\/tesis\/wp-json\/wp\/v2\/comments?post=63985"}],"version-history":[{"count":0,"href":"https:\/\/www.deberes.net\/tesis\/wp-json\/wp\/v2\/posts\/63985\/revisions"}],"wp:attachment":[{"href":"https:\/\/www.deberes.net\/tesis\/wp-json\/wp\/v2\/media?parent=63985"}],"wp:term":[{"taxonomy":"category","embeddable":true,"href":"https:\/\/www.deberes.net\/tesis\/wp-json\/wp\/v2\/categories?post=63985"},{"taxonomy":"post_tag","embeddable":true,"href":"https:\/\/www.deberes.net\/tesis\/wp-json\/wp\/v2\/tags?post=63985"}],"curies":[{"name":"wp","href":"https:\/\/api.w.org\/{rel}","templated":true}]}}