{"id":64146,"date":"2018-03-09T22:52:08","date_gmt":"2018-03-09T22:52:08","guid":{"rendered":"https:\/\/www.deberes.net\/tesis\/sin-categoria\/el-sector-de-la-exhibicion-espanola-centros-comerciales-y-meglaexes-25-anos-de-cambios\/"},"modified":"2018-03-09T22:52:08","modified_gmt":"2018-03-09T22:52:08","slug":"el-sector-de-la-exhibicion-espanola-centros-comerciales-y-meglaexes-25-anos-de-cambios","status":"publish","type":"post","link":"https:\/\/www.deberes.net\/tesis\/cinematografia\/el-sector-de-la-exhibicion-espanola-centros-comerciales-y-meglaexes-25-anos-de-cambios\/","title":{"rendered":"El sector de la exhibicion espa\u00f1ola: centros comerciales y meglaexes (25 a\u00f1os de cambios)"},"content":{"rendered":"<h2>Tesis doctoral de <strong> Jos\u00e9 Vicente Garcia  Santamaria <\/strong><\/h2>\n<p>Estudio del sector de la exhibici\u00f3n desde una perspectiva econ\u00f3mica industrial sobre la reconversi\u00f3n tecnol\u00f3gica acometida en el sector  y los cambios en los h\u00e1bitos de ocio de los consumidores.<\/p>\n<p>&nbsp;<\/p>\n<h3>Datos acad\u00e9micos de la tesis doctoral \u00ab<strong>El sector de la exhibicion espa\u00f1ola: centros comerciales y meglaexes (25 a\u00f1os de cambios)<\/strong>\u00ab<\/h3>\n<ul>\n<li><strong>T\u00edtulo de la tesis:<\/strong>\u00a0 El sector de la exhibicion espa\u00f1ola: centros comerciales y meglaexes (25 a\u00f1os de cambios) <\/li>\n<li><strong>Autor:<\/strong>\u00a0 Jos\u00e9 Vicente Garcia  Santamaria <\/li>\n<li><strong>Universidad:<\/strong>\u00a0 Rey juan carlos<\/li>\n<li><strong>Fecha de lectura de la tesis:<\/strong>\u00a0 23\/04\/2008<\/li>\n<\/ul>\n<p>&nbsp;<\/p>\n<h3>Direcci\u00f3n y tribunal<\/h3>\n<ul>\n<li><strong>Director de la tesis<\/strong>\n<ul>\n<li>Jos\u00e9 Mar\u00eda Alvarez Monzoncillo<\/li>\n<\/ul>\n<\/li>\n<li><strong>Tribunal<\/strong>\n<ul>\n<li>Presidente del tribunal: santos Zonzonegui diez <\/li>\n<li>Emilio Fernandez pe\u00f1a (vocal)<\/li>\n<li>Miguel De aguilera moyano (vocal)<\/li>\n<li>Jos\u00e9 Fernandez-beaumont fernandez (vocal)<\/li>\n<\/ul>\n<\/li>\n<\/ul>\n<p>&nbsp;<\/p>\n","protected":false},"excerpt":{"rendered":"<p>Tesis doctoral de Jos\u00e9 Vicente Garcia Santamaria Estudio del sector de la exhibici\u00f3n desde una perspectiva econ\u00f3mica industrial sobre la [&hellip;]<\/p>\n","protected":false},"author":1,"featured_media":0,"comment_status":"open","ping_status":"open","sticky":false,"template":"","format":"standard","meta":{"site-sidebar-layout":"default","site-content-layout":"","ast-site-content-layout":"","site-content-style":"default","site-sidebar-style":"default","ast-global-header-display":"","ast-banner-title-visibility":"","ast-main-header-display":"","ast-hfb-above-header-display":"","ast-hfb-below-header-display":"","ast-hfb-mobile-header-display":"","site-post-title":"","ast-breadcrumbs-content":"","ast-featured-img":"","footer-sml-layout":"","theme-transparent-header-meta":"","adv-header-id-meta":"","stick-header-meta":"","header-above-stick-meta":"","header-main-stick-meta":"","header-below-stick-meta":"","astra-migrate-meta-layouts":"default","ast-page-background-enabled":"default","ast-page-background-meta":{"desktop":{"background-color":"var(--ast-global-color-4)","background-image":"","background-repeat":"repeat","background-position":"center center","background-size":"auto","background-attachment":"scroll","background-type":"","background-media":"","overlay-type":"","overlay-color":"","overlay-gradient":""},"tablet":{"background-color":"","background-image":"","background-repeat":"repeat","background-position":"center center","background-size":"auto","background-attachment":"scroll","background-type":"","background-media":"","overlay-type":"","overlay-color":"","overlay-gradient":""},"mobile":{"background-color":"","background-image":"","background-repeat":"repeat","background-position":"center center","background-size":"auto","background-attachment":"scroll","background-type":"","background-media":"","overlay-type":"","overlay-color":"","overlay-gradient":""}},"ast-content-background-meta":{"desktop":{"background-color":"var(--ast-global-color-5)","background-image":"","background-repeat":"repeat","background-position":"center center","background-size":"auto","background-attachment":"scroll","background-type":"","background-media":"","overlay-type":"","overlay-color":"","overlay-gradient":""},"tablet":{"background-color":"var(--ast-global-color-5)","background-image":"","background-repeat":"repeat","background-position":"center center","background-size":"auto","background-attachment":"scroll","background-type":"","background-media":"","overlay-type":"","overlay-color":"","overlay-gradient":""},"mobile":{"background-color":"var(--ast-global-color-5)","background-image":"","background-repeat":"repeat","background-position":"center center","background-size":"auto","background-attachment":"scroll","background-type":"","background-media":"","overlay-type":"","overlay-color":"","overlay-gradient":""}},"footnotes":""},"categories":[5547,6713,36610,13715],"tags":[45480,120489,41266,141559,5319,141560],"class_list":["post-64146","post","type-post","status-publish","format-standard","hentry","category-cinematografia","category-desarrollo-socioeconomico","category-rey-juan-carlos","category-sociologia-de-los-medios-de-comunicacion-de-masas","tag-emilio-fernandez-pena","tag-jose-fernandez-beaumont-fernandez","tag-jose-maria-alvarez-monzoncillo","tag-jose-vicente-garcia-santamaria","tag-miguel-de-aguilera-moyano","tag-santos-zonzonegui-diez"],"_links":{"self":[{"href":"https:\/\/www.deberes.net\/tesis\/wp-json\/wp\/v2\/posts\/64146","targetHints":{"allow":["GET"]}}],"collection":[{"href":"https:\/\/www.deberes.net\/tesis\/wp-json\/wp\/v2\/posts"}],"about":[{"href":"https:\/\/www.deberes.net\/tesis\/wp-json\/wp\/v2\/types\/post"}],"author":[{"embeddable":true,"href":"https:\/\/www.deberes.net\/tesis\/wp-json\/wp\/v2\/users\/1"}],"replies":[{"embeddable":true,"href":"https:\/\/www.deberes.net\/tesis\/wp-json\/wp\/v2\/comments?post=64146"}],"version-history":[{"count":0,"href":"https:\/\/www.deberes.net\/tesis\/wp-json\/wp\/v2\/posts\/64146\/revisions"}],"wp:attachment":[{"href":"https:\/\/www.deberes.net\/tesis\/wp-json\/wp\/v2\/media?parent=64146"}],"wp:term":[{"taxonomy":"category","embeddable":true,"href":"https:\/\/www.deberes.net\/tesis\/wp-json\/wp\/v2\/categories?post=64146"},{"taxonomy":"post_tag","embeddable":true,"href":"https:\/\/www.deberes.net\/tesis\/wp-json\/wp\/v2\/tags?post=64146"}],"curies":[{"name":"wp","href":"https:\/\/api.w.org\/{rel}","templated":true}]}}