{"id":64196,"date":"2018-03-09T22:52:11","date_gmt":"2018-03-09T22:52:11","guid":{"rendered":"https:\/\/www.deberes.net\/tesis\/sin-categoria\/un-armazon-para-el-desarrollo-de-aplicaciones-de-narracion-automatica-basado-en-componentes-ontologicos-reutilizables\/"},"modified":"2018-03-09T22:52:11","modified_gmt":"2018-03-09T22:52:11","slug":"un-armazon-para-el-desarrollo-de-aplicaciones-de-narracion-automatica-basado-en-componentes-ontologicos-reutilizables","status":"publish","type":"post","link":"https:\/\/www.deberes.net\/tesis\/sin-categoria\/un-armazon-para-el-desarrollo-de-aplicaciones-de-narracion-automatica-basado-en-componentes-ontologicos-reutilizables\/","title":{"rendered":"Un armaz\u00f3n para el desarrollo de aplicaciones de narraci\u00f3n autom\u00e1tica basado en componentes ontol\u00f3gicos reutilizables."},"content":{"rendered":"<h2>Tesis doctoral de <strong> Federico Peinado Gil <\/strong><\/h2>\n<p>El ordenador se ha utilizado como medio de expresi\u00f3n narrativa desde hace d\u00e9cadas. la informaci\u00f3n ha permitido desarrollar tecnolog\u00edas muy potentes para el tratamiento de la informaci\u00f3n narrativa, permitiendo almacenar, organizar, modificar y reproducir contenidos de todo tipo. La generaci\u00f3n de historias es una de esas tareas y su automatizaci\u00f3n forma parte de ese gran proyecto a largo plazo al que llamamos \u00abinteligencia artificial\u00bb. En este trabajo se estudian los fundamentos te\u00f3ricos de la narraci\u00f3n autom\u00e1tica, se revisan las diversas metodolog\u00edas y tecnolog\u00edas implicadas en su desarrollo y se analizan los resultados obtenidos hasta el momento y su documentaci\u00f3n en la literatura cient\u00edfica. Este trabajo de tesis pretende construir un armaz\u00f3n s\u00f3lido y adecuado para el desarrollo de aplicaciones de narraci\u00f3n autom\u00e1tica.  los objetivos se centran sobre aquellos problemas que afectan m\u00e1s negativamente a la organizaci\u00f3n, modularidad y reusabilidad de dos elementos b\u00e1sicos: por un lado el conocimiento necesario para representar historias en un ordenador, y por otro los procesos capaces de manipular dicho conocimiento para generar historias que satisfagan unos criterios preestablecidos de valor y novedad. La propuesta utiliza l\u00f3gicas descriptivas y programaci\u00f3n orientada a objetos para construir un armaz\u00f3n compuesto de un n\u00facleo software y un repositorio extensible de componentes ontol\u00f3gicos reutilizables que encapsulan la sem\u00e1ntica declarativa y operacional de los principales dominios relacionados con la narraci\u00f3n autom\u00e1tica. La evaluaci\u00f3n de esta propuesta y de sus resultados da lugar a una discusi\u00f3n sobre la expresividad que presenta esta soluci\u00f3n frente a las dem\u00e1s propuestas revisadas previamente. Finalmente se presentan las conclusiones de esta investigaci\u00f3n, incluyendo algunas sugerencias sobre cuales han de ser las l\u00edneas de investigaci\u00f3n futuras. palabras clave generaci\u00f3n de historias, narratolog\u00eda computacional, ingenier\u00eda ontol\u00f3gica<\/p>\n<p>&nbsp;<\/p>\n<h3>Datos acad\u00e9micos de la tesis doctoral \u00ab<strong>Un armaz\u00f3n para el desarrollo de aplicaciones de narraci\u00f3n autom\u00e1tica basado en componentes ontol\u00f3gicos reutilizables.<\/strong>\u00ab<\/h3>\n<ul>\n<li><strong>T\u00edtulo de la tesis:<\/strong>\u00a0 Un armaz\u00f3n para el desarrollo de aplicaciones de narraci\u00f3n autom\u00e1tica basado en componentes ontol\u00f3gicos reutilizables. <\/li>\n<li><strong>Autor:<\/strong>\u00a0 Federico Peinado Gil <\/li>\n<li><strong>Universidad:<\/strong>\u00a0 Complutense de Madrid<\/li>\n<li><strong>Fecha de lectura de la tesis:<\/strong>\u00a0 25\/04\/2008<\/li>\n<\/ul>\n<p>&nbsp;<\/p>\n<h3>Direcci\u00f3n y tribunal<\/h3>\n<ul>\n<li><strong>Director de la tesis<\/strong>\n<ul>\n<li>navarro Gerv\u00e1s G\u00f3mez<\/li>\n<\/ul>\n<\/li>\n<li><strong>Tribunal<\/strong>\n<ul>\n<li>Presidente del tribunal: Juan Pavon mestras <\/li>\n<li>Rafael P\u00e9rez p\u00e9rez (vocal)<\/li>\n<li>Francisco C\u00e1mara pereira (vocal)<\/li>\n<li>Antonio Garc\u00eda jim\u00e9nez (vocal)<\/li>\n<\/ul>\n<\/li>\n<\/ul>\n<p>&nbsp;<\/p>\n","protected":false},"excerpt":{"rendered":"<p>Tesis doctoral de Federico Peinado Gil El ordenador se ha utilizado como medio de expresi\u00f3n narrativa desde hace d\u00e9cadas. la [&hellip;]<\/p>\n","protected":false},"author":1,"featured_media":0,"comment_status":"open","ping_status":"open","sticky":false,"template":"","format":"standard","meta":{"site-sidebar-layout":"default","site-content-layout":"","ast-site-content-layout":"","site-content-style":"default","site-sidebar-style":"default","ast-global-header-display":"","ast-banner-title-visibility":"","ast-main-header-display":"","ast-hfb-above-header-display":"","ast-hfb-below-header-display":"","ast-hfb-mobile-header-display":"","site-post-title":"","ast-breadcrumbs-content":"","ast-featured-img":"","footer-sml-layout":"","theme-transparent-header-meta":"","adv-header-id-meta":"","stick-header-meta":"","header-above-stick-meta":"","header-main-stick-meta":"","header-below-stick-meta":"","astra-migrate-meta-layouts":"default","ast-page-background-enabled":"default","ast-page-background-meta":{"desktop":{"background-color":"var(--ast-global-color-4)","background-image":"","background-repeat":"repeat","background-position":"center center","background-size":"auto","background-attachment":"scroll","background-type":"","background-media":"","overlay-type":"","overlay-color":"","overlay-gradient":""},"tablet":{"background-color":"","background-image":"","background-repeat":"repeat","background-position":"center center","background-size":"auto","background-attachment":"scroll","background-type":"","background-media":"","overlay-type":"","overlay-color":"","overlay-gradient":""},"mobile":{"background-color":"","background-image":"","background-repeat":"repeat","background-position":"center center","background-size":"auto","background-attachment":"scroll","background-type":"","background-media":"","overlay-type":"","overlay-color":"","overlay-gradient":""}},"ast-content-background-meta":{"desktop":{"background-color":"var(--ast-global-color-5)","background-image":"","background-repeat":"repeat","background-position":"center center","background-size":"auto","background-attachment":"scroll","background-type":"","background-media":"","overlay-type":"","overlay-color":"","overlay-gradient":""},"tablet":{"background-color":"var(--ast-global-color-5)","background-image":"","background-repeat":"repeat","background-position":"center center","background-size":"auto","background-attachment":"scroll","background-type":"","background-media":"","overlay-type":"","overlay-color":"","overlay-gradient":""},"mobile":{"background-color":"var(--ast-global-color-5)","background-image":"","background-repeat":"repeat","background-position":"center center","background-size":"auto","background-attachment":"scroll","background-type":"","background-media":"","overlay-type":"","overlay-color":"","overlay-gradient":""}},"footnotes":""},"categories":[1],"tags":[70794,141669,141671,38697,141670,927],"class_list":["post-64196","post","type-post","status-publish","format-standard","hentry","category-sin-categoria","tag-antonio-garcia-jimenez","tag-federico-peinado-gil","tag-francisco-camara-pereira","tag-juan-pavon-mestras","tag-navarro-gervas-gomez","tag-rafael-perez-perez"],"_links":{"self":[{"href":"https:\/\/www.deberes.net\/tesis\/wp-json\/wp\/v2\/posts\/64196","targetHints":{"allow":["GET"]}}],"collection":[{"href":"https:\/\/www.deberes.net\/tesis\/wp-json\/wp\/v2\/posts"}],"about":[{"href":"https:\/\/www.deberes.net\/tesis\/wp-json\/wp\/v2\/types\/post"}],"author":[{"embeddable":true,"href":"https:\/\/www.deberes.net\/tesis\/wp-json\/wp\/v2\/users\/1"}],"replies":[{"embeddable":true,"href":"https:\/\/www.deberes.net\/tesis\/wp-json\/wp\/v2\/comments?post=64196"}],"version-history":[{"count":0,"href":"https:\/\/www.deberes.net\/tesis\/wp-json\/wp\/v2\/posts\/64196\/revisions"}],"wp:attachment":[{"href":"https:\/\/www.deberes.net\/tesis\/wp-json\/wp\/v2\/media?parent=64196"}],"wp:term":[{"taxonomy":"category","embeddable":true,"href":"https:\/\/www.deberes.net\/tesis\/wp-json\/wp\/v2\/categories?post=64196"},{"taxonomy":"post_tag","embeddable":true,"href":"https:\/\/www.deberes.net\/tesis\/wp-json\/wp\/v2\/tags?post=64196"}],"curies":[{"name":"wp","href":"https:\/\/api.w.org\/{rel}","templated":true}]}}