{"id":64200,"date":"2018-03-09T22:52:11","date_gmt":"2018-03-09T22:52:11","guid":{"rendered":"https:\/\/www.deberes.net\/tesis\/sin-categoria\/busqueda-y-caracterizacion-de-nuevos-materiales-y-su-aplicacion-en-recubrmientos-opticos-para-el-ultravioleta-lejano-y-extremo\/"},"modified":"2018-03-09T22:52:11","modified_gmt":"2018-03-09T22:52:11","slug":"busqueda-y-caracterizacion-de-nuevos-materiales-y-su-aplicacion-en-recubrmientos-opticos-para-el-ultravioleta-lejano-y-extremo","status":"publish","type":"post","link":"https:\/\/www.deberes.net\/tesis\/propiedades-opticas-de-materiales\/busqueda-y-caracterizacion-de-nuevos-materiales-y-su-aplicacion-en-recubrmientos-opticos-para-el-ultravioleta-lejano-y-extremo\/","title":{"rendered":"B\u00fasqueda y caracterizaci\u00f3n de nuevos materiales y su aplicaci\u00f3n en recubrmientos \u00f3pticos para el ultravioleta lejano y extremo"},"content":{"rendered":"<h2>Tesis doctoral de <strong> M\u00f3nica Fern\u00e1ndez Perea <\/strong><\/h2>\n<p>El intervalo espectral conocido como ultravioleta lejano y extremo (fuv\/euv), que comprende longitudes de onda entre 10 y 200 nm, ha permanecido pr\u00e1cticamente inexplorado debido a la gran absorci\u00f3n que presentan los materiales. Sin embargo, en la actualidad existe una gran motivaci\u00f3n por parte de la comunidad cient\u00edfica para el desarrollo de instrumentaci\u00f3n en este intervalo espectral, cuya eficiencia depende en gran medida de la de los recubrimientos \u00f3pticos. De entre los diversos campos de aplicaci\u00f3n de la instrumentaci\u00f3n en el fuv\/euv, cabe destacar la exploraci\u00f3n del universo, la litograf\u00eda en el euv, las instalaciones sincrotr\u00f3n o la f\u00edsica de plasmas. el conocimiento preciso de las constantes \u00f3pticas de los materiales en l\u00e1mina delgada es fundamental para que el dise\u00f1o de los recubrimientos \u00f3pticos se pueda realizar adecuadamente. En el fuv\/euv existe muchos materiales que no han sido a\u00fan caracterizados, mientras que otros lo han sido en condiciones inapropiadas. Por lo tanto uno de los objetivos de este trabajo fue la b\u00fasqueda y caracterizaci\u00f3n \u00f3ptica de materiales adecuados para su uso en recubrimientos \u00f3pticos para el fuv\/euv. Los materiales caracterizados fueron sic, sc, yb, ce, b y sio. El sic es un material establecido que no se hab\u00eda caracterizado adecuadamente con anterioridad, y los dem\u00e1s materiales eran candidatos a tener o bien alta reflectancia o relativamente baja absorci\u00f3n en el fuv\/euv. Los resultados obtenidos han confirmado la idoneidad de estos materiales como constituyentes de recubrimientos \u00f3pticos en el fuv\/euv. El otro objetivo de esta tesis doctoral fue el dise\u00f1o, preparaci\u00f3n y caracterizaci\u00f3n de recubrimientos \u00f3pticos para la regi\u00f3n del fuv\/euv con longitudes de onda comprendidas entre 50 y 200 nm. Estos recubrimientos contienen materiales que fueron estudiados previamente en el grupo de \u00f3ptica de l\u00e1minas delgadas, as\u00ed como algunos de los materiales que se han caracterizado en el contexto de esta tesis doctoral. Se han preparado espejos de banda ancha (bicapas de al y mgf2 y multicapas de al, mgf2 y sic), y filtros que funcionan por transmisi\u00f3n (multicapas de al y mgf2) y por reflexi\u00f3n (multicapas de al, yb y sio). Por \u00faltimo, se han aportado nuevos datos acerca del envejecimiento y las posibles v\u00edas para mejorar la eficiencia de estos recubrimientos.<\/p>\n<p>&nbsp;<\/p>\n<h3>Datos acad\u00e9micos de la tesis doctoral \u00ab<strong>B\u00fasqueda y caracterizaci\u00f3n de nuevos materiales y su aplicaci\u00f3n en recubrmientos \u00f3pticos para el ultravioleta lejano y extremo<\/strong>\u00ab<\/h3>\n<ul>\n<li><strong>T\u00edtulo de la tesis:<\/strong>\u00a0 B\u00fasqueda y caracterizaci\u00f3n de nuevos materiales y su aplicaci\u00f3n en recubrmientos \u00f3pticos para el ultravioleta lejano y extremo <\/li>\n<li><strong>Autor:<\/strong>\u00a0 M\u00f3nica Fern\u00e1ndez Perea <\/li>\n<li><strong>Universidad:<\/strong>\u00a0 Complutense de Madrid<\/li>\n<li><strong>Fecha de lectura de la tesis:<\/strong>\u00a0 25\/04\/2008<\/li>\n<\/ul>\n<p>&nbsp;<\/p>\n<h3>Direcci\u00f3n y tribunal<\/h3>\n<ul>\n<li><strong>Director de la tesis<\/strong>\n<ul>\n<li>Jos\u00e9 Antonio M\u00e9ndez Morales<\/li>\n<\/ul>\n<\/li>\n<li><strong>Tribunal<\/strong>\n<ul>\n<li>Presidente del tribunal: Mar\u00eda Luisa Calvo padilla <\/li>\n<li>Carlos Rivera de lucas (vocal)<\/li>\n<li>Luis Roso franco (vocal)<\/li>\n<li>marco Malvezzi (vocal)<\/li>\n<\/ul>\n<\/li>\n<\/ul>\n<p>&nbsp;<\/p>\n","protected":false},"excerpt":{"rendered":"<p>Tesis doctoral de M\u00f3nica Fern\u00e1ndez Perea El intervalo espectral conocido como ultravioleta lejano y extremo (fuv\/euv), que comprende longitudes de [&hellip;]<\/p>\n","protected":false},"author":1,"featured_media":0,"comment_status":"open","ping_status":"open","sticky":false,"template":"","format":"standard","meta":{"site-sidebar-layout":"default","site-content-layout":"","ast-site-content-layout":"","site-content-style":"default","site-sidebar-style":"default","ast-global-header-display":"","ast-banner-title-visibility":"","ast-main-header-display":"","ast-hfb-above-header-display":"","ast-hfb-below-header-display":"","ast-hfb-mobile-header-display":"","site-post-title":"","ast-breadcrumbs-content":"","ast-featured-img":"","footer-sml-layout":"","theme-transparent-header-meta":"","adv-header-id-meta":"","stick-header-meta":"","header-above-stick-meta":"","header-main-stick-meta":"","header-below-stick-meta":"","astra-migrate-meta-layouts":"default","ast-page-background-enabled":"default","ast-page-background-meta":{"desktop":{"background-color":"var(--ast-global-color-4)","background-image":"","background-repeat":"repeat","background-position":"center center","background-size":"auto","background-attachment":"scroll","background-type":"","background-media":"","overlay-type":"","overlay-color":"","overlay-gradient":""},"tablet":{"background-color":"","background-image":"","background-repeat":"repeat","background-position":"center center","background-size":"auto","background-attachment":"scroll","background-type":"","background-media":"","overlay-type":"","overlay-color":"","overlay-gradient":""},"mobile":{"background-color":"","background-image":"","background-repeat":"repeat","background-position":"center center","background-size":"auto","background-attachment":"scroll","background-type":"","background-media":"","overlay-type":"","overlay-color":"","overlay-gradient":""}},"ast-content-background-meta":{"desktop":{"background-color":"var(--ast-global-color-5)","background-image":"","background-repeat":"repeat","background-position":"center center","background-size":"auto","background-attachment":"scroll","background-type":"","background-media":"","overlay-type":"","overlay-color":"","overlay-gradient":""},"tablet":{"background-color":"var(--ast-global-color-5)","background-image":"","background-repeat":"repeat","background-position":"center center","background-size":"auto","background-attachment":"scroll","background-type":"","background-media":"","overlay-type":"","overlay-color":"","overlay-gradient":""},"mobile":{"background-color":"var(--ast-global-color-5)","background-image":"","background-repeat":"repeat","background-position":"center center","background-size":"auto","background-attachment":"scroll","background-type":"","background-media":"","overlay-type":"","overlay-color":"","overlay-gradient":""}},"footnotes":""},"categories":[6136,14875],"tags":[132384,141682,12394,141683,40650,141681],"class_list":["post-64200","post","type-post","status-publish","format-standard","hentry","category-propiedades-opticas-de-materiales","category-radiacion-ultravioleta","tag-carlos-rivera-de-lucas","tag-jose-antonio-mendez-morales","tag-luis-roso-franco","tag-marco-malvezzi","tag-maria-luisa-calvo-padilla","tag-monica-fernandez-perea"],"_links":{"self":[{"href":"https:\/\/www.deberes.net\/tesis\/wp-json\/wp\/v2\/posts\/64200","targetHints":{"allow":["GET"]}}],"collection":[{"href":"https:\/\/www.deberes.net\/tesis\/wp-json\/wp\/v2\/posts"}],"about":[{"href":"https:\/\/www.deberes.net\/tesis\/wp-json\/wp\/v2\/types\/post"}],"author":[{"embeddable":true,"href":"https:\/\/www.deberes.net\/tesis\/wp-json\/wp\/v2\/users\/1"}],"replies":[{"embeddable":true,"href":"https:\/\/www.deberes.net\/tesis\/wp-json\/wp\/v2\/comments?post=64200"}],"version-history":[{"count":0,"href":"https:\/\/www.deberes.net\/tesis\/wp-json\/wp\/v2\/posts\/64200\/revisions"}],"wp:attachment":[{"href":"https:\/\/www.deberes.net\/tesis\/wp-json\/wp\/v2\/media?parent=64200"}],"wp:term":[{"taxonomy":"category","embeddable":true,"href":"https:\/\/www.deberes.net\/tesis\/wp-json\/wp\/v2\/categories?post=64200"},{"taxonomy":"post_tag","embeddable":true,"href":"https:\/\/www.deberes.net\/tesis\/wp-json\/wp\/v2\/tags?post=64200"}],"curies":[{"name":"wp","href":"https:\/\/api.w.org\/{rel}","templated":true}]}}