{"id":64280,"date":"2018-03-09T22:52:15","date_gmt":"2018-03-09T22:52:15","guid":{"rendered":"https:\/\/www.deberes.net\/tesis\/sin-categoria\/tranference-theory-between-quasi-banach-function-spaces-with-applications-to-the-restriction-of-fourier-multipliers\/"},"modified":"2018-03-09T22:52:15","modified_gmt":"2018-03-09T22:52:15","slug":"tranference-theory-between-quasi-banach-function-spaces-with-applications-to-the-restriction-of-fourier-multipliers","status":"publish","type":"post","link":"https:\/\/www.deberes.net\/tesis\/barcelona\/tranference-theory-between-quasi-banach-function-spaces-with-applications-to-the-restriction-of-fourier-multipliers\/","title":{"rendered":"Tranference theory between quasi-banach function spaces with applications to the restriction of fourier multipliers"},"content":{"rendered":"<h2>Tesis doctoral de <strong> Salvador Rodr\u00edguez L\u00f3pez <\/strong><\/h2>\n<p>&nbsp;<\/p>\n<h3>Datos acad\u00e9micos de la tesis doctoral \u00ab<strong>Tranference theory between quasi-banach function spaces with applications to the restriction of fourier multipliers<\/strong>\u00ab<\/h3>\n<ul>\n<li><strong>T\u00edtulo de la tesis:<\/strong>\u00a0 Tranference theory between quasi-banach function spaces with applications to the restriction of fourier multipliers <\/li>\n<li><strong>Autor:<\/strong>\u00a0 Salvador Rodr\u00edguez L\u00f3pez <\/li>\n<li><strong>Universidad:<\/strong>\u00a0 Barcelona<\/li>\n<li><strong>Fecha de lectura de la tesis:<\/strong>\u00a0 28\/04\/2008<\/li>\n<\/ul>\n<p>&nbsp;<\/p>\n<h3>Direcci\u00f3n y tribunal<\/h3>\n<ul>\n<li><strong>Director de la tesis<\/strong>\n<ul>\n<li>Mar\u00eda  Jes\u00fas Carrp Rossell<\/li>\n<\/ul>\n<\/li>\n<li><strong>Tribunal<\/strong>\n<ul>\n<li>Presidente del tribunal: joan llu\u00eds Cerd\u00ed\u00a0 mart\u00edn <\/li>\n<li>leonardo Colzani (vocal)<\/li>\n<li>t. Alastair gillespie (vocal)<\/li>\n<li>oscar Blasco de la cruz (vocal)<\/li>\n<\/ul>\n<\/li>\n<\/ul>\n<p>&nbsp;<\/p>\n","protected":false},"excerpt":{"rendered":"<p>Tesis doctoral de Salvador Rodr\u00edguez L\u00f3pez &nbsp; Datos acad\u00e9micos de la tesis doctoral \u00abTranference theory between quasi-banach function spaces with [&hellip;]<\/p>\n","protected":false},"author":1,"featured_media":0,"comment_status":"open","ping_status":"open","sticky":false,"template":"","format":"standard","meta":{"site-sidebar-layout":"default","site-content-layout":"","ast-site-content-layout":"","site-content-style":"default","site-sidebar-style":"default","ast-global-header-display":"","ast-banner-title-visibility":"","ast-main-header-display":"","ast-hfb-above-header-display":"","ast-hfb-below-header-display":"","ast-hfb-mobile-header-display":"","site-post-title":"","ast-breadcrumbs-content":"","ast-featured-img":"","footer-sml-layout":"","theme-transparent-header-meta":"","adv-header-id-meta":"","stick-header-meta":"","header-above-stick-meta":"","header-main-stick-meta":"","header-below-stick-meta":"","astra-migrate-meta-layouts":"default","ast-page-background-enabled":"default","ast-page-background-meta":{"desktop":{"background-color":"var(--ast-global-color-4)","background-image":"","background-repeat":"repeat","background-position":"center center","background-size":"auto","background-attachment":"scroll","background-type":"","background-media":"","overlay-type":"","overlay-color":"","overlay-gradient":""},"tablet":{"background-color":"","background-image":"","background-repeat":"repeat","background-position":"center center","background-size":"auto","background-attachment":"scroll","background-type":"","background-media":"","overlay-type":"","overlay-color":"","overlay-gradient":""},"mobile":{"background-color":"","background-image":"","background-repeat":"repeat","background-position":"center center","background-size":"auto","background-attachment":"scroll","background-type":"","background-media":"","overlay-type":"","overlay-color":"","overlay-gradient":""}},"ast-content-background-meta":{"desktop":{"background-color":"var(--ast-global-color-5)","background-image":"","background-repeat":"repeat","background-position":"center center","background-size":"auto","background-attachment":"scroll","background-type":"","background-media":"","overlay-type":"","overlay-color":"","overlay-gradient":""},"tablet":{"background-color":"var(--ast-global-color-5)","background-image":"","background-repeat":"repeat","background-position":"center center","background-size":"auto","background-attachment":"scroll","background-type":"","background-media":"","overlay-type":"","overlay-color":"","overlay-gradient":""},"mobile":{"background-color":"var(--ast-global-color-5)","background-image":"","background-repeat":"repeat","background-position":"center center","background-size":"auto","background-attachment":"scroll","background-type":"","background-media":"","overlay-type":"","overlay-color":"","overlay-gradient":""}},"footnotes":""},"categories":[5924,951,41797],"tags":[14917,141817,141857,28928,141816,141858],"class_list":["post-64280","post","type-post","status-publish","format-standard","hentry","category-analisis-armonico","category-barcelona","category-transformadas-integrales","tag-joan-lluis-cerdi-martin","tag-leonardo-colzani","tag-maria-jesus-carrp-rossell","tag-oscar-blasco-de-la-cruz","tag-salvador-rodriguez-lopez","tag-t-alastair-gillespie"],"_links":{"self":[{"href":"https:\/\/www.deberes.net\/tesis\/wp-json\/wp\/v2\/posts\/64280","targetHints":{"allow":["GET"]}}],"collection":[{"href":"https:\/\/www.deberes.net\/tesis\/wp-json\/wp\/v2\/posts"}],"about":[{"href":"https:\/\/www.deberes.net\/tesis\/wp-json\/wp\/v2\/types\/post"}],"author":[{"embeddable":true,"href":"https:\/\/www.deberes.net\/tesis\/wp-json\/wp\/v2\/users\/1"}],"replies":[{"embeddable":true,"href":"https:\/\/www.deberes.net\/tesis\/wp-json\/wp\/v2\/comments?post=64280"}],"version-history":[{"count":0,"href":"https:\/\/www.deberes.net\/tesis\/wp-json\/wp\/v2\/posts\/64280\/revisions"}],"wp:attachment":[{"href":"https:\/\/www.deberes.net\/tesis\/wp-json\/wp\/v2\/media?parent=64280"}],"wp:term":[{"taxonomy":"category","embeddable":true,"href":"https:\/\/www.deberes.net\/tesis\/wp-json\/wp\/v2\/categories?post=64280"},{"taxonomy":"post_tag","embeddable":true,"href":"https:\/\/www.deberes.net\/tesis\/wp-json\/wp\/v2\/tags?post=64280"}],"curies":[{"name":"wp","href":"https:\/\/api.w.org\/{rel}","templated":true}]}}