{"id":64284,"date":"2018-03-09T22:52:19","date_gmt":"2018-03-09T22:52:19","guid":{"rendered":"https:\/\/www.deberes.net\/tesis\/sin-categoria\/experimental-studies-on-gas-and-dust-emissions-to-the-atmosphere-in-rabbit-and-broiler-buildings\/"},"modified":"2018-03-09T22:52:19","modified_gmt":"2018-03-09T22:52:19","slug":"experimental-studies-on-gas-and-dust-emissions-to-the-atmosphere-in-rabbit-and-broiler-buildings","status":"publish","type":"post","link":"https:\/\/www.deberes.net\/tesis\/cuidado-y-explotacion-animal\/experimental-studies-on-gas-and-dust-emissions-to-the-atmosphere-in-rabbit-and-broiler-buildings\/","title":{"rendered":"Experimental studies on gas and dust emissions to the atmosphere in rabbit and broiler buildings."},"content":{"rendered":"<h2>Tesis doctoral de <strong> Salvador Calvet Sanz <\/strong><\/h2>\n<p>La contaminaci\u00f3n atmosf\u00e9rica originada por la producci\u00f3n animal intensiva afecta al medio ambiente global, a la salud de las personas y al bienestar de los animales de la propia granja. Se trata de una problem\u00e1tica de creciente inter\u00e9s en pa\u00edses en los que, como en el caso de espa\u00f1a, se ha investigado poco hasta el momento. Esta tesis doctoral se centra en la medici\u00f3n experimental de concentraciones y emisiones de gases (amoniaco, metano, \u00f3xido nitroso y di\u00f3xido de carbono) y part\u00edculas (pm10) en granjas de pollos de cebo y de conejos, principalmente en clima mediterr\u00e1neo, analizando los factores que afectan a dichas emisiones. Para ello, la tesis se compone de cinco trabajos de investigaci\u00f3n diferenciados, aunque estrechamente relacionados entre s\u00ed. En primer lugar, se estudia en detalle la metodolog\u00eda empleada para medir las emisiones, basado en un balance en el que las variables son la concentraci\u00f3n de gases y el flujo de ventilaci\u00f3n; por otra parte, se desarrolla un procedimiento para el an\u00e1lisis de la incertidumbre cuyo objetivo es obtener indicadores de la calidad de los resultados. En segundo lugar, se aborda la medici\u00f3n del flujo de ventilaci\u00f3n en granjas comerciales mediante el desarrollo de un circuito para la adquisici\u00f3n de informaci\u00f3n sobre el funcionamiento de los ventiladores. Posteriormente, y en aplicaci\u00f3n de los dos anteriores estudios, se determinan las emisiones de gases en dos granjas comerciales de conejos y una de pollos en el litoral mediterr\u00e1neo espa\u00f1ol, obteniendo resultados muy \u00fatiles para la mejora del inventario nacional de emisiones. Finalmente, se ha cuantificado la influencia de la actividad de los pollos de engorde en las emisiones de part\u00edculas y de gases, y se ha evaluado la aplicabilidad de un m\u00e9todo para la determinaci\u00f3n indirecta de la ventilaci\u00f3n basado en el balance de di\u00f3xido de carbono. Los resultados obtenidos en estos experimentos y en los correspondientes an\u00e1lisis contribuyen al conocimiento<\/p>\n<p>&nbsp;<\/p>\n<h3>Datos acad\u00e9micos de la tesis doctoral \u00ab<strong>Experimental studies on gas and dust emissions to the atmosphere in rabbit and broiler buildings.<\/strong>\u00ab<\/h3>\n<ul>\n<li><strong>T\u00edtulo de la tesis:<\/strong>\u00a0 Experimental studies on gas and dust emissions to the atmosphere in rabbit and broiler buildings. <\/li>\n<li><strong>Autor:<\/strong>\u00a0 Salvador Calvet Sanz <\/li>\n<li><strong>Universidad:<\/strong>\u00a0 Polit\u00e9cnica de Valencia<\/li>\n<li><strong>Fecha de lectura de la tesis:<\/strong>\u00a0 29\/04\/2008<\/li>\n<\/ul>\n<p>&nbsp;<\/p>\n<h3>Direcci\u00f3n y tribunal<\/h3>\n<ul>\n<li><strong>Director de la tesis<\/strong>\n<ul>\n<li>Antonio  German Torres Salvador<\/li>\n<\/ul>\n<\/li>\n<li><strong>Tribunal<\/strong>\n<ul>\n<li>Presidente del tribunal: nemesio Fern\u00e1ndez mart\u00ednez <\/li>\n<li> Teira esmatges Mar\u00eda  rosa (vocal)<\/li>\n<li>pilar Barreiro elorza (vocal)<\/li>\n<li>ralf Kosch (vocal)<\/li>\n<\/ul>\n<\/li>\n<\/ul>\n<p>&nbsp;<\/p>\n","protected":false},"excerpt":{"rendered":"<p>Tesis doctoral de Salvador Calvet Sanz La contaminaci\u00f3n atmosf\u00e9rica originada por la producci\u00f3n animal intensiva afecta al medio ambiente global, [&hellip;]<\/p>\n","protected":false},"author":1,"featured_media":0,"comment_status":"open","ping_status":"open","sticky":false,"template":"","format":"standard","meta":{"site-sidebar-layout":"default","site-content-layout":"","ast-site-content-layout":"","site-content-style":"default","site-sidebar-style":"default","ast-global-header-display":"","ast-banner-title-visibility":"","ast-main-header-display":"","ast-hfb-above-header-display":"","ast-hfb-below-header-display":"","ast-hfb-mobile-header-display":"","site-post-title":"","ast-breadcrumbs-content":"","ast-featured-img":"","footer-sml-layout":"","theme-transparent-header-meta":"","adv-header-id-meta":"","stick-header-meta":"","header-above-stick-meta":"","header-main-stick-meta":"","header-below-stick-meta":"","astra-migrate-meta-layouts":"default","ast-page-background-enabled":"default","ast-page-background-meta":{"desktop":{"background-color":"var(--ast-global-color-4)","background-image":"","background-repeat":"repeat","background-position":"center center","background-size":"auto","background-attachment":"scroll","background-type":"","background-media":"","overlay-type":"","overlay-color":"","overlay-gradient":""},"tablet":{"background-color":"","background-image":"","background-repeat":"repeat","background-position":"center center","background-size":"auto","background-attachment":"scroll","background-type":"","background-media":"","overlay-type":"","overlay-color":"","overlay-gradient":""},"mobile":{"background-color":"","background-image":"","background-repeat":"repeat","background-position":"center center","background-size":"auto","background-attachment":"scroll","background-type":"","background-media":"","overlay-type":"","overlay-color":"","overlay-gradient":""}},"ast-content-background-meta":{"desktop":{"background-color":"var(--ast-global-color-5)","background-image":"","background-repeat":"repeat","background-position":"center center","background-size":"auto","background-attachment":"scroll","background-type":"","background-media":"","overlay-type":"","overlay-color":"","overlay-gradient":""},"tablet":{"background-color":"var(--ast-global-color-5)","background-image":"","background-repeat":"repeat","background-position":"center center","background-size":"auto","background-attachment":"scroll","background-type":"","background-media":"","overlay-type":"","overlay-color":"","overlay-gradient":""},"mobile":{"background-color":"var(--ast-global-color-5)","background-image":"","background-repeat":"repeat","background-position":"center center","background-size":"auto","background-attachment":"scroll","background-type":"","background-media":"","overlay-type":"","overlay-color":"","overlay-gradient":""}},"footnotes":""},"categories":[11675,4539,16820],"tags":[22513,31350,30604,141865,141864,56514],"class_list":["post-64284","post","type-post","status-publish","format-standard","hentry","category-control-de-la-contaminacion-atmosferica","category-cuidado-y-explotacion-animal","category-politecnica-de-valencia","tag-antonio-german-torres-salvador","tag-nemesio-fernandez-Martinez","tag-pilar-barreiro-elorza","tag-ralf-kosch","tag-salvador-calvet-sanz","tag-teira-esmatges-maria-rosa"],"_links":{"self":[{"href":"https:\/\/www.deberes.net\/tesis\/wp-json\/wp\/v2\/posts\/64284","targetHints":{"allow":["GET"]}}],"collection":[{"href":"https:\/\/www.deberes.net\/tesis\/wp-json\/wp\/v2\/posts"}],"about":[{"href":"https:\/\/www.deberes.net\/tesis\/wp-json\/wp\/v2\/types\/post"}],"author":[{"embeddable":true,"href":"https:\/\/www.deberes.net\/tesis\/wp-json\/wp\/v2\/users\/1"}],"replies":[{"embeddable":true,"href":"https:\/\/www.deberes.net\/tesis\/wp-json\/wp\/v2\/comments?post=64284"}],"version-history":[{"count":0,"href":"https:\/\/www.deberes.net\/tesis\/wp-json\/wp\/v2\/posts\/64284\/revisions"}],"wp:attachment":[{"href":"https:\/\/www.deberes.net\/tesis\/wp-json\/wp\/v2\/media?parent=64284"}],"wp:term":[{"taxonomy":"category","embeddable":true,"href":"https:\/\/www.deberes.net\/tesis\/wp-json\/wp\/v2\/categories?post=64284"},{"taxonomy":"post_tag","embeddable":true,"href":"https:\/\/www.deberes.net\/tesis\/wp-json\/wp\/v2\/tags?post=64284"}],"curies":[{"name":"wp","href":"https:\/\/api.w.org\/{rel}","templated":true}]}}