{"id":64340,"date":"2008-05-05T00:00:00","date_gmt":"2008-05-05T00:00:00","guid":{"rendered":"https:\/\/www.deberes.net\/tesis\/sin-categoria\/la-deteccion-de-cuestiones-bioeticas-en-las-consultas-de-atencion-primaria\/"},"modified":"2008-05-05T00:00:00","modified_gmt":"2008-05-05T00:00:00","slug":"la-deteccion-de-cuestiones-bioeticas-en-las-consultas-de-atencion-primaria","status":"publish","type":"post","link":"https:\/\/www.deberes.net\/tesis\/patologia-clinica\/la-deteccion-de-cuestiones-bioeticas-en-las-consultas-de-atencion-primaria\/","title":{"rendered":"La detecci\u00f3n de cuestiones bio\u00e9ticas en las consultas de atenci\u00f3n primaria"},"content":{"rendered":"<h2>Tesis doctoral de <strong> Bego\u00f1a Buil Tricas <\/strong><\/h2>\n<p>La pr\u00e1ctica de la medicina de familia en la atenci\u00f3n primaria de salud (a.P.), Hace necesariauna \u00e9tica adaptada a sus necesidades.Actualmente apenas hay datos que muestren cu\u00e1les son las cuestiones \u00e9ticas que preocupana los m\u00e9dicos de familia.Objetivos:1. Conocer los problemas \u00e9ticos que son relevantes por su frecuencia y\/o importancia en a.P.2. Verificar que una red de observadores es un m\u00e9todo v\u00e1lido de recogida de informaci\u00f3npara alcanzar una estimaci\u00f3n fiable sobre las cuestiones \u00e9ticas en a.P.3. Validar la informaci\u00f3n obtenida en la red, con la opini\u00f3n de una muestra representativa dem\u00e9dicos de familia de arag\u00f3n y con la de un grupo de expertos en bio\u00e9tica.Dise\u00f1o:metodolog\u00eda cualitativa y cuantitativa. Estudio descriptivo y observacional. 2 a\u00f1os deduraci\u00f3n. \u00e1mbito: comunidad aut\u00f3noma de arag\u00f3n.Participantes: m\u00e9dicos de familia. Expertos en bio\u00e9tica.Material y m\u00e9todos:fase 1: red de observadores de problemas \u00e9ticos.Fase 2: encuesta mediante cuestionario.Fase 3: entrevista a los expertos en \u00e9tica m\u00e9dica.Resultados y conclusiones 1. La red de observadores desarrollada en esta investigaci\u00f3n ha permitido detectar lascuestiones \u00e9ticas que se plantean en atenci\u00f3n primaria. 2. La red de observadores ha proporcionado informaci\u00f3n de los problemas \u00e9ticos m\u00e1sfrecuentes y m\u00e1s dif\u00edciles de resolver por los m\u00e9dicos de familia; estos resultados coincidencon lo expresado por una muestra representativa de m\u00e9dicos de familia mediantecuestionario y la opini\u00f3n de los expertos.3. La encuesta elaborada con los problemas m\u00e1s frecuentes y dif\u00edciles de abordar a partir delos datos obtenidos en la red de observadores es un instrumento fiable y adecuado paraclasificarlos.4. Las situaciones m\u00e1s frecuentes con implicaciones \u00e9ticas en medicina de familia se producenen la relaci\u00f3n entre atenci\u00f3n primaria y atenci\u00f3n especializada, en el \u00e1mbito de la gesti\u00f3n delos recursos,y por el uso inadecuado del sistema sanitario por el paciente.5. La val<\/p>\n<p>&nbsp;<\/p>\n<h3>Datos acad\u00e9micos de la tesis doctoral \u00ab<strong>La detecci\u00f3n de cuestiones bio\u00e9ticas en las consultas de atenci\u00f3n primaria<\/strong>\u00ab<\/h3>\n<ul>\n<li><strong>T\u00edtulo de la tesis:<\/strong>\u00a0 La detecci\u00f3n de cuestiones bio\u00e9ticas en las consultas de atenci\u00f3n primaria <\/li>\n<li><strong>Autor:<\/strong>\u00a0 Bego\u00f1a Buil Tricas <\/li>\n<li><strong>Universidad:<\/strong>\u00a0 Zaragoza<\/li>\n<li><strong>Fecha de lectura de la tesis:<\/strong>\u00a0 05\/05\/2008<\/li>\n<\/ul>\n<p>&nbsp;<\/p>\n<h3>Direcci\u00f3n y tribunal<\/h3>\n<ul>\n<li><strong>Director de la tesis<\/strong>\n<ul>\n<li>Rogelio Altisent Trota<\/li>\n<\/ul>\n<\/li>\n<li><strong>Tribunal<\/strong>\n<ul>\n<li>Presidente del tribunal: enrique Villanueva ca\u00f1adas <\/li>\n<li>dolores Serrat more (vocal)<\/li>\n<li>Emilio Jos\u00e9 Sanz alvarez (vocal)<\/li>\n<li> Delgado marroquin Mar\u00eda  teresa (vocal)<\/li>\n<\/ul>\n<\/li>\n<\/ul>\n<p>&nbsp;<\/p>\n","protected":false},"excerpt":{"rendered":"<p>Tesis doctoral de Bego\u00f1a Buil Tricas La pr\u00e1ctica de la medicina de familia en la atenci\u00f3n primaria de salud (a.P.), [&hellip;]<\/p>\n","protected":false},"author":1,"featured_media":0,"comment_status":"open","ping_status":"open","sticky":false,"template":"","format":"standard","meta":{"site-sidebar-layout":"default","site-content-layout":"","ast-site-content-layout":"","site-content-style":"default","site-sidebar-style":"default","ast-global-header-display":"","ast-banner-title-visibility":"","ast-main-header-display":"","ast-hfb-above-header-display":"","ast-hfb-below-header-display":"","ast-hfb-mobile-header-display":"","site-post-title":"","ast-breadcrumbs-content":"","ast-featured-img":"","footer-sml-layout":"","theme-transparent-header-meta":"","adv-header-id-meta":"","stick-header-meta":"","header-above-stick-meta":"","header-main-stick-meta":"","header-below-stick-meta":"","astra-migrate-meta-layouts":"default","ast-page-background-enabled":"default","ast-page-background-meta":{"desktop":{"background-color":"var(--ast-global-color-4)","background-image":"","background-repeat":"repeat","background-position":"center center","background-size":"auto","background-attachment":"scroll","background-type":"","background-media":"","overlay-type":"","overlay-color":"","overlay-gradient":""},"tablet":{"background-color":"","background-image":"","background-repeat":"repeat","background-position":"center center","background-size":"auto","background-attachment":"scroll","background-type":"","background-media":"","overlay-type":"","overlay-color":"","overlay-gradient":""},"mobile":{"background-color":"","background-image":"","background-repeat":"repeat","background-position":"center center","background-size":"auto","background-attachment":"scroll","background-type":"","background-media":"","overlay-type":"","overlay-color":"","overlay-gradient":""}},"ast-content-background-meta":{"desktop":{"background-color":"var(--ast-global-color-5)","background-image":"","background-repeat":"repeat","background-position":"center center","background-size":"auto","background-attachment":"scroll","background-type":"","background-media":"","overlay-type":"","overlay-color":"","overlay-gradient":""},"tablet":{"background-color":"var(--ast-global-color-5)","background-image":"","background-repeat":"repeat","background-position":"center center","background-size":"auto","background-attachment":"scroll","background-type":"","background-media":"","overlay-type":"","overlay-color":"","overlay-gradient":""},"mobile":{"background-color":"var(--ast-global-color-5)","background-image":"","background-repeat":"repeat","background-position":"center center","background-size":"auto","background-attachment":"scroll","background-type":"","background-media":"","overlay-type":"","overlay-color":"","overlay-gradient":""}},"footnotes":""},"categories":[23361,384,13610],"tags":[141980,141981,45426,10016,3744,42739],"class_list":["post-64340","post","type-post","status-publish","format-standard","hentry","category-etica-de-la-ciencia","category-patologia-clinica","category-zaragoza","tag-begona-buil-tricas","tag-delgado-marroquin-maria-teresa","tag-dolores-serrat-more","tag-emilio-jose-sanz-alvarez","tag-enrique-villanueva-canadas","tag-rogelio-altisent-trota"],"_links":{"self":[{"href":"https:\/\/www.deberes.net\/tesis\/wp-json\/wp\/v2\/posts\/64340","targetHints":{"allow":["GET"]}}],"collection":[{"href":"https:\/\/www.deberes.net\/tesis\/wp-json\/wp\/v2\/posts"}],"about":[{"href":"https:\/\/www.deberes.net\/tesis\/wp-json\/wp\/v2\/types\/post"}],"author":[{"embeddable":true,"href":"https:\/\/www.deberes.net\/tesis\/wp-json\/wp\/v2\/users\/1"}],"replies":[{"embeddable":true,"href":"https:\/\/www.deberes.net\/tesis\/wp-json\/wp\/v2\/comments?post=64340"}],"version-history":[{"count":0,"href":"https:\/\/www.deberes.net\/tesis\/wp-json\/wp\/v2\/posts\/64340\/revisions"}],"wp:attachment":[{"href":"https:\/\/www.deberes.net\/tesis\/wp-json\/wp\/v2\/media?parent=64340"}],"wp:term":[{"taxonomy":"category","embeddable":true,"href":"https:\/\/www.deberes.net\/tesis\/wp-json\/wp\/v2\/categories?post=64340"},{"taxonomy":"post_tag","embeddable":true,"href":"https:\/\/www.deberes.net\/tesis\/wp-json\/wp\/v2\/tags?post=64340"}],"curies":[{"name":"wp","href":"https:\/\/api.w.org\/{rel}","templated":true}]}}