{"id":64369,"date":"2008-06-05T00:00:00","date_gmt":"2008-06-05T00:00:00","guid":{"rendered":"https:\/\/www.deberes.net\/tesis\/sin-categoria\/la-gestion-de-los-costes-en-el-sector-ganadero-porcino\/"},"modified":"2008-06-05T00:00:00","modified_gmt":"2008-06-05T00:00:00","slug":"la-gestion-de-los-costes-en-el-sector-ganadero-porcino","status":"publish","type":"post","link":"https:\/\/www.deberes.net\/tesis\/barcelona\/la-gestion-de-los-costes-en-el-sector-ganadero-porcino\/","title":{"rendered":"La gestion de los costes en el sector ganadero porcino"},"content":{"rendered":"<h2>Tesis doctoral de <strong> Anna S\u00e1bata Aliberch <\/strong><\/h2>\n<p>La gestion de los costes en el sector ganadero porcino en este trabajo se propone un modelo de costes adaptado a las necesidades de las explotaciones ganaderas porcinas de ciclo cerrado. Se han analizado los factores de costes, se han propuesto los lugares principales y auxiliares, seg\u00fan sea su intervenci\u00f3n en el ciclo  de explotaci\u00f3n de la empresa, y se han propuesto los portadores de costes de cada uno de los lugares principales. Finalmente, se ha demostrado mediante aplicaci\u00f3n pr\u00e1ctica la constataci\u00f3n del modelo de costes propuesto.<\/p>\n<p>&nbsp;<\/p>\n<h3>Datos acad\u00e9micos de la tesis doctoral \u00ab<strong>La gestion de los costes en el sector ganadero porcino<\/strong>\u00ab<\/h3>\n<ul>\n<li><strong>T\u00edtulo de la tesis:<\/strong>\u00a0 La gestion de los costes en el sector ganadero porcino <\/li>\n<li><strong>Autor:<\/strong>\u00a0 Anna S\u00e1bata Aliberch <\/li>\n<li><strong>Universidad:<\/strong>\u00a0 Barcelona<\/li>\n<li><strong>Fecha de lectura de la tesis:<\/strong>\u00a0 06\/05\/2008<\/li>\n<\/ul>\n<p>&nbsp;<\/p>\n<h3>Direcci\u00f3n y tribunal<\/h3>\n<ul>\n<li><strong>Director de la tesis<\/strong>\n<ul>\n<li>Fernando Mir  Estruch<\/li>\n<\/ul>\n<\/li>\n<li><strong>Tribunal<\/strong>\n<ul>\n<li>Presidente del tribunal: isabel Blanco dopico <\/li>\n<li>Mar\u00eda  del carmen Norverto laborda (vocal)<\/li>\n<li>daniel Carrasco d\u00edaz (vocal)<\/li>\n<li>joaquim Rabaseda  tarres (vocal)<\/li>\n<\/ul>\n<\/li>\n<\/ul>\n<p>&nbsp;<\/p>\n","protected":false},"excerpt":{"rendered":"<p>Tesis doctoral de Anna S\u00e1bata Aliberch La gestion de los costes en el sector ganadero porcino en este trabajo se [&hellip;]<\/p>\n","protected":false},"author":1,"featured_media":0,"comment_status":"open","ping_status":"open","sticky":false,"template":"","format":"standard","meta":{"site-sidebar-layout":"default","site-content-layout":"","ast-site-content-layout":"","site-content-style":"default","site-sidebar-style":"default","ast-global-header-display":"","ast-banner-title-visibility":"","ast-main-header-display":"","ast-hfb-above-header-display":"","ast-hfb-below-header-display":"","ast-hfb-mobile-header-display":"","site-post-title":"","ast-breadcrumbs-content":"","ast-featured-img":"","footer-sml-layout":"","theme-transparent-header-meta":"","adv-header-id-meta":"","stick-header-meta":"","header-above-stick-meta":"","header-main-stick-meta":"","header-below-stick-meta":"","astra-migrate-meta-layouts":"default","ast-page-background-enabled":"default","ast-page-background-meta":{"desktop":{"background-color":"var(--ast-global-color-4)","background-image":"","background-repeat":"repeat","background-position":"center center","background-size":"auto","background-attachment":"scroll","background-type":"","background-media":"","overlay-type":"","overlay-color":"","overlay-gradient":""},"tablet":{"background-color":"","background-image":"","background-repeat":"repeat","background-position":"center center","background-size":"auto","background-attachment":"scroll","background-type":"","background-media":"","overlay-type":"","overlay-color":"","overlay-gradient":""},"mobile":{"background-color":"","background-image":"","background-repeat":"repeat","background-position":"center center","background-size":"auto","background-attachment":"scroll","background-type":"","background-media":"","overlay-type":"","overlay-color":"","overlay-gradient":""}},"ast-content-background-meta":{"desktop":{"background-color":"var(--ast-global-color-5)","background-image":"","background-repeat":"repeat","background-position":"center center","background-size":"auto","background-attachment":"scroll","background-type":"","background-media":"","overlay-type":"","overlay-color":"","overlay-gradient":""},"tablet":{"background-color":"var(--ast-global-color-5)","background-image":"","background-repeat":"repeat","background-position":"center center","background-size":"auto","background-attachment":"scroll","background-type":"","background-media":"","overlay-type":"","overlay-color":"","overlay-gradient":""},"mobile":{"background-color":"var(--ast-global-color-5)","background-image":"","background-repeat":"repeat","background-position":"center center","background-size":"auto","background-attachment":"scroll","background-type":"","background-media":"","overlay-type":"","overlay-color":"","overlay-gradient":""}},"footnotes":""},"categories":[951,1699],"tags":[142042,32828,31169,25517,19973,34071],"class_list":["post-64369","post","type-post","status-publish","format-standard","hentry","category-barcelona","category-contabilidad-financiera","tag-anna-sabata-aliberch","tag-daniel-carrasco-diaz","tag-fernando-mir-estruch","tag-isabel-blanco-dopico","tag-joaquim-rabaseda-tarres","tag-maria-del-carmen-norverto-laborda"],"_links":{"self":[{"href":"https:\/\/www.deberes.net\/tesis\/wp-json\/wp\/v2\/posts\/64369","targetHints":{"allow":["GET"]}}],"collection":[{"href":"https:\/\/www.deberes.net\/tesis\/wp-json\/wp\/v2\/posts"}],"about":[{"href":"https:\/\/www.deberes.net\/tesis\/wp-json\/wp\/v2\/types\/post"}],"author":[{"embeddable":true,"href":"https:\/\/www.deberes.net\/tesis\/wp-json\/wp\/v2\/users\/1"}],"replies":[{"embeddable":true,"href":"https:\/\/www.deberes.net\/tesis\/wp-json\/wp\/v2\/comments?post=64369"}],"version-history":[{"count":0,"href":"https:\/\/www.deberes.net\/tesis\/wp-json\/wp\/v2\/posts\/64369\/revisions"}],"wp:attachment":[{"href":"https:\/\/www.deberes.net\/tesis\/wp-json\/wp\/v2\/media?parent=64369"}],"wp:term":[{"taxonomy":"category","embeddable":true,"href":"https:\/\/www.deberes.net\/tesis\/wp-json\/wp\/v2\/categories?post=64369"},{"taxonomy":"post_tag","embeddable":true,"href":"https:\/\/www.deberes.net\/tesis\/wp-json\/wp\/v2\/tags?post=64369"}],"curies":[{"name":"wp","href":"https:\/\/api.w.org\/{rel}","templated":true}]}}