{"id":64370,"date":"2008-07-05T00:00:00","date_gmt":"2008-07-05T00:00:00","guid":{"rendered":"https:\/\/www.deberes.net\/tesis\/sin-categoria\/el-medio-natural-y-los-paisajes-del-macizo-de-la-calderina-montes-de-toledo-orientales\/"},"modified":"2008-07-05T00:00:00","modified_gmt":"2008-07-05T00:00:00","slug":"el-medio-natural-y-los-paisajes-del-macizo-de-la-calderina-montes-de-toledo-orientales","status":"publish","type":"post","link":"https:\/\/www.deberes.net\/tesis\/geografia-fisica\/el-medio-natural-y-los-paisajes-del-macizo-de-la-calderina-montes-de-toledo-orientales\/","title":{"rendered":"El medio natural y los paisajes del macizo de la calderina (montes de toledo orientales)"},"content":{"rendered":"<h2>Tesis doctoral de <strong> Oscar Jerez Garcia <\/strong><\/h2>\n<p>Esta tesis parte de unos objetivos basados en la profundizaci\u00f3n en el conocimiento del medio natural y los sistemas territoriales de un espacio poco estudiado por la geograf\u00eda, as\u00ed como de la elaboraci\u00f3n de una hip\u00f3tesis taxon\u00f3mixo-corol\u00f3gica de los paisajes a partir de la cual, una vez definidas y delimitadas estas unidades de paisaje, proceder a un diagn\u00f3stico valorativo sobre su estado de conservaci\u00f3n y una propuesta de organizaci\u00f3n de los paisajes de mayor inter\u00e9s para su protecci\u00f3n. la tesis sigue un m\u00e9todo general basado en los modernos planteamientos sist\u00e9micos del paisaje entroncado en un enfoque global o integrado dentro de los estudios de geograf\u00eda f\u00edsica. Concretamente se aplica una metodolog\u00eda paisaj\u00edstica, siguiendo una perspectiva objetiva en la que la configuraci\u00f3n externa y la morfolog\u00eda de los sistemas territoriales se cosideran expresi\u00f3n de toda una serie de criptosistemas que subyacen a estos paisajes. Esta tesis se ha basado e inspirado en el m\u00e9todo concreto de la universidad de toulouse, desarrollado por el ge\u00f3grafo franc\u00e9s g. Bertand, si bien se han modificado algunas fases del m\u00e9todo de manera que se ha optado por una l\u00ednea m\u00e1s biogeogr\u00e1fica frente a las l\u00edneas m\u00e1s equilibradas y ortodoxas. Adem\u00e1s, se ha seguido una finalidad no solo explicativa, sino tambi\u00e9n aplicada o valorativa. la tesis doctoral se estructura, en l\u00edneas generales, atendiendo a los diguientes apartados: &#8211; planteamiento coceptual y te\u00f3rico-metodol\u00f3gico. &#8211; estudio del medio natural      &#8211; el relieve      &#8211; el clima y las aguas      &#8211; la vegetaci\u00f3n (incluyendo los factores abi\u00f3ticos y los bi\u00f3ticos, entre  los que se ha prestado especial atenci\u00f3n a la fauna y a las actividades antr\u00f3picas). &#8211; hip\u00f3tesis taxon\u00f3mico-corol\u00f3gica.      &#8211; delimitaci\u00f3n y an\u00e1lisis de las unidades de paisaje. &#8211; diagn\u00f3stico valorativo      &#8211; din\u00e1mica y estado de conservaci\u00f3n de los paisajes      &#8211; valoraci\u00f3n de los paisajes de mayor inter\u00e9s natu<\/p>\n<p>&nbsp;<\/p>\n<h3>Datos acad\u00e9micos de la tesis doctoral \u00ab<strong>El medio natural y los paisajes del macizo de la calderina (montes de toledo orientales)<\/strong>\u00ab<\/h3>\n<ul>\n<li><strong>T\u00edtulo de la tesis:<\/strong>\u00a0 El medio natural y los paisajes del macizo de la calderina (montes de toledo orientales) <\/li>\n<li><strong>Autor:<\/strong>\u00a0 Oscar Jerez Garcia <\/li>\n<li><strong>Universidad:<\/strong>\u00a0 Castilla-la mancha<\/li>\n<li><strong>Fecha de lectura de la tesis:<\/strong>\u00a0 07\/05\/2008<\/li>\n<\/ul>\n<p>&nbsp;<\/p>\n<h3>Direcci\u00f3n y tribunal<\/h3>\n<ul>\n<li><strong>Director de la tesis<\/strong>\n<ul>\n<li> Garcia Rayego Jos\u00e9 Luis<\/li>\n<\/ul>\n<\/li>\n<li><strong>Tribunal<\/strong>\n<ul>\n<li>Presidente del tribunal: concepcion Sanz herraiz <\/li>\n<li>casildo Ferreras chasco (vocal)<\/li>\n<li>julio Mu\u00f1oz jimenez (vocal)<\/li>\n<li>concepcion Fidalgo hijano (vocal)<\/li>\n<\/ul>\n<\/li>\n<\/ul>\n<p>&nbsp;<\/p>\n","protected":false},"excerpt":{"rendered":"<p>Tesis doctoral de Oscar Jerez Garcia Esta tesis parte de unos objetivos basados en la profundizaci\u00f3n en el conocimiento del [&hellip;]<\/p>\n","protected":false},"author":1,"featured_media":0,"comment_status":"open","ping_status":"open","sticky":false,"template":"","format":"standard","meta":{"site-sidebar-layout":"default","site-content-layout":"","ast-site-content-layout":"","site-content-style":"default","site-sidebar-style":"default","ast-global-header-display":"","ast-banner-title-visibility":"","ast-main-header-display":"","ast-hfb-above-header-display":"","ast-hfb-below-header-display":"","ast-hfb-mobile-header-display":"","site-post-title":"","ast-breadcrumbs-content":"","ast-featured-img":"","footer-sml-layout":"","theme-transparent-header-meta":"","adv-header-id-meta":"","stick-header-meta":"","header-above-stick-meta":"","header-main-stick-meta":"","header-below-stick-meta":"","astra-migrate-meta-layouts":"default","ast-page-background-enabled":"default","ast-page-background-meta":{"desktop":{"background-color":"var(--ast-global-color-4)","background-image":"","background-repeat":"repeat","background-position":"center center","background-size":"auto","background-attachment":"scroll","background-type":"","background-media":"","overlay-type":"","overlay-color":"","overlay-gradient":""},"tablet":{"background-color":"","background-image":"","background-repeat":"repeat","background-position":"center center","background-size":"auto","background-attachment":"scroll","background-type":"","background-media":"","overlay-type":"","overlay-color":"","overlay-gradient":""},"mobile":{"background-color":"","background-image":"","background-repeat":"repeat","background-position":"center center","background-size":"auto","background-attachment":"scroll","background-type":"","background-media":"","overlay-type":"","overlay-color":"","overlay-gradient":""}},"ast-content-background-meta":{"desktop":{"background-color":"var(--ast-global-color-5)","background-image":"","background-repeat":"repeat","background-position":"center center","background-size":"auto","background-attachment":"scroll","background-type":"","background-media":"","overlay-type":"","overlay-color":"","overlay-gradient":""},"tablet":{"background-color":"var(--ast-global-color-5)","background-image":"","background-repeat":"repeat","background-position":"center center","background-size":"auto","background-attachment":"scroll","background-type":"","background-media":"","overlay-type":"","overlay-color":"","overlay-gradient":""},"mobile":{"background-color":"var(--ast-global-color-5)","background-image":"","background-repeat":"repeat","background-position":"center center","background-size":"auto","background-attachment":"scroll","background-type":"","background-media":"","overlay-type":"","overlay-color":"","overlay-gradient":""}},"footnotes":""},"categories":[18451,5741],"tags":[41288,66874,10247,142044,24591,142043],"class_list":["post-64370","post","type-post","status-publish","format-standard","hentry","category-castilla-la-mancha","category-geografia-fisica","tag-casildo-ferreras-chasco","tag-concepcion-fidalgo-hijano","tag-concepcion-sanz-herraiz","tag-garcia-rayego-jose-luis","tag-julio-munoz-jimenez","tag-oscar-jerez-garcia"],"_links":{"self":[{"href":"https:\/\/www.deberes.net\/tesis\/wp-json\/wp\/v2\/posts\/64370","targetHints":{"allow":["GET"]}}],"collection":[{"href":"https:\/\/www.deberes.net\/tesis\/wp-json\/wp\/v2\/posts"}],"about":[{"href":"https:\/\/www.deberes.net\/tesis\/wp-json\/wp\/v2\/types\/post"}],"author":[{"embeddable":true,"href":"https:\/\/www.deberes.net\/tesis\/wp-json\/wp\/v2\/users\/1"}],"replies":[{"embeddable":true,"href":"https:\/\/www.deberes.net\/tesis\/wp-json\/wp\/v2\/comments?post=64370"}],"version-history":[{"count":0,"href":"https:\/\/www.deberes.net\/tesis\/wp-json\/wp\/v2\/posts\/64370\/revisions"}],"wp:attachment":[{"href":"https:\/\/www.deberes.net\/tesis\/wp-json\/wp\/v2\/media?parent=64370"}],"wp:term":[{"taxonomy":"category","embeddable":true,"href":"https:\/\/www.deberes.net\/tesis\/wp-json\/wp\/v2\/categories?post=64370"},{"taxonomy":"post_tag","embeddable":true,"href":"https:\/\/www.deberes.net\/tesis\/wp-json\/wp\/v2\/tags?post=64370"}],"curies":[{"name":"wp","href":"https:\/\/api.w.org\/{rel}","templated":true}]}}