{"id":64397,"date":"2008-08-05T00:00:00","date_gmt":"2008-08-05T00:00:00","guid":{"rendered":"https:\/\/www.deberes.net\/tesis\/sin-categoria\/die-implizite-sprachauffassung-in-ausgewa%c2%a4hlten-werken-ha%c2%b6lderlins\/"},"modified":"2008-08-05T00:00:00","modified_gmt":"2008-08-05T00:00:00","slug":"die-implizite-sprachauffassung-in-ausgewa%c2%a4hlten-werken-ha%c2%b6lderlins","status":"publish","type":"post","link":"https:\/\/www.deberes.net\/tesis\/lengua-y-literatura\/die-implizite-sprachauffassung-in-ausgewa%c2%a4hlten-werken-ha%c2%b6lderlins\/","title":{"rendered":"Die implizite sprachauffassung in ausgew\u00c1\u00a4hlten werken h\u00c1\u00b6lderlins"},"content":{"rendered":"<h2>Tesis doctoral de <strong> Pablo Mendoza Casp <\/strong><\/h2>\n<p>?En que consiste la concepci\u00f3n h\u00ed\u00b6lderliniana del lenguaje? Esta tesis busca la respuesta no en los ensayos te\u00f3ricos de h\u00ed\u00b6lderlin sobre poeteolog\u00eda o filosof\u00eda, sino en la utilizaci\u00f3n consciente o inconsciente de expresiones que tienen que ver con el concepto del lenguaje. As\u00ed que, la pregunta anterior, la pregunta central que gu\u00eda esta tesis, se puede reformular y especificar as\u00ed: \u00c2\u00bfqu\u00e9 elementos de la ideolog\u00eda h\u00ed\u00b6lderliniana entorno al tema del lenguaje se pueden encontrar en sus textos literarios? En un punto de encuentro entre la literatura y la ling\u00ed\u00bc\u00edstica se analiza el concepto del lenguaje en h\u00ed\u00b6lderlin a partir de un an\u00e1lisis exhaustivo del corpus. Este concepto no se estudia en el sentido de los campos sem\u00e1nticos estructuralistas, sino que m\u00e1s bien se estudia desde una perspectiva literaria y cognitivista, en busca de la importancia trascendental del hablar o del callar para h\u00ed\u00b6lderlin. Esta tesis se limita en primer lugar a elaborar una interpretaci\u00f3n pr\u00e1ctica de unos textos concretos y en segundo lugar a clasificar los resultados obtenidos. A continuaci\u00f3n se extraen unas conclusiones que permiten arrojar algo m\u00e1s de luz sobre los motivos literarios de h\u00ed\u00b6lderlin.<\/p>\n<p>&nbsp;<\/p>\n<h3>Datos acad\u00e9micos de la tesis doctoral \u00ab<strong>Die implizite sprachauffassung in ausgew\u00c1\u00a4hlten werken h\u00c1\u00b6lderlins<\/strong>\u00ab<\/h3>\n<ul>\n<li><strong>T\u00edtulo de la tesis:<\/strong>\u00a0 Die implizite sprachauffassung in ausgew\u00c1\u00a4hlten werken h\u00c1\u00b6lderlins <\/li>\n<li><strong>Autor:<\/strong>\u00a0 Pablo Mendoza Casp <\/li>\n<li><strong>Universidad:<\/strong>\u00a0 Universitat de val\u00e9ncia (estudi general)<\/li>\n<li><strong>Fecha de lectura de la tesis:<\/strong>\u00a0 08\/05\/2008<\/li>\n<\/ul>\n<p>&nbsp;<\/p>\n<h3>Direcci\u00f3n y tribunal<\/h3>\n<ul>\n<li><strong>Director de la tesis<\/strong>\n<ul>\n<li>Berta Raposo Fern\u00e1ndez<\/li>\n<\/ul>\n<\/li>\n<li><strong>Tribunal<\/strong>\n<ul>\n<li>Presidente del tribunal: jordi Jan\u00e9 carb\u00f3 <\/li>\n<li>arno Gimber (vocal)<\/li>\n<li>maci\u00ed\u00a0 Ruitort ruitort (vocal)<\/li>\n<li>herbert Holzinger (vocal)<\/li>\n<\/ul>\n<\/li>\n<\/ul>\n<p>&nbsp;<\/p>\n","protected":false},"excerpt":{"rendered":"<p>Tesis doctoral de Pablo Mendoza Casp ?En que consiste la concepci\u00f3n h\u00ed\u00b6lderliniana del lenguaje? Esta tesis busca la respuesta no [&hellip;]<\/p>\n","protected":false},"author":1,"featured_media":0,"comment_status":"open","ping_status":"open","sticky":false,"template":"","format":"standard","meta":{"site-sidebar-layout":"default","site-content-layout":"","ast-site-content-layout":"","site-content-style":"default","site-sidebar-style":"default","ast-global-header-display":"","ast-banner-title-visibility":"","ast-main-header-display":"","ast-hfb-above-header-display":"","ast-hfb-below-header-display":"","ast-hfb-mobile-header-display":"","site-post-title":"","ast-breadcrumbs-content":"","ast-featured-img":"","footer-sml-layout":"","theme-transparent-header-meta":"","adv-header-id-meta":"","stick-header-meta":"","header-above-stick-meta":"","header-main-stick-meta":"","header-below-stick-meta":"","astra-migrate-meta-layouts":"default","ast-page-background-enabled":"default","ast-page-background-meta":{"desktop":{"background-color":"var(--ast-global-color-4)","background-image":"","background-repeat":"repeat","background-position":"center center","background-size":"auto","background-attachment":"scroll","background-type":"","background-media":"","overlay-type":"","overlay-color":"","overlay-gradient":""},"tablet":{"background-color":"","background-image":"","background-repeat":"repeat","background-position":"center center","background-size":"auto","background-attachment":"scroll","background-type":"","background-media":"","overlay-type":"","overlay-color":"","overlay-gradient":""},"mobile":{"background-color":"","background-image":"","background-repeat":"repeat","background-position":"center center","background-size":"auto","background-attachment":"scroll","background-type":"","background-media":"","overlay-type":"","overlay-color":"","overlay-gradient":""}},"ast-content-background-meta":{"desktop":{"background-color":"var(--ast-global-color-5)","background-image":"","background-repeat":"repeat","background-position":"center center","background-size":"auto","background-attachment":"scroll","background-type":"","background-media":"","overlay-type":"","overlay-color":"","overlay-gradient":""},"tablet":{"background-color":"var(--ast-global-color-5)","background-image":"","background-repeat":"repeat","background-position":"center center","background-size":"auto","background-attachment":"scroll","background-type":"","background-media":"","overlay-type":"","overlay-color":"","overlay-gradient":""},"mobile":{"background-color":"var(--ast-global-color-5)","background-image":"","background-repeat":"repeat","background-position":"center center","background-size":"auto","background-attachment":"scroll","background-type":"","background-media":"","overlay-type":"","overlay-color":"","overlay-gradient":""}},"footnotes":""},"categories":[636],"tags":[68621,43640,142092,8926,142091,142090],"class_list":["post-64397","post","type-post","status-publish","format-standard","hentry","category-lengua-y-literatura","tag-arno-gimber","tag-berta-raposo-fernandez","tag-herbert-holzinger","tag-jordi-jane-carbo","tag-macii-ruitort-ruitort","tag-pablo-mendoza-casp"],"_links":{"self":[{"href":"https:\/\/www.deberes.net\/tesis\/wp-json\/wp\/v2\/posts\/64397","targetHints":{"allow":["GET"]}}],"collection":[{"href":"https:\/\/www.deberes.net\/tesis\/wp-json\/wp\/v2\/posts"}],"about":[{"href":"https:\/\/www.deberes.net\/tesis\/wp-json\/wp\/v2\/types\/post"}],"author":[{"embeddable":true,"href":"https:\/\/www.deberes.net\/tesis\/wp-json\/wp\/v2\/users\/1"}],"replies":[{"embeddable":true,"href":"https:\/\/www.deberes.net\/tesis\/wp-json\/wp\/v2\/comments?post=64397"}],"version-history":[{"count":0,"href":"https:\/\/www.deberes.net\/tesis\/wp-json\/wp\/v2\/posts\/64397\/revisions"}],"wp:attachment":[{"href":"https:\/\/www.deberes.net\/tesis\/wp-json\/wp\/v2\/media?parent=64397"}],"wp:term":[{"taxonomy":"category","embeddable":true,"href":"https:\/\/www.deberes.net\/tesis\/wp-json\/wp\/v2\/categories?post=64397"},{"taxonomy":"post_tag","embeddable":true,"href":"https:\/\/www.deberes.net\/tesis\/wp-json\/wp\/v2\/tags?post=64397"}],"curies":[{"name":"wp","href":"https:\/\/api.w.org\/{rel}","templated":true}]}}