{"id":64422,"date":"2008-09-05T00:00:00","date_gmt":"2008-09-05T00:00:00","guid":{"rendered":"https:\/\/www.deberes.net\/tesis\/sin-categoria\/negociacion-colectiva-en-euskadi-y-prevision-social-complementaria-las-epsv-de-empleo-compromisos-por-pensiones-de-jubilacion\/"},"modified":"2008-09-05T00:00:00","modified_gmt":"2008-09-05T00:00:00","slug":"negociacion-colectiva-en-euskadi-y-prevision-social-complementaria-las-epsv-de-empleo-compromisos-por-pensiones-de-jubilacion","status":"publish","type":"post","link":"https:\/\/www.deberes.net\/tesis\/economia-del-area-europea\/negociacion-colectiva-en-euskadi-y-prevision-social-complementaria-las-epsv-de-empleo-compromisos-por-pensiones-de-jubilacion\/","title":{"rendered":"Negociaci\u00f3n colectiva en euskadi y previsi\u00f3n social complementaria. las epsv de empleo (compromisos por pensiones de jubilaci\u00f3n)"},"content":{"rendered":"<h2>Tesis doctoral de <strong> Lorna Mery Garc\u00eda Barneche <\/strong><\/h2>\n<p>El pa\u00eds vasco ha sido pionero en materia de previsi\u00f3n social complementaria, en particular con los complementos de las pensiones de jubilaci\u00f3n del sistema p\u00fablico, y lo ha hecho a trav\u00e9s de las entidades de previsi\u00f3n social voluntaria, epsv.  Las epsv del sistema empleo, son el resultado de la incorporaci\u00f3n de la materia previsi\u00f3n social complementaria como un tema m\u00e1s en la negociaci\u00f3n colectiva. La investigaci\u00f3n abarca un per\u00edodo de 25 a\u00f1os, desde los inicios con la promulgaci\u00f3n de la ley de epsv hasta la actualidad, y se analiza la evoluci\u00f3n de las epsv as\u00ed como de la negociaci\u00f3n colectiva en dicha materia.<\/p>\n<p>&nbsp;<\/p>\n<h3>Datos acad\u00e9micos de la tesis doctoral \u00ab<strong>Negociaci\u00f3n colectiva en euskadi y previsi\u00f3n social complementaria. las epsv de empleo (compromisos por pensiones de jubilaci\u00f3n)<\/strong>\u00ab<\/h3>\n<ul>\n<li><strong>T\u00edtulo de la tesis:<\/strong>\u00a0 Negociaci\u00f3n colectiva en euskadi y previsi\u00f3n social complementaria. las epsv de empleo (compromisos por pensiones de jubilaci\u00f3n) <\/li>\n<li><strong>Autor:<\/strong>\u00a0 Lorna Mery Garc\u00eda Barneche <\/li>\n<li><strong>Universidad:<\/strong>\u00a0 Deusto<\/li>\n<li><strong>Fecha de lectura de la tesis:<\/strong>\u00a0 09\/05\/2008<\/li>\n<\/ul>\n<p>&nbsp;<\/p>\n<h3>Direcci\u00f3n y tribunal<\/h3>\n<ul>\n<li><strong>Director de la tesis<\/strong>\n<ul>\n<li>Jos\u00e9 Ram\u00f3n Urrutia Elorza<\/li>\n<\/ul>\n<\/li>\n<li><strong>Tribunal<\/strong>\n<ul>\n<li>Presidente del tribunal: Francisco javier Maqueda lafuente <\/li>\n<li>Jos\u00e9 Luis Rodriguez frutos (vocal)<\/li>\n<li>Manuel Beldarrain gar\u00edn (vocal)<\/li>\n<li>victor Urcelay yarza (vocal)<\/li>\n<\/ul>\n<\/li>\n<\/ul>\n<p>&nbsp;<\/p>\n","protected":false},"excerpt":{"rendered":"<p>Tesis doctoral de Lorna Mery Garc\u00eda Barneche El pa\u00eds vasco ha sido pionero en materia de previsi\u00f3n social complementaria, en [&hellip;]<\/p>\n","protected":false},"author":1,"featured_media":0,"comment_status":"open","ping_status":"open","sticky":false,"template":"","format":"standard","meta":{"site-sidebar-layout":"default","site-content-layout":"","ast-site-content-layout":"","site-content-style":"default","site-sidebar-style":"default","ast-global-header-display":"","ast-banner-title-visibility":"","ast-main-header-display":"","ast-hfb-above-header-display":"","ast-hfb-below-header-display":"","ast-hfb-mobile-header-display":"","site-post-title":"","ast-breadcrumbs-content":"","ast-featured-img":"","footer-sml-layout":"","theme-transparent-header-meta":"","adv-header-id-meta":"","stick-header-meta":"","header-above-stick-meta":"","header-main-stick-meta":"","header-below-stick-meta":"","astra-migrate-meta-layouts":"default","ast-page-background-enabled":"default","ast-page-background-meta":{"desktop":{"background-color":"var(--ast-global-color-4)","background-image":"","background-repeat":"repeat","background-position":"center center","background-size":"auto","background-attachment":"scroll","background-type":"","background-media":"","overlay-type":"","overlay-color":"","overlay-gradient":""},"tablet":{"background-color":"","background-image":"","background-repeat":"repeat","background-position":"center center","background-size":"auto","background-attachment":"scroll","background-type":"","background-media":"","overlay-type":"","overlay-color":"","overlay-gradient":""},"mobile":{"background-color":"","background-image":"","background-repeat":"repeat","background-position":"center center","background-size":"auto","background-attachment":"scroll","background-type":"","background-media":"","overlay-type":"","overlay-color":"","overlay-gradient":""}},"ast-content-background-meta":{"desktop":{"background-color":"var(--ast-global-color-5)","background-image":"","background-repeat":"repeat","background-position":"center center","background-size":"auto","background-attachment":"scroll","background-type":"","background-media":"","overlay-type":"","overlay-color":"","overlay-gradient":""},"tablet":{"background-color":"var(--ast-global-color-5)","background-image":"","background-repeat":"repeat","background-position":"center center","background-size":"auto","background-attachment":"scroll","background-type":"","background-media":"","overlay-type":"","overlay-color":"","overlay-gradient":""},"mobile":{"background-color":"var(--ast-global-color-5)","background-image":"","background-repeat":"repeat","background-position":"center center","background-size":"auto","background-attachment":"scroll","background-type":"","background-media":"","overlay-type":"","overlay-color":"","overlay-gradient":""}},"footnotes":""},"categories":[2170,31910,83,6287],"tags":[13464,25273,142141,142140,65394,58888],"class_list":["post-64422","post","type-post","status-publish","format-standard","hentry","category-derecho-del-trabajo-y-de-la-seguridad-social","category-deusto","category-economia-del-area-europea","category-seguridad-social","tag-francisco-javier-maqueda-lafuente","tag-jose-luis-rodriguez-frutos","tag-jose-ramon-urrutia-elorza","tag-lorna-mery-garcia-barneche","tag-manuel-beldarrain-garin","tag-victor-urcelay-yarza"],"_links":{"self":[{"href":"https:\/\/www.deberes.net\/tesis\/wp-json\/wp\/v2\/posts\/64422","targetHints":{"allow":["GET"]}}],"collection":[{"href":"https:\/\/www.deberes.net\/tesis\/wp-json\/wp\/v2\/posts"}],"about":[{"href":"https:\/\/www.deberes.net\/tesis\/wp-json\/wp\/v2\/types\/post"}],"author":[{"embeddable":true,"href":"https:\/\/www.deberes.net\/tesis\/wp-json\/wp\/v2\/users\/1"}],"replies":[{"embeddable":true,"href":"https:\/\/www.deberes.net\/tesis\/wp-json\/wp\/v2\/comments?post=64422"}],"version-history":[{"count":0,"href":"https:\/\/www.deberes.net\/tesis\/wp-json\/wp\/v2\/posts\/64422\/revisions"}],"wp:attachment":[{"href":"https:\/\/www.deberes.net\/tesis\/wp-json\/wp\/v2\/media?parent=64422"}],"wp:term":[{"taxonomy":"category","embeddable":true,"href":"https:\/\/www.deberes.net\/tesis\/wp-json\/wp\/v2\/categories?post=64422"},{"taxonomy":"post_tag","embeddable":true,"href":"https:\/\/www.deberes.net\/tesis\/wp-json\/wp\/v2\/tags?post=64422"}],"curies":[{"name":"wp","href":"https:\/\/api.w.org\/{rel}","templated":true}]}}