{"id":64485,"date":"2018-03-09T22:52:31","date_gmt":"2018-03-09T22:52:31","guid":{"rendered":"https:\/\/www.deberes.net\/tesis\/sin-categoria\/neuroimagen-estructural-y-funcional-en-pacientes-con-deterioro-cognitivo-leve-y-enfermedad-de-alzheimer\/"},"modified":"2018-03-09T22:52:31","modified_gmt":"2018-03-09T22:52:31","slug":"neuroimagen-estructural-y-funcional-en-pacientes-con-deterioro-cognitivo-leve-y-enfermedad-de-alzheimer","status":"publish","type":"post","link":"https:\/\/www.deberes.net\/tesis\/procesos-cognitivos\/neuroimagen-estructural-y-funcional-en-pacientes-con-deterioro-cognitivo-leve-y-enfermedad-de-alzheimer\/","title":{"rendered":"Neuroimagen estructural y funcional en pacientes con deterioro cognitivo leve y enfermedad de alzheimer"},"content":{"rendered":"<h2>Tesis doctoral de <strong> Ariadna Besga Basterra <\/strong><\/h2>\n<p>La enfermedad de alzheimer (ea) se ha convertido en uno de los problemas sociosanitarios m\u00e1s importantes. Durante los \u00faltimos a\u00f1os se han desarrollado estrategias teraop\u00e9uticas que mejoran los s\u00edntomas, pero el desarrollo de nuevos tratamientos potenciales para esta enfermedad, intensifica la necesidad de identificar de forma precisa los estadios prodr\u00f3micos para frenar la neurodegeneraci\u00f3n y evitar su progresi\u00f3n a estadios m\u00e1s severos. Aunque todav\u00eda no se ha identificado un marcador biol\u00f3gico de la ea, los estudios de neuroimagen han hecho un considerable progreso en esta direcci\u00f3n. Nuestro objetivo ha sido identificar un patr\u00f3n estructural mediante resonancia magn\u00e9tica (rm) y un patr\u00f3n neurofisiol\u00f3gico mediante magnetoencefalograf\u00eda (meg) en paciente controles, con dcl y ea, que permita un diagn\u00f3stico precoz de la enfermedad. los resultados muestran una disminuci\u00f3n del volumen cerebral total y del hipocampo, y un aumento de la actividad de ondas lentas en las \u00e1reas tempo-occipito-parietal que se correlacionan con el grado de severidad de la enfermedad y permiten discriminar entre los diferentes grupos diagn\u00f3sticos.<\/p>\n<p>&nbsp;<\/p>\n<h3>Datos acad\u00e9micos de la tesis doctoral \u00ab<strong>Neuroimagen estructural y funcional en pacientes con deterioro cognitivo leve y enfermedad de alzheimer<\/strong>\u00ab<\/h3>\n<ul>\n<li><strong>T\u00edtulo de la tesis:<\/strong>\u00a0 Neuroimagen estructural y funcional en pacientes con deterioro cognitivo leve y enfermedad de alzheimer <\/li>\n<li><strong>Autor:<\/strong>\u00a0 Ariadna Besga Basterra <\/li>\n<li><strong>Universidad:<\/strong>\u00a0 Complutense de Madrid<\/li>\n<li><strong>Fecha de lectura de la tesis:<\/strong>\u00a0 13\/05\/2008<\/li>\n<\/ul>\n<p>&nbsp;<\/p>\n<h3>Direcci\u00f3n y tribunal<\/h3>\n<ul>\n<li><strong>Director de la tesis<\/strong>\n<ul>\n<li>Tom\u00e1s Ortiz Alonso<\/li>\n<\/ul>\n<\/li>\n<li><strong>Tribunal<\/strong>\n<ul>\n<li>Presidente del tribunal: Juan  jos\u00e9 L\u00f3pez-llor ali\u00f1o <\/li>\n<li>Jos\u00e9 Regidor Garc\u00eda (vocal)<\/li>\n<li>Miguel Gutierrez fraile (vocal)<\/li>\n<li>Carlos Martinez manzanares (vocal)<\/li>\n<\/ul>\n<\/li>\n<\/ul>\n<p>&nbsp;<\/p>\n","protected":false},"excerpt":{"rendered":"<p>Tesis doctoral de Ariadna Besga Basterra La enfermedad de alzheimer (ea) se ha convertido en uno de los problemas sociosanitarios [&hellip;]<\/p>\n","protected":false},"author":1,"featured_media":0,"comment_status":"open","ping_status":"open","sticky":false,"template":"","format":"standard","meta":{"site-sidebar-layout":"default","site-content-layout":"","ast-site-content-layout":"","site-content-style":"default","site-sidebar-style":"default","ast-global-header-display":"","ast-banner-title-visibility":"","ast-main-header-display":"","ast-hfb-above-header-display":"","ast-hfb-below-header-display":"","ast-hfb-mobile-header-display":"","site-post-title":"","ast-breadcrumbs-content":"","ast-featured-img":"","footer-sml-layout":"","theme-transparent-header-meta":"","adv-header-id-meta":"","stick-header-meta":"","header-above-stick-meta":"","header-main-stick-meta":"","header-below-stick-meta":"","astra-migrate-meta-layouts":"default","ast-page-background-enabled":"default","ast-page-background-meta":{"desktop":{"background-color":"var(--ast-global-color-4)","background-image":"","background-repeat":"repeat","background-position":"center center","background-size":"auto","background-attachment":"scroll","background-type":"","background-media":"","overlay-type":"","overlay-color":"","overlay-gradient":""},"tablet":{"background-color":"","background-image":"","background-repeat":"repeat","background-position":"center center","background-size":"auto","background-attachment":"scroll","background-type":"","background-media":"","overlay-type":"","overlay-color":"","overlay-gradient":""},"mobile":{"background-color":"","background-image":"","background-repeat":"repeat","background-position":"center center","background-size":"auto","background-attachment":"scroll","background-type":"","background-media":"","overlay-type":"","overlay-color":"","overlay-gradient":""}},"ast-content-background-meta":{"desktop":{"background-color":"var(--ast-global-color-5)","background-image":"","background-repeat":"repeat","background-position":"center center","background-size":"auto","background-attachment":"scroll","background-type":"","background-media":"","overlay-type":"","overlay-color":"","overlay-gradient":""},"tablet":{"background-color":"var(--ast-global-color-5)","background-image":"","background-repeat":"repeat","background-position":"center center","background-size":"auto","background-attachment":"scroll","background-type":"","background-media":"","overlay-type":"","overlay-color":"","overlay-gradient":""},"mobile":{"background-color":"var(--ast-global-color-5)","background-image":"","background-repeat":"repeat","background-position":"center center","background-size":"auto","background-attachment":"scroll","background-type":"","background-media":"","overlay-type":"","overlay-color":"","overlay-gradient":""}},"footnotes":""},"categories":[33865,8607,7302],"tags":[142275,1664,10224,142276,1829,5776],"class_list":["post-64485","post","type-post","status-publish","format-standard","hentry","category-enfermedad","category-geriatria","category-procesos-cognitivos","tag-ariadna-besga-basterra","tag-carlos-Martinez-manzanares","tag-jose-regidor-garcia","tag-juan-jose-lopez-llor-alino","tag-miguel-gutierrez-fraile","tag-tomas-ortiz-alonso"],"_links":{"self":[{"href":"https:\/\/www.deberes.net\/tesis\/wp-json\/wp\/v2\/posts\/64485","targetHints":{"allow":["GET"]}}],"collection":[{"href":"https:\/\/www.deberes.net\/tesis\/wp-json\/wp\/v2\/posts"}],"about":[{"href":"https:\/\/www.deberes.net\/tesis\/wp-json\/wp\/v2\/types\/post"}],"author":[{"embeddable":true,"href":"https:\/\/www.deberes.net\/tesis\/wp-json\/wp\/v2\/users\/1"}],"replies":[{"embeddable":true,"href":"https:\/\/www.deberes.net\/tesis\/wp-json\/wp\/v2\/comments?post=64485"}],"version-history":[{"count":0,"href":"https:\/\/www.deberes.net\/tesis\/wp-json\/wp\/v2\/posts\/64485\/revisions"}],"wp:attachment":[{"href":"https:\/\/www.deberes.net\/tesis\/wp-json\/wp\/v2\/media?parent=64485"}],"wp:term":[{"taxonomy":"category","embeddable":true,"href":"https:\/\/www.deberes.net\/tesis\/wp-json\/wp\/v2\/categories?post=64485"},{"taxonomy":"post_tag","embeddable":true,"href":"https:\/\/www.deberes.net\/tesis\/wp-json\/wp\/v2\/tags?post=64485"}],"curies":[{"name":"wp","href":"https:\/\/api.w.org\/{rel}","templated":true}]}}