{"id":64491,"date":"2018-03-09T22:52:31","date_gmt":"2018-03-09T22:52:31","guid":{"rendered":"https:\/\/www.deberes.net\/tesis\/sin-categoria\/la-directiva-comunitaria-y-el-sistema-de-fuentes-del-derecho\/"},"modified":"2018-03-09T22:52:31","modified_gmt":"2018-03-09T22:52:31","slug":"la-directiva-comunitaria-y-el-sistema-de-fuentes-del-derecho","status":"publish","type":"post","link":"https:\/\/www.deberes.net\/tesis\/derecho-internacional\/la-directiva-comunitaria-y-el-sistema-de-fuentes-del-derecho\/","title":{"rendered":"La directiva comunitaria y el sistema de fuentes del derecho"},"content":{"rendered":"<h2>Tesis doctoral de <strong> Alicia Lopez De Los Mozos Diaz  Madro\u00f1ero <\/strong><\/h2>\n<p>La directiva comunitaria es uno de los actos normativos m\u00e1s peculiares del derecho comunitario. Sobre esta base, en la tesis se analizan su regulaci\u00f3n (tanto comunitario como estatal, incluyendo las nuevas reformas de los estatutos de autonom\u00eda), sus principales caracter\u00edsticas, los problemas que conlleva su transposici\u00f3n por los estados miembros no solo en cuanto a la elecci\u00f3n de la forma y medios para lograr el objetivo en ella previsto, sino, principalmente , las consecuencias de su incumplimiento (como la elaboraci\u00f3n de directivas cada vez mas detalladas) y la responsabilidad estatal. asimismo se analizan las diferencias, ventas y\/o desventajas frente a la ley marco europea propuesta por el fallido tratado constitucional europeo, y las novedades que aporta el tratado de lisboa.<\/p>\n<p>&nbsp;<\/p>\n<h3>Datos acad\u00e9micos de la tesis doctoral \u00ab<strong>La directiva comunitaria y el sistema de fuentes del derecho<\/strong>\u00ab<\/h3>\n<ul>\n<li><strong>T\u00edtulo de la tesis:<\/strong>\u00a0 La directiva comunitaria y el sistema de fuentes del derecho <\/li>\n<li><strong>Autor:<\/strong>\u00a0 Alicia Lopez De Los Mozos Diaz  Madro\u00f1ero <\/li>\n<li><strong>Universidad:<\/strong>\u00a0 Rey juan carlos<\/li>\n<li><strong>Fecha de lectura de la tesis:<\/strong>\u00a0 13\/05\/2008<\/li>\n<\/ul>\n<p>&nbsp;<\/p>\n<h3>Direcci\u00f3n y tribunal<\/h3>\n<ul>\n<li><strong>Director de la tesis<\/strong>\n<ul>\n<li>Enrique Alvarez Conde<\/li>\n<\/ul>\n<\/li>\n<li><strong>Tribunal<\/strong>\n<ul>\n<li>Presidente del tribunal: pedro jos\u00e9 Gonz\u00e1lez-trevijano s\u00e1nchez <\/li>\n<li>ra\u00fal leopoldo Canosa usera (vocal)<\/li>\n<li>lucio Pegoraro (vocal)<\/li>\n<li>Luis Mar\u00eda Diez picazo (vocal)<\/li>\n<\/ul>\n<\/li>\n<\/ul>\n<p>&nbsp;<\/p>\n","protected":false},"excerpt":{"rendered":"<p>Tesis doctoral de Alicia Lopez De Los Mozos Diaz Madro\u00f1ero La directiva comunitaria es uno de los actos normativos m\u00e1s [&hellip;]<\/p>\n","protected":false},"author":1,"featured_media":0,"comment_status":"open","ping_status":"open","sticky":false,"template":"","format":"standard","meta":{"site-sidebar-layout":"default","site-content-layout":"","ast-site-content-layout":"","site-content-style":"default","site-sidebar-style":"default","ast-global-header-display":"","ast-banner-title-visibility":"","ast-main-header-display":"","ast-hfb-above-header-display":"","ast-hfb-below-header-display":"","ast-hfb-mobile-header-display":"","site-post-title":"","ast-breadcrumbs-content":"","ast-featured-img":"","footer-sml-layout":"","theme-transparent-header-meta":"","adv-header-id-meta":"","stick-header-meta":"","header-above-stick-meta":"","header-main-stick-meta":"","header-below-stick-meta":"","astra-migrate-meta-layouts":"default","ast-page-background-enabled":"default","ast-page-background-meta":{"desktop":{"background-color":"var(--ast-global-color-4)","background-image":"","background-repeat":"repeat","background-position":"center center","background-size":"auto","background-attachment":"scroll","background-type":"","background-media":"","overlay-type":"","overlay-color":"","overlay-gradient":""},"tablet":{"background-color":"","background-image":"","background-repeat":"repeat","background-position":"center center","background-size":"auto","background-attachment":"scroll","background-type":"","background-media":"","overlay-type":"","overlay-color":"","overlay-gradient":""},"mobile":{"background-color":"","background-image":"","background-repeat":"repeat","background-position":"center center","background-size":"auto","background-attachment":"scroll","background-type":"","background-media":"","overlay-type":"","overlay-color":"","overlay-gradient":""}},"ast-content-background-meta":{"desktop":{"background-color":"var(--ast-global-color-5)","background-image":"","background-repeat":"repeat","background-position":"center center","background-size":"auto","background-attachment":"scroll","background-type":"","background-media":"","overlay-type":"","overlay-color":"","overlay-gradient":""},"tablet":{"background-color":"var(--ast-global-color-5)","background-image":"","background-repeat":"repeat","background-position":"center center","background-size":"auto","background-attachment":"scroll","background-type":"","background-media":"","overlay-type":"","overlay-color":"","overlay-gradient":""},"mobile":{"background-color":"var(--ast-global-color-5)","background-image":"","background-repeat":"repeat","background-position":"center center","background-size":"auto","background-attachment":"scroll","background-type":"","background-media":"","overlay-type":"","overlay-color":"","overlay-gradient":""}},"footnotes":""},"categories":[1450,23362,1211,36610],"tags":[142288,7163,79147,126775,23520,46277],"class_list":["post-64491","post","type-post","status-publish","format-standard","hentry","category-derecho-constitucional","category-derecho-estatutario","category-derecho-internacional","category-rey-juan-carlos","tag-alicia-lopez-de-los-mozos-diaz-madronero","tag-enrique-alvarez-conde","tag-lucio-pegoraro","tag-luis-maria-diez-picazo","tag-pedro-jose-gonzalez-trevijano-sanchez","tag-raul-leopoldo-canosa-usera"],"_links":{"self":[{"href":"https:\/\/www.deberes.net\/tesis\/wp-json\/wp\/v2\/posts\/64491","targetHints":{"allow":["GET"]}}],"collection":[{"href":"https:\/\/www.deberes.net\/tesis\/wp-json\/wp\/v2\/posts"}],"about":[{"href":"https:\/\/www.deberes.net\/tesis\/wp-json\/wp\/v2\/types\/post"}],"author":[{"embeddable":true,"href":"https:\/\/www.deberes.net\/tesis\/wp-json\/wp\/v2\/users\/1"}],"replies":[{"embeddable":true,"href":"https:\/\/www.deberes.net\/tesis\/wp-json\/wp\/v2\/comments?post=64491"}],"version-history":[{"count":0,"href":"https:\/\/www.deberes.net\/tesis\/wp-json\/wp\/v2\/posts\/64491\/revisions"}],"wp:attachment":[{"href":"https:\/\/www.deberes.net\/tesis\/wp-json\/wp\/v2\/media?parent=64491"}],"wp:term":[{"taxonomy":"category","embeddable":true,"href":"https:\/\/www.deberes.net\/tesis\/wp-json\/wp\/v2\/categories?post=64491"},{"taxonomy":"post_tag","embeddable":true,"href":"https:\/\/www.deberes.net\/tesis\/wp-json\/wp\/v2\/tags?post=64491"}],"curies":[{"name":"wp","href":"https:\/\/api.w.org\/{rel}","templated":true}]}}