{"id":64515,"date":"2018-03-09T22:52:31","date_gmt":"2018-03-09T22:52:31","guid":{"rendered":"https:\/\/www.deberes.net\/tesis\/sin-categoria\/el-determinismo-tecnologico-una-reflexion-critica-desde-la-teoria-de-los-sistemas-tecnologicos\/"},"modified":"2018-03-09T22:52:31","modified_gmt":"2018-03-09T22:52:31","slug":"el-determinismo-tecnologico-una-reflexion-critica-desde-la-teoria-de-los-sistemas-tecnologicos","status":"publish","type":"post","link":"https:\/\/www.deberes.net\/tesis\/filosofia-de-la-tecnica\/el-determinismo-tecnologico-una-reflexion-critica-desde-la-teoria-de-los-sistemas-tecnologicos\/","title":{"rendered":"El determinismo tecnologico. una reflexion critica desde la teoria de los sistemas tecnologicos"},"content":{"rendered":"<h2>Tesis doctoral de <strong>  Osorio Marulanda Carlos Augusto <\/strong><\/h2>\n<p>En esta tesis nos hemos propuesto analizar el tema del determinismo tecnol\u00f3gico en un sistema tecnol\u00f3gico espec\u00edfico, teniendo como base conceptual la filosof\u00eda de la tecnolog\u00eda, y en general los estudios sociales de la ciencia y la tecnolog\u00eda (o estudios cts) la hip\u00f3tesis que hemos defendido comprende dos aspectos. En primer lugar, consideramos que las actuales tendencias en regulaci\u00f3n social de la ciencia y la tecnolog\u00eda, materializadas en diversos modelos de participaci\u00f3n p\u00fablica, hacen factible una reconceptualizaci\u00f3n del determinismo teniendo en cuenta la naturaleza y alcance del protagonismo social en los sistemas tecnol\u00f3gicos. En segundo lugar, consideramos que es posible establecer los l\u00edmites de una interpretaci\u00f3n determinista a partir de una unidad de an\u00e1lisis relacionada con un sistema tecnol\u00f3gico local y descentralizado. Con base en un estudio de caso relacionado con un sistema tecnol\u00f3gico para la potabilizaci\u00f3n de agua, denominado de filtraci\u00f3n de m\u00faltiples etapas (fime) e implantado en diversas localidades rurales de colombia. Hemos mostrado c\u00f3mo la intervenci\u00f3n social se hace presente desde los niveles m\u00e1s tempranos de la construcci\u00f3n del sistema, hasta su gesti\u00f3n posterior, lo que contribuye con una nueva manera de entender la teor\u00eda del determinismo tecnol\u00f3gico. el primer resultado obtenido en esta tesis se refiere al marco conceptual, a la tradici\u00f3n de una filosof\u00eda de la tecnolog\u00eda desde el \u00e1mbito de las humanidades, especialmente desde los desarrollos contempor\u00e1neos y con mayor presencia de los concernientes a las cuestiones pol\u00edticas y del pragmatismo; junto con los aportes de los estudios cts preocupados por la naturaleza social y los impactos de la ciencia y la tecnolog\u00eda. Hemos mostrado que es posible su articulaci\u00f3n a trav\u00e9s de un contexto espec\u00edfico de aplicaci\u00f3n: la participaci\u00f3n p\u00fablica en los sistemas tecnol\u00f3gicos. A partir de esta tradici\u00f3n filos\u00f3fica de la tecnolog\u00eda hemos defendido las as<\/p>\n<p>&nbsp;<\/p>\n<h3>Datos acad\u00e9micos de la tesis doctoral \u00ab<strong>El determinismo tecnologico. una reflexion critica desde la teoria de los sistemas tecnologicos<\/strong>\u00ab<\/h3>\n<ul>\n<li><strong>T\u00edtulo de la tesis:<\/strong>\u00a0 El determinismo tecnologico. una reflexion critica desde la teoria de los sistemas tecnologicos <\/li>\n<li><strong>Autor:<\/strong>\u00a0  Osorio Marulanda Carlos Augusto <\/li>\n<li><strong>Universidad:<\/strong>\u00a0 Oviedo<\/li>\n<li><strong>Fecha de lectura de la tesis:<\/strong>\u00a0 15\/05\/2008<\/li>\n<\/ul>\n<p>&nbsp;<\/p>\n<h3>Direcci\u00f3n y tribunal<\/h3>\n<ul>\n<li><strong>Director de la tesis<\/strong>\n<ul>\n<li>Jos\u00e9 Antonio Lopez Cerezo<\/li>\n<\/ul>\n<\/li>\n<li><strong>Tribunal<\/strong>\n<ul>\n<li>Presidente del tribunal: paul Durbin <\/li>\n<li> Lujan lopez Jos\u00e9 Luis (vocal)<\/li>\n<li> Queralto moreno ramon Jes\u00fas (vocal)<\/li>\n<li>cipriano Barrio alonso (vocal)<\/li>\n<\/ul>\n<\/li>\n<\/ul>\n<p>&nbsp;<\/p>\n","protected":false},"excerpt":{"rendered":"<p>Tesis doctoral de Osorio Marulanda Carlos Augusto En esta tesis nos hemos propuesto analizar el tema del determinismo tecnol\u00f3gico en [&hellip;]<\/p>\n","protected":false},"author":1,"featured_media":0,"comment_status":"open","ping_status":"open","sticky":false,"template":"","format":"standard","meta":{"site-sidebar-layout":"default","site-content-layout":"","ast-site-content-layout":"","site-content-style":"default","site-sidebar-style":"default","ast-global-header-display":"","ast-banner-title-visibility":"","ast-main-header-display":"","ast-hfb-above-header-display":"","ast-hfb-below-header-display":"","ast-hfb-mobile-header-display":"","site-post-title":"","ast-breadcrumbs-content":"","ast-featured-img":"","footer-sml-layout":"","theme-transparent-header-meta":"","adv-header-id-meta":"","stick-header-meta":"","header-above-stick-meta":"","header-main-stick-meta":"","header-below-stick-meta":"","astra-migrate-meta-layouts":"default","ast-page-background-enabled":"default","ast-page-background-meta":{"desktop":{"background-color":"var(--ast-global-color-4)","background-image":"","background-repeat":"repeat","background-position":"center center","background-size":"auto","background-attachment":"scroll","background-type":"","background-media":"","overlay-type":"","overlay-color":"","overlay-gradient":""},"tablet":{"background-color":"","background-image":"","background-repeat":"repeat","background-position":"center center","background-size":"auto","background-attachment":"scroll","background-type":"","background-media":"","overlay-type":"","overlay-color":"","overlay-gradient":""},"mobile":{"background-color":"","background-image":"","background-repeat":"repeat","background-position":"center center","background-size":"auto","background-attachment":"scroll","background-type":"","background-media":"","overlay-type":"","overlay-color":"","overlay-gradient":""}},"ast-content-background-meta":{"desktop":{"background-color":"var(--ast-global-color-5)","background-image":"","background-repeat":"repeat","background-position":"center center","background-size":"auto","background-attachment":"scroll","background-type":"","background-media":"","overlay-type":"","overlay-color":"","overlay-gradient":""},"tablet":{"background-color":"var(--ast-global-color-5)","background-image":"","background-repeat":"repeat","background-position":"center center","background-size":"auto","background-attachment":"scroll","background-type":"","background-media":"","overlay-type":"","overlay-color":"","overlay-gradient":""},"mobile":{"background-color":"var(--ast-global-color-5)","background-image":"","background-repeat":"repeat","background-position":"center center","background-size":"auto","background-attachment":"scroll","background-type":"","background-media":"","overlay-type":"","overlay-color":"","overlay-gradient":""}},"footnotes":""},"categories":[1077,5250,8846],"tags":[142348,12309,12307,142345,142346,142347],"class_list":["post-64515","post","type-post","status-publish","format-standard","hentry","category-filosofia-de-la-tecnica","category-filosofia-de-las-ciencias-sociales","category-oviedo","tag-cipriano-barrio-alonso","tag-jose-antonio-lopez-cerezo","tag-lujan-lopez-jose-luis","tag-osorio-marulanda-carlos-augusto","tag-paul-durbin","tag-queralto-moreno-ramon-jesus"],"_links":{"self":[{"href":"https:\/\/www.deberes.net\/tesis\/wp-json\/wp\/v2\/posts\/64515","targetHints":{"allow":["GET"]}}],"collection":[{"href":"https:\/\/www.deberes.net\/tesis\/wp-json\/wp\/v2\/posts"}],"about":[{"href":"https:\/\/www.deberes.net\/tesis\/wp-json\/wp\/v2\/types\/post"}],"author":[{"embeddable":true,"href":"https:\/\/www.deberes.net\/tesis\/wp-json\/wp\/v2\/users\/1"}],"replies":[{"embeddable":true,"href":"https:\/\/www.deberes.net\/tesis\/wp-json\/wp\/v2\/comments?post=64515"}],"version-history":[{"count":0,"href":"https:\/\/www.deberes.net\/tesis\/wp-json\/wp\/v2\/posts\/64515\/revisions"}],"wp:attachment":[{"href":"https:\/\/www.deberes.net\/tesis\/wp-json\/wp\/v2\/media?parent=64515"}],"wp:term":[{"taxonomy":"category","embeddable":true,"href":"https:\/\/www.deberes.net\/tesis\/wp-json\/wp\/v2\/categories?post=64515"},{"taxonomy":"post_tag","embeddable":true,"href":"https:\/\/www.deberes.net\/tesis\/wp-json\/wp\/v2\/tags?post=64515"}],"curies":[{"name":"wp","href":"https:\/\/api.w.org\/{rel}","templated":true}]}}