{"id":64584,"date":"2018-03-09T22:52:40","date_gmt":"2018-03-09T22:52:40","guid":{"rendered":"https:\/\/www.deberes.net\/tesis\/sin-categoria\/dinamica-espacio-temporal-de-un-bosque-secundario-en-el-parque-natural-de-urkiola-bizkaia\/"},"modified":"2018-03-09T22:52:40","modified_gmt":"2018-03-09T22:52:40","slug":"dinamica-espacio-temporal-de-un-bosque-secundario-en-el-parque-natural-de-urkiola-bizkaia","status":"publish","type":"post","link":"https:\/\/www.deberes.net\/tesis\/ecologia-vegetal\/dinamica-espacio-temporal-de-un-bosque-secundario-en-el-parque-natural-de-urkiola-bizkaia\/","title":{"rendered":"Dinamica espacio-temporal de un bosque secundario en el parque natural de urkiola (bizkaia)"},"content":{"rendered":"<h2>Tesis doctoral de <strong> Nere Amaia Lascurain Ayastuy <\/strong><\/h2>\n<p>El objetivo general de este estudio es comprender cu\u00e1les son y c\u00f3mo act\u00faan los mecanismos que determinan la sustituci\u00f3n de especies forestales en la sucesi\u00f3n secundaria en un bosque mixto. Para ello, se analizan los factores que determinan la heterogeneidad espacial y temporal de la regeneraci\u00f3n y de los adultos de las especies dominantes en este bosque. La especie arb\u00f3rea dominante es el abedul (betula celtiberica), seguida de haya (fagus sylvatica) y roble pedunculado (quercus robur). El an\u00e1lisis dendrol\u00f3gico ha permitido conocer la historia de esta masa que ha estado marcada por dos intervenciones intensas de corta, a mediados de 1940 y posteriormente en 1967. Nuestros resultados demuestran que existe una gran din\u00e1mica de pl\u00e1ntulas en la parcela, diversificada en un amplio rango de estrategias regenerativas que var\u00edan en funci\u00f3n del tama\u00f1o de las semillas. Bajo las condiciones actuales, las especies pioneras, con semillas de peque\u00f1o tama\u00f1o, tienen muy pocas oportunidades para reclutar nuevos individuos, mientras que las especies con semillas de mayor tama\u00f1o han mantenido un banco de pl\u00e1ntulas durante el estudio. El cambio en la composici\u00f3n y la estructura del bosque entre 1999 y 2005 indica que esta masa est\u00e1 en la fase de exclusi\u00f3n. Esta fase se caracteriza por una intensa din\u00e1mica, caracterizada por las alt\u00edsimas tasas de mortalidad (7 % anual para roble pedunculado y 2.2 % anual para abedul), concentrada en las clases diam\u00e9tricas inferiores. La muerte de estos individuos est\u00e1 condicionada por su tama\u00f1o y por la ubicaci\u00f3n de los pies y su entorno inmediato, siendo mayor en aquellos lugares donde la dominancia del haya es mayor, lo que adem\u00e1s de ser un proceso de fase de exclusi\u00f3n puede considerarse un proceso de sucesi\u00f3n secundaria. Todo ello, confirma un modelo din\u00e1mico de estos sistemas forestales en el cual la especie dominante, el haya, llega a dominar el dosel  desplazando a roble y abedul, que se mantienen  en las zonas libres de hayas.<\/p>\n<p>&nbsp;<\/p>\n<h3>Datos acad\u00e9micos de la tesis doctoral \u00ab<strong>Dinamica espacio-temporal de un bosque secundario en el parque natural de urkiola (bizkaia)<\/strong>\u00ab<\/h3>\n<ul>\n<li><strong>T\u00edtulo de la tesis:<\/strong>\u00a0 Dinamica espacio-temporal de un bosque secundario en el parque natural de urkiola (bizkaia) <\/li>\n<li><strong>Autor:<\/strong>\u00a0 Nere Amaia Lascurain Ayastuy <\/li>\n<li><strong>Universidad:<\/strong>\u00a0 Pa\u00eds vasco\/euskal herriko unibertsitatea<\/li>\n<li><strong>Fecha de lectura de la tesis:<\/strong>\u00a0 19\/05\/2008<\/li>\n<\/ul>\n<p>&nbsp;<\/p>\n<h3>Direcci\u00f3n y tribunal<\/h3>\n<ul>\n<li><strong>Director de la tesis<\/strong>\n<ul>\n<li>Javier Loidi Arregui<\/li>\n<\/ul>\n<\/li>\n<li><strong>Tribunal<\/strong>\n<ul>\n<li>Presidente del tribunal: tomas emilio Diaz gonzalez <\/li>\n<li>marcelino De la cruz rot (vocal)<\/li>\n<li>adrian Escudero alcantara (vocal)<\/li>\n<li>Jes\u00fas julio Camarero Martinez (vocal)<\/li>\n<\/ul>\n<\/li>\n<\/ul>\n<p>&nbsp;<\/p>\n","protected":false},"excerpt":{"rendered":"<p>Tesis doctoral de Nere Amaia Lascurain Ayastuy El objetivo general de este estudio es comprender cu\u00e1les son y c\u00f3mo act\u00faan [&hellip;]<\/p>\n","protected":false},"author":1,"featured_media":0,"comment_status":"open","ping_status":"open","sticky":false,"template":"","format":"standard","meta":{"site-sidebar-layout":"default","site-content-layout":"","ast-site-content-layout":"","site-content-style":"default","site-sidebar-style":"default","ast-global-header-display":"","ast-banner-title-visibility":"","ast-main-header-display":"","ast-hfb-above-header-display":"","ast-hfb-below-header-display":"","ast-hfb-mobile-header-display":"","site-post-title":"","ast-breadcrumbs-content":"","ast-featured-img":"","footer-sml-layout":"","theme-transparent-header-meta":"","adv-header-id-meta":"","stick-header-meta":"","header-above-stick-meta":"","header-main-stick-meta":"","header-below-stick-meta":"","astra-migrate-meta-layouts":"default","ast-page-background-enabled":"default","ast-page-background-meta":{"desktop":{"background-color":"var(--ast-global-color-4)","background-image":"","background-repeat":"repeat","background-position":"center center","background-size":"auto","background-attachment":"scroll","background-type":"","background-media":"","overlay-type":"","overlay-color":"","overlay-gradient":""},"tablet":{"background-color":"","background-image":"","background-repeat":"repeat","background-position":"center center","background-size":"auto","background-attachment":"scroll","background-type":"","background-media":"","overlay-type":"","overlay-color":"","overlay-gradient":""},"mobile":{"background-color":"","background-image":"","background-repeat":"repeat","background-position":"center center","background-size":"auto","background-attachment":"scroll","background-type":"","background-media":"","overlay-type":"","overlay-color":"","overlay-gradient":""}},"ast-content-background-meta":{"desktop":{"background-color":"var(--ast-global-color-5)","background-image":"","background-repeat":"repeat","background-position":"center center","background-size":"auto","background-attachment":"scroll","background-type":"","background-media":"","overlay-type":"","overlay-color":"","overlay-gradient":""},"tablet":{"background-color":"var(--ast-global-color-5)","background-image":"","background-repeat":"repeat","background-position":"center center","background-size":"auto","background-attachment":"scroll","background-type":"","background-media":"","overlay-type":"","overlay-color":"","overlay-gradient":""},"mobile":{"background-color":"var(--ast-global-color-5)","background-image":"","background-repeat":"repeat","background-position":"center center","background-size":"auto","background-attachment":"scroll","background-type":"","background-media":"","overlay-type":"","overlay-color":"","overlay-gradient":""}},"footnotes":""},"categories":[620,12909],"tags":[55924,6002,132761,142494,142493,25368],"class_list":["post-64584","post","type-post","status-publish","format-standard","hentry","category-ecologia-vegetal","category-pais-vasco-euskal-herriko-unibertsitatea","tag-adrian-escudero-alcantara","tag-javier-loidi-arregui","tag-jesus-julio-camarero-Martinez","tag-marcelino-de-la-cruz-rot","tag-nere-amaia-lascurain-ayastuy","tag-tomas-emilio-diaz-gonzalez"],"_links":{"self":[{"href":"https:\/\/www.deberes.net\/tesis\/wp-json\/wp\/v2\/posts\/64584","targetHints":{"allow":["GET"]}}],"collection":[{"href":"https:\/\/www.deberes.net\/tesis\/wp-json\/wp\/v2\/posts"}],"about":[{"href":"https:\/\/www.deberes.net\/tesis\/wp-json\/wp\/v2\/types\/post"}],"author":[{"embeddable":true,"href":"https:\/\/www.deberes.net\/tesis\/wp-json\/wp\/v2\/users\/1"}],"replies":[{"embeddable":true,"href":"https:\/\/www.deberes.net\/tesis\/wp-json\/wp\/v2\/comments?post=64584"}],"version-history":[{"count":0,"href":"https:\/\/www.deberes.net\/tesis\/wp-json\/wp\/v2\/posts\/64584\/revisions"}],"wp:attachment":[{"href":"https:\/\/www.deberes.net\/tesis\/wp-json\/wp\/v2\/media?parent=64584"}],"wp:term":[{"taxonomy":"category","embeddable":true,"href":"https:\/\/www.deberes.net\/tesis\/wp-json\/wp\/v2\/categories?post=64584"},{"taxonomy":"post_tag","embeddable":true,"href":"https:\/\/www.deberes.net\/tesis\/wp-json\/wp\/v2\/tags?post=64584"}],"curies":[{"name":"wp","href":"https:\/\/api.w.org\/{rel}","templated":true}]}}