{"id":64589,"date":"2018-03-09T22:52:40","date_gmt":"2018-03-09T22:52:40","guid":{"rendered":"https:\/\/www.deberes.net\/tesis\/sin-categoria\/formas-organizativas-de-la-produccion-integradas-y-reticulares-caractera%c2%adsticas-estructurales-y-efectos-sobre-la-innovacion-y-el-desempeno\/"},"modified":"2018-03-09T22:52:40","modified_gmt":"2018-03-09T22:52:40","slug":"formas-organizativas-de-la-produccion-integradas-y-reticulares-caractera%c2%adsticas-estructurales-y-efectos-sobre-la-innovacion-y-el-desempeno","status":"publish","type":"post","link":"https:\/\/www.deberes.net\/tesis\/organizacion-de-la-produccion\/formas-organizativas-de-la-produccion-integradas-y-reticulares-caractera%c2%adsticas-estructurales-y-efectos-sobre-la-innovacion-y-el-desempeno\/","title":{"rendered":"Formas organizativas de la producci\u00f3n integradas y reticulares. caracter\u00edsticas estructurales y efectos sobre la innovaci\u00f3n y el desempe\u00f1o"},"content":{"rendered":"<h2>Tesis doctoral de <strong> Ana Villar Lopez <\/strong><\/h2>\n<p>Esta investigaci\u00f3n nace con el objetivo de conocer si existe una superioridad en eficacia de las formas organizativas de la producci\u00f3n (fop) reticulares frente a aquellas integradas verticalmente a indagar sobre los posibles motivos que producen las diferencias en el desempe\u00f1o organizativo. El enfoque basado en competencias nos lleva a considerar como posibles razones de esta superioridad la definici\u00f3n de la estructura organizativa y la capacidad innovadora de las empresas. Los resultados alcanzados evidencian que la organizaci\u00f3n de la producci\u00f3n en red es superior a la integrada verticalmente, permitiendo una mejora en los resultados empresariales, cuando la estructura organizativa se define como formalizada, descentralizada y flexible. Tanto el hecho de adoptar una fop reticular como el de disponer de una estructura organizativa con las caracter\u00edsticas anteriores, favorece la innovaci\u00f3n organizativa y en procesos. Finalmente, se demuestra que el hecho de adoptar como fop aquella reticular no se traduce directamente en un aumento de los beneficios sino que se requiere la aparici\u00f3n de innovaci\u00f3n organizativa y\/o en procesos para que dicha mejora tenga lugar.<\/p>\n<p>&nbsp;<\/p>\n<h3>Datos acad\u00e9micos de la tesis doctoral \u00ab<strong>Formas organizativas de la producci\u00f3n integradas y reticulares. caracter\u00edsticas estructurales y efectos sobre la innovaci\u00f3n y el desempe\u00f1o<\/strong>\u00ab<\/h3>\n<ul>\n<li><strong>T\u00edtulo de la tesis:<\/strong>\u00a0 Formas organizativas de la producci\u00f3n integradas y reticulares. caracter\u00edsticas estructurales y efectos sobre la innovaci\u00f3n y el desempe\u00f1o <\/li>\n<li><strong>Autor:<\/strong>\u00a0 Ana Villar Lopez <\/li>\n<li><strong>Universidad:<\/strong>\u00a0 Jaume i de castell\u00f3n<\/li>\n<li><strong>Fecha de lectura de la tesis:<\/strong>\u00a0 19\/05\/2008<\/li>\n<\/ul>\n<p>&nbsp;<\/p>\n<h3>Direcci\u00f3n y tribunal<\/h3>\n<ul>\n<li><strong>Director de la tesis<\/strong>\n<ul>\n<li>C\u00e9sar Camis\u00f3n Zornoza<\/li>\n<\/ul>\n<\/li>\n<li><strong>Tribunal<\/strong>\n<ul>\n<li>Presidente del tribunal: Jos\u00e9 alvaro Cuervo garcia <\/li>\n<li>pedro Manuel Garcia villaverde (vocal)<\/li>\n<li>Mar\u00eda no Nieto antol\u00edn (vocal)<\/li>\n<li>Jos\u00e9 Mar\u00eda Gomez gras (vocal)<\/li>\n<\/ul>\n<\/li>\n<\/ul>\n<p>&nbsp;<\/p>\n","protected":false},"excerpt":{"rendered":"<p>Tesis doctoral de Ana Villar Lopez Esta investigaci\u00f3n nace con el objetivo de conocer si existe una superioridad en eficacia [&hellip;]<\/p>\n","protected":false},"author":1,"featured_media":0,"comment_status":"open","ping_status":"open","sticky":false,"template":"","format":"standard","meta":{"site-sidebar-layout":"default","site-content-layout":"","ast-site-content-layout":"","site-content-style":"default","site-sidebar-style":"default","ast-global-header-display":"","ast-banner-title-visibility":"","ast-main-header-display":"","ast-hfb-above-header-display":"","ast-hfb-below-header-display":"","ast-hfb-mobile-header-display":"","site-post-title":"","ast-breadcrumbs-content":"","ast-featured-img":"","footer-sml-layout":"","theme-transparent-header-meta":"","adv-header-id-meta":"","stick-header-meta":"","header-above-stick-meta":"","header-main-stick-meta":"","header-below-stick-meta":"","astra-migrate-meta-layouts":"default","ast-page-background-enabled":"default","ast-page-background-meta":{"desktop":{"background-color":"var(--ast-global-color-4)","background-image":"","background-repeat":"repeat","background-position":"center center","background-size":"auto","background-attachment":"scroll","background-type":"","background-media":"","overlay-type":"","overlay-color":"","overlay-gradient":""},"tablet":{"background-color":"","background-image":"","background-repeat":"repeat","background-position":"center center","background-size":"auto","background-attachment":"scroll","background-type":"","background-media":"","overlay-type":"","overlay-color":"","overlay-gradient":""},"mobile":{"background-color":"","background-image":"","background-repeat":"repeat","background-position":"center center","background-size":"auto","background-attachment":"scroll","background-type":"","background-media":"","overlay-type":"","overlay-color":"","overlay-gradient":""}},"ast-content-background-meta":{"desktop":{"background-color":"var(--ast-global-color-5)","background-image":"","background-repeat":"repeat","background-position":"center center","background-size":"auto","background-attachment":"scroll","background-type":"","background-media":"","overlay-type":"","overlay-color":"","overlay-gradient":""},"tablet":{"background-color":"var(--ast-global-color-5)","background-image":"","background-repeat":"repeat","background-position":"center center","background-size":"auto","background-attachment":"scroll","background-type":"","background-media":"","overlay-type":"","overlay-color":"","overlay-gradient":""},"mobile":{"background-color":"var(--ast-global-color-5)","background-image":"","background-repeat":"repeat","background-position":"center center","background-size":"auto","background-attachment":"scroll","background-type":"","background-media":"","overlay-type":"","overlay-color":"","overlay-gradient":""}},"footnotes":""},"categories":[18725,6525],"tags":[142504,31362,796,12332,6529,32463],"class_list":["post-64589","post","type-post","status-publish","format-standard","hentry","category-jaume-i-de-castellon","category-organizacion-de-la-produccion","tag-ana-villar-lopez","tag-cesar-camison-zornoza","tag-jose-alvaro-cuervo-garcia","tag-jose-maria-gomez-gras","tag-maria-no-nieto-antolin","tag-pedro-manuel-garcia-villaverde"],"_links":{"self":[{"href":"https:\/\/www.deberes.net\/tesis\/wp-json\/wp\/v2\/posts\/64589","targetHints":{"allow":["GET"]}}],"collection":[{"href":"https:\/\/www.deberes.net\/tesis\/wp-json\/wp\/v2\/posts"}],"about":[{"href":"https:\/\/www.deberes.net\/tesis\/wp-json\/wp\/v2\/types\/post"}],"author":[{"embeddable":true,"href":"https:\/\/www.deberes.net\/tesis\/wp-json\/wp\/v2\/users\/1"}],"replies":[{"embeddable":true,"href":"https:\/\/www.deberes.net\/tesis\/wp-json\/wp\/v2\/comments?post=64589"}],"version-history":[{"count":0,"href":"https:\/\/www.deberes.net\/tesis\/wp-json\/wp\/v2\/posts\/64589\/revisions"}],"wp:attachment":[{"href":"https:\/\/www.deberes.net\/tesis\/wp-json\/wp\/v2\/media?parent=64589"}],"wp:term":[{"taxonomy":"category","embeddable":true,"href":"https:\/\/www.deberes.net\/tesis\/wp-json\/wp\/v2\/categories?post=64589"},{"taxonomy":"post_tag","embeddable":true,"href":"https:\/\/www.deberes.net\/tesis\/wp-json\/wp\/v2\/tags?post=64589"}],"curies":[{"name":"wp","href":"https:\/\/api.w.org\/{rel}","templated":true}]}}