{"id":64615,"date":"2018-03-09T22:52:40","date_gmt":"2018-03-09T22:52:40","guid":{"rendered":"https:\/\/www.deberes.net\/tesis\/sin-categoria\/pruductivity-measurement-of-english-compounding-based-on-a-corpus-of-the-nominal-type\/"},"modified":"2018-03-09T22:52:40","modified_gmt":"2018-03-09T22:52:40","slug":"pruductivity-measurement-of-english-compounding-based-on-a-corpus-of-the-nominal-type","status":"publish","type":"post","link":"https:\/\/www.deberes.net\/tesis\/linguistica\/pruductivity-measurement-of-english-compounding-based-on-a-corpus-of-the-nominal-type\/","title":{"rendered":"Pruductivity measurement of english compounding based on a corpus of the nominal type"},"content":{"rendered":"<h2>Tesis doctoral de <strong> Jes\u00fas Fernandez Dominguez <\/strong><\/h2>\n<p>Esta tesis contribuye al estudio de la formaci\u00f3n de palabras en ingl\u00e9s\tconjugando dos ejes centrales: los compuestos del tipo nombre + nombre (n+n) y el fen\u00f3meno de la productividad morfol\u00f3gica. Tras la introducci\u00f3n y la metodolog\u00eda (cap\u00edtulo 1), el cap\u00edtulo 2 aborda el concepto de \u00abcompuesto\u00bb y su historia en la descripci\u00f3n de la lengua inglesa, se\u00f1alando generalizaciones y los problemas m\u00e1s comunes de este tipo de palabras. Se presta especial atenci\u00f3n a los compuestos n+n, de dif\u00edcil an\u00e1lisis debido a su parecido formal con las frases nominales premodificadas por uno o m\u00e1s nombres.%&#038;\/A continuaci\u00f3n el cap\u00edtulo 3 se embarca en la descripci\u00f3n y delimitaci\u00f3n de la productividad morfol\u00f3gica, fen\u00f3meno tradicionalmente ignorado por los especialistas y del que paulatinamente se van conociendo diferentes facetas. En este cap\u00edtulo se enfatiza una visi\u00f3n de la productividad como un \u00abepifen\u00f3meno\u00bb, esto es, un fen\u00f3meno que emana de varias cualidades, en lugar de un todo en s\u00ed mismo. El autor proporciona aqu\u00ed su concepci\u00f3n de la productividad y sugiere posibles cambios para un mejor entendimiento de esta noci\u00f3n.%&#038;\/El cap\u00edtulo 4 est\u00e1 basado en algunos de los conceptos introducidos en el cap\u00edtulo 3, y trata sobre las medidas de productividad y su aplicaci\u00f3n a los compuestos n+n. A pesar de la existencia de un n\u00famero aceptable de propuestas para medir la productividad, la mayor\u00eda de ellas est\u00e1n orientadas a la afijaci\u00f3n. La aplicaci\u00f3n de estas medidas es relativamente directa e implica identificar las palabras que llevan el afijo en cuesti\u00f3n y luego computar la productividad de una u otra manera. Este m\u00e9todo no se puede aplicar en procesos como compuestos del tipo n+n, ya que no existe una marca formal que permita separar a simple vista aquellos compuestos que denotan agentes (\u00abmilkman\u00bb) de los que denotan instrumentos (\u00abbird cage\u00bb), localizaci\u00f3n (\u00abwar museum\u00bb), etc. En este cap\u00edtulo se extienden los modelos cl\u00e1sicos a los compuestos para ver su validez (o no) al medir este proceso de formaci\u00f3n de palabras. Asimismo, se hace fuerte hincapi\u00e9 en la diferenciaci\u00f3n entre \u00abdisponibilidad\u00bb y \u00abaprovechamiento\u00bb al referirse a la productividad de un determinado proceso, dos subconceptos frecuentemente ignorados en lo que a medidas de productividad se refiere.%&#038;\/Una vez hecho esto, y considerando los pros y contras de cada modelo, el autor propone un m\u00e9todo propio centrado en los rasgos de los compuestos n+n que permita medir la productividad de estas unidades. Esto supone un avance en los c\u00f3mputos de productividad, ya que se aborda por primera vez un proceso de formaci\u00f3n de palabras tradicionalmente considerado muy productivo pero al que nunca antes se hab\u00eda aplicado ning\u00fan modelo de productividad. Adem\u00e1s, en vista de los resultados obtenidos, se puede corroborar la validez de la propuesta aqu\u00ed presentada dada la consistente relaci\u00f3n entre la teor\u00eda y la pr\u00e1ctica. Tras medir la productividad de los compuestos n+n se comparan los resultados de todos los modelos aplicados, tanto los tradicionales como el aqu\u00ed propuesto, lo cual permite observar similitudes y diferencias en c\u00f3mo cada modelo ordena la productividad de estos compuestos. Esto, a su vez, es \u00fatil para posibles modificaciones o generalizaciones sobre la productividad en el futuro.%&#038;\/La tesis concluye con el cap\u00edtulo 5, en el que se extraen las conclusiones m\u00e1s relevantes que se derivan del estudio. Un factor b\u00e1sico es que existe sinton\u00eda entre los postulados te\u00f3ricos y la aplicaci\u00f3n del modelo de productividad, por ejemplo en el hecho de que la productividad es un epifen\u00f3meno; si se mantiene que la productividad no es un todo, sino que emana de otras caracter\u00edsticas, tambi\u00e9n su medici\u00f3n debe ser tratada de forma paralela. Por este motivo, esta tesis propone que la productividad se mida, no mediante una \u00fanica f\u00f3rmula universal, sino a trav\u00e9s de varios modelos, cada uno centrado en un aspecto concreto del fen\u00f3meno. As\u00ed, la formula aqu\u00ed presentada se centra en el \u00abaprovechamiento\u00bb, esperando que propuestas futuras estudien otras facetas y que todas juntas permitan finalmente entender qu\u00e9 es la productividad y c\u00f3mo se puede medir.%&#038;\/Parece claro que el modelo aqu\u00ed propuesto es v\u00e1lido para computar la productividad de los compuestos n+n pero, lo que resulta quiz\u00e1s m\u00e1s atractivo, es que este m\u00e9todo puede ser aplicado a otros procesos de formaci\u00f3n de palabras, por ejemplo la afijaci\u00f3n, la conversi\u00f3n, \u00abblending\u00bb o \u00abback-formation\u00bb. En tal caso, se puede llegar a un consenso en c\u00f3mo medir la productividad en los diferentes procesos de formaci\u00f3n de palabras en ingl\u00e9s, tarea sobre la que los estudiosos todav\u00eda no han llegado a ponerse completamente de acuerdo.<\/p>\n<p>&nbsp;<\/p>\n<h3>Datos acad\u00e9micos de la tesis doctoral \u00ab<strong>Pruductivity measurement of english compounding based on a corpus of the nominal type<\/strong>\u00ab<\/h3>\n<ul>\n<li><strong>T\u00edtulo de la tesis:<\/strong>\u00a0 Pruductivity measurement of english compounding based on a corpus of the nominal type <\/li>\n<li><strong>Autor:<\/strong>\u00a0 Jes\u00fas Fernandez Dominguez <\/li>\n<li><strong>Universidad:<\/strong>\u00a0 Ja\u00e9n<\/li>\n<li><strong>Fecha de lectura de la tesis:<\/strong>\u00a0 21\/05\/2008<\/li>\n<\/ul>\n<p>&nbsp;<\/p>\n<h3>Direcci\u00f3n y tribunal<\/h3>\n<ul>\n<li><strong>Director de la tesis<\/strong>\n<ul>\n<li>Salvador Valera Hernandez<\/li>\n<\/ul>\n<\/li>\n<li><strong>Tribunal<\/strong>\n<ul>\n<li>Presidente del tribunal: Juan Santana lario <\/li>\n<li>encarnacion Hidalgo tenorio (vocal)<\/li>\n<li>don Jan (vocal)<\/li>\n<li>nicolas Ballier (vocal)<\/li>\n<\/ul>\n<\/li>\n<\/ul>\n<p>&nbsp;<\/p>\n","protected":false},"excerpt":{"rendered":"<p>Tesis doctoral de Jes\u00fas Fernandez Dominguez Esta tesis contribuye al estudio de la formaci\u00f3n de palabras en ingl\u00e9s conjugando dos [&hellip;]<\/p>\n","protected":false},"author":1,"featured_media":0,"comment_status":"open","ping_status":"open","sticky":false,"template":"","format":"standard","meta":{"site-sidebar-layout":"default","site-content-layout":"","ast-site-content-layout":"","site-content-style":"default","site-sidebar-style":"default","ast-global-header-display":"","ast-banner-title-visibility":"","ast-main-header-display":"","ast-hfb-above-header-display":"","ast-hfb-below-header-display":"","ast-hfb-mobile-header-display":"","site-post-title":"","ast-breadcrumbs-content":"","ast-featured-img":"","footer-sml-layout":"","theme-transparent-header-meta":"","adv-header-id-meta":"","stick-header-meta":"","header-above-stick-meta":"","header-main-stick-meta":"","header-below-stick-meta":"","astra-migrate-meta-layouts":"default","ast-page-background-enabled":"default","ast-page-background-meta":{"desktop":{"background-color":"var(--ast-global-color-4)","background-image":"","background-repeat":"repeat","background-position":"center center","background-size":"auto","background-attachment":"scroll","background-type":"","background-media":"","overlay-type":"","overlay-color":"","overlay-gradient":""},"tablet":{"background-color":"","background-image":"","background-repeat":"repeat","background-position":"center center","background-size":"auto","background-attachment":"scroll","background-type":"","background-media":"","overlay-type":"","overlay-color":"","overlay-gradient":""},"mobile":{"background-color":"","background-image":"","background-repeat":"repeat","background-position":"center center","background-size":"auto","background-attachment":"scroll","background-type":"","background-media":"","overlay-type":"","overlay-color":"","overlay-gradient":""}},"ast-content-background-meta":{"desktop":{"background-color":"var(--ast-global-color-5)","background-image":"","background-repeat":"repeat","background-position":"center center","background-size":"auto","background-attachment":"scroll","background-type":"","background-media":"","overlay-type":"","overlay-color":"","overlay-gradient":""},"tablet":{"background-color":"var(--ast-global-color-5)","background-image":"","background-repeat":"repeat","background-position":"center center","background-size":"auto","background-attachment":"scroll","background-type":"","background-media":"","overlay-type":"","overlay-color":"","overlay-gradient":""},"mobile":{"background-color":"var(--ast-global-color-5)","background-image":"","background-repeat":"repeat","background-position":"center center","background-size":"auto","background-attachment":"scroll","background-type":"","background-media":"","overlay-type":"","overlay-color":"","overlay-gradient":""}},"footnotes":""},"categories":[18923,59],"tags":[142562,54035,142560,142561,142563,32861],"class_list":["post-64615","post","type-post","status-publish","format-standard","hentry","category-jaen","category-linguistica","tag-don-jan","tag-encarnacion-hidalgo-tenorio","tag-jesus-fernandez-dominguez","tag-juan-santana-lario","tag-nicolas-ballier","tag-salvador-valera-hernandez"],"_links":{"self":[{"href":"https:\/\/www.deberes.net\/tesis\/wp-json\/wp\/v2\/posts\/64615","targetHints":{"allow":["GET"]}}],"collection":[{"href":"https:\/\/www.deberes.net\/tesis\/wp-json\/wp\/v2\/posts"}],"about":[{"href":"https:\/\/www.deberes.net\/tesis\/wp-json\/wp\/v2\/types\/post"}],"author":[{"embeddable":true,"href":"https:\/\/www.deberes.net\/tesis\/wp-json\/wp\/v2\/users\/1"}],"replies":[{"embeddable":true,"href":"https:\/\/www.deberes.net\/tesis\/wp-json\/wp\/v2\/comments?post=64615"}],"version-history":[{"count":0,"href":"https:\/\/www.deberes.net\/tesis\/wp-json\/wp\/v2\/posts\/64615\/revisions"}],"wp:attachment":[{"href":"https:\/\/www.deberes.net\/tesis\/wp-json\/wp\/v2\/media?parent=64615"}],"wp:term":[{"taxonomy":"category","embeddable":true,"href":"https:\/\/www.deberes.net\/tesis\/wp-json\/wp\/v2\/categories?post=64615"},{"taxonomy":"post_tag","embeddable":true,"href":"https:\/\/www.deberes.net\/tesis\/wp-json\/wp\/v2\/tags?post=64615"}],"curies":[{"name":"wp","href":"https:\/\/api.w.org\/{rel}","templated":true}]}}