{"id":64627,"date":"2018-03-09T22:52:40","date_gmt":"2018-03-09T22:52:40","guid":{"rendered":"https:\/\/www.deberes.net\/tesis\/sin-categoria\/los-servicios-de-prensa-extranjera-en-el-primer-franquismo-1936-1945\/"},"modified":"2018-03-09T22:52:40","modified_gmt":"2018-03-09T22:52:40","slug":"los-servicios-de-prensa-extranjera-en-el-primer-franquismo-1936-1945","status":"publish","type":"post","link":"https:\/\/www.deberes.net\/tesis\/historia-contemporanea\/los-servicios-de-prensa-extranjera-en-el-primer-franquismo-1936-1945\/","title":{"rendered":"Los servicios de prensa extranjera en el primer franquismo (1936-1945)"},"content":{"rendered":"<h2>Tesis doctoral de <strong> Antonio  C\u00e9sar Moreno Cantano <\/strong><\/h2>\n<p>El levantamiento de una parte del ej\u00e9rcito contra la segunda rep\u00fablica dio lugar a la creaci\u00f3n de un gobierno sublevado, entre cuyas primeras preocupaciones estuvo la de justificar el levantamiento de cara a la opini\u00f3n p\u00fablica nacional y extranjera, para lo que se crearon organismos, oficinas, y delegaciones encargadas de difundir una propaganda, cuyos contenidos son analizados, as\u00ed como los problemas habidos entre falange espa\u00f1ola que trataba de monopolizar aquella actividad, y el servicio exterior espa\u00f1ol, con sus embajadores al frente, que no pudieron hacerse con una actividad, en el exterior, que les correspond\u00eda. Dentro del marco cronol\u00f3gico se estudian dos per\u00edodos, uno el comprendido entre 1936 y 1939, cuando tuvo lugar la guerra civil y otro el que va desde 1939 a 1945, \u00e9poca marcada por la segunda guerra mundial. En la propaganda lanzada por el r\u00e9gimen de cara a la contienda, se aprecia como al ir cambiando el signo de la misma a favor de los aliados, espa\u00f1a tuvo que corregir su discurso internacional desde el apoyo inicial a italianos y alemanes, a posturas menos beligerantes, a fin de no quedar descolgada en sus objetivos de aceptaci\u00f3n internacional, discurso tem\u00e1tico por el que discurre la tesis, que sit\u00faa con rigor hist\u00f3rico y orden, los avatares acontecidos para generar dicho cambio, y las repercusiones que el mismo tuvo entre nuestros organismos propagand\u00edsticos.<\/p>\n<p>&nbsp;<\/p>\n<h3>Datos acad\u00e9micos de la tesis doctoral \u00ab<strong>Los servicios de prensa extranjera en el primer franquismo (1936-1945)<\/strong>\u00ab<\/h3>\n<ul>\n<li><strong>T\u00edtulo de la tesis:<\/strong>\u00a0 Los servicios de prensa extranjera en el primer franquismo (1936-1945) <\/li>\n<li><strong>Autor:<\/strong>\u00a0 Antonio  C\u00e9sar Moreno Cantano <\/li>\n<li><strong>Universidad:<\/strong>\u00a0 Alcal\u00e1<\/li>\n<li><strong>Fecha de lectura de la tesis:<\/strong>\u00a0 22\/05\/2008<\/li>\n<\/ul>\n<p>&nbsp;<\/p>\n<h3>Direcci\u00f3n y tribunal<\/h3>\n<ul>\n<li><strong>Director de la tesis<\/strong>\n<ul>\n<li>Feliciano Montero Garcia<\/li>\n<\/ul>\n<\/li>\n<li><strong>Tribunal<\/strong>\n<ul>\n<li>Presidente del tribunal: Juan Aviles farre <\/li>\n<li>eduardo Gonzalez calleja (vocal)<\/li>\n<li>alejandro Pizarroso quintero (vocal)<\/li>\n<li>rosa Pardo sanz (vocal)<\/li>\n<\/ul>\n<\/li>\n<\/ul>\n<p>&nbsp;<\/p>\n","protected":false},"excerpt":{"rendered":"<p>Tesis doctoral de Antonio C\u00e9sar Moreno Cantano El levantamiento de una parte del ej\u00e9rcito contra la segunda rep\u00fablica dio lugar [&hellip;]<\/p>\n","protected":false},"author":1,"featured_media":0,"comment_status":"open","ping_status":"open","sticky":false,"template":"","format":"standard","meta":{"site-sidebar-layout":"default","site-content-layout":"","ast-site-content-layout":"","site-content-style":"default","site-sidebar-style":"default","ast-global-header-display":"","ast-banner-title-visibility":"","ast-main-header-display":"","ast-hfb-above-header-display":"","ast-hfb-below-header-display":"","ast-hfb-mobile-header-display":"","site-post-title":"","ast-breadcrumbs-content":"","ast-featured-img":"","footer-sml-layout":"","theme-transparent-header-meta":"","adv-header-id-meta":"","stick-header-meta":"","header-above-stick-meta":"","header-main-stick-meta":"","header-below-stick-meta":"","astra-migrate-meta-layouts":"default","ast-page-background-enabled":"default","ast-page-background-meta":{"desktop":{"background-color":"var(--ast-global-color-4)","background-image":"","background-repeat":"repeat","background-position":"center center","background-size":"auto","background-attachment":"scroll","background-type":"","background-media":"","overlay-type":"","overlay-color":"","overlay-gradient":""},"tablet":{"background-color":"","background-image":"","background-repeat":"repeat","background-position":"center center","background-size":"auto","background-attachment":"scroll","background-type":"","background-media":"","overlay-type":"","overlay-color":"","overlay-gradient":""},"mobile":{"background-color":"","background-image":"","background-repeat":"repeat","background-position":"center center","background-size":"auto","background-attachment":"scroll","background-type":"","background-media":"","overlay-type":"","overlay-color":"","overlay-gradient":""}},"ast-content-background-meta":{"desktop":{"background-color":"var(--ast-global-color-5)","background-image":"","background-repeat":"repeat","background-position":"center center","background-size":"auto","background-attachment":"scroll","background-type":"","background-media":"","overlay-type":"","overlay-color":"","overlay-gradient":""},"tablet":{"background-color":"var(--ast-global-color-5)","background-image":"","background-repeat":"repeat","background-position":"center center","background-size":"auto","background-attachment":"scroll","background-type":"","background-media":"","overlay-type":"","overlay-color":"","overlay-gradient":""},"mobile":{"background-color":"var(--ast-global-color-5)","background-image":"","background-repeat":"repeat","background-position":"center center","background-size":"auto","background-attachment":"scroll","background-type":"","background-media":"","overlay-type":"","overlay-color":"","overlay-gradient":""}},"footnotes":""},"categories":[17426,1816,5812],"tags":[5978,142588,58375,6390,17122,142589],"class_list":["post-64627","post","type-post","status-publish","format-standard","hentry","category-alcala","category-historia-contemporanea","category-historia-del-periodismo","tag-alejandro-pizarroso-quintero","tag-antonio-cesar-moreno-cantano","tag-eduardo-gonzalez-calleja","tag-feliciano-montero-garcia","tag-juan-aviles-farre","tag-rosa-pardo-sanz"],"_links":{"self":[{"href":"https:\/\/www.deberes.net\/tesis\/wp-json\/wp\/v2\/posts\/64627","targetHints":{"allow":["GET"]}}],"collection":[{"href":"https:\/\/www.deberes.net\/tesis\/wp-json\/wp\/v2\/posts"}],"about":[{"href":"https:\/\/www.deberes.net\/tesis\/wp-json\/wp\/v2\/types\/post"}],"author":[{"embeddable":true,"href":"https:\/\/www.deberes.net\/tesis\/wp-json\/wp\/v2\/users\/1"}],"replies":[{"embeddable":true,"href":"https:\/\/www.deberes.net\/tesis\/wp-json\/wp\/v2\/comments?post=64627"}],"version-history":[{"count":0,"href":"https:\/\/www.deberes.net\/tesis\/wp-json\/wp\/v2\/posts\/64627\/revisions"}],"wp:attachment":[{"href":"https:\/\/www.deberes.net\/tesis\/wp-json\/wp\/v2\/media?parent=64627"}],"wp:term":[{"taxonomy":"category","embeddable":true,"href":"https:\/\/www.deberes.net\/tesis\/wp-json\/wp\/v2\/categories?post=64627"},{"taxonomy":"post_tag","embeddable":true,"href":"https:\/\/www.deberes.net\/tesis\/wp-json\/wp\/v2\/tags?post=64627"}],"curies":[{"name":"wp","href":"https:\/\/api.w.org\/{rel}","templated":true}]}}