{"id":64629,"date":"2018-03-09T22:52:40","date_gmt":"2018-03-09T22:52:40","guid":{"rendered":"https:\/\/www.deberes.net\/tesis\/sin-categoria\/la-proteccion-jura%c2%addica-de-las-obtenciones-vegetales\/"},"modified":"2018-03-09T22:52:40","modified_gmt":"2018-03-09T22:52:40","slug":"la-proteccion-jura%c2%addica-de-las-obtenciones-vegetales","status":"publish","type":"post","link":"https:\/\/www.deberes.net\/tesis\/sin-categoria\/la-proteccion-jura%c2%addica-de-las-obtenciones-vegetales\/","title":{"rendered":"La protecci\u00f3n jur\u00eddica de las obtenciones vegetales"},"content":{"rendered":"<h2>Tesis doctoral de <strong> Carlos Ernesto Arcudia Hernandez <\/strong><\/h2>\n<p>Es un estudio comparado de las legislaciones internacional, comunitaria, espa\u00f1ola y mexicana sobre protecci\u00f3n jur\u00eddica de obtenciones vegetales. En el primer cap\u00edtulo se hace un an\u00e1lisis de las caracter\u00edsticas generales del sistema de propiedad industrial de variedades vegetales y el sistema de patentes. Esta tarea tiene como finalidad delimitar los supuestos en que estamos ante una invenci\u00f3n en biotecnolog\u00eda vegetal -patentable- y una variedad vegetal -protegible por un t\u00edtulo de obtenci\u00f3n vegetal-. En el segundo cap\u00edtulo, se efect\u00faa un estudio detallado del r\u00e9gimen jur\u00eddico de protecci\u00f3n de las obtenciones vegetales en el convenio de la uni\u00f3n internacional para la protecci\u00f3n de obtenciones vegetales, haciendo hincapi\u00e9 en la \u00faltima versi\u00f3n de tal convenio, la de 1991. Por otra parte, se examina el r\u00e9gimen comunitario de protecci\u00f3n de obtenciones vegetales partiendo del reglamento ce 2100\/1994 relativo a la protecci\u00f3n comunitaria de las obtenciones vegetales; su relaci\u00f3n con otros tratados internacionales en materia de propiedad industrial; la estructura de la oficina comunitaria de variedades vegetales; y, desgranando los aspectos del r\u00e9gimen jur\u00eddico para la protecci\u00f3n de las obtenciones vegetales. Por \u00faltimo se pasa revista a los reglamentos ce 1768\/1995 y 2605\/1998 que regulan el privilegio del agricultor; as\u00ed como las sentencias que ha emitido el tribunal de justicia de las comunidades europeas sobre el privilegio del agricultor. En el tercer cap\u00edtulo se estudia la legislaci\u00f3n espa\u00f1ola de obtenciones vegetales. El se inicia con la derogada ley 12\/1975 de 12 de marzo de protecci\u00f3n de las obtenciones vegetales. Posteriormente se analiza a profundidad la vigente ley 3\/2000, de 7 de enero, de protecci\u00f3n de las variedades vegetales. Se hacen algunas comparaciones con la legislaci\u00f3n comunitaria para resaltar las coincidencias y las diferencias. En el cuarto cap\u00edtulo se efect\u00faa un estudio de la ley federal de variedades vegetales de m\u00e9xico, compar\u00e1ndola co la legislaci\u00f3n comunitaria y la espa\u00f1ola como base para realizar propuestas de reforma al ordenamiento mexicano.<\/p>\n<p>&nbsp;<\/p>\n<h3>Datos acad\u00e9micos de la tesis doctoral \u00ab<strong>La protecci\u00f3n jur\u00eddica de las obtenciones vegetales<\/strong>\u00ab<\/h3>\n<ul>\n<li><strong>T\u00edtulo de la tesis:<\/strong>\u00a0 La protecci\u00f3n jur\u00eddica de las obtenciones vegetales <\/li>\n<li><strong>Autor:<\/strong>\u00a0 Carlos Ernesto Arcudia Hernandez <\/li>\n<li><strong>Universidad:<\/strong>\u00a0 Complutense de Madrid<\/li>\n<li><strong>Fecha de lectura de la tesis:<\/strong>\u00a0 22\/05\/2008<\/li>\n<\/ul>\n<p>&nbsp;<\/p>\n<h3>Direcci\u00f3n y tribunal<\/h3>\n<ul>\n<li><strong>Director de la tesis<\/strong>\n<ul>\n<li>Carlos Lema Devesa<\/li>\n<\/ul>\n<\/li>\n<li><strong>Tribunal<\/strong>\n<ul>\n<li>Presidente del tribunal: adolfo Sequeira mart\u00edn <\/li>\n<li>ignacio Quintana carlo (vocal)<\/li>\n<li>Jos\u00e9 Manuel Otero lastres (vocal)<\/li>\n<li>arixo Tafo plaza (vocal)<\/li>\n<\/ul>\n<\/li>\n<\/ul>\n<p>&nbsp;<\/p>\n","protected":false},"excerpt":{"rendered":"<p>Tesis doctoral de Carlos Ernesto Arcudia Hernandez Es un estudio comparado de las legislaciones internacional, comunitaria, espa\u00f1ola y mexicana sobre [&hellip;]<\/p>\n","protected":false},"author":1,"featured_media":0,"comment_status":"open","ping_status":"open","sticky":false,"template":"","format":"standard","meta":{"site-sidebar-layout":"default","site-content-layout":"","ast-site-content-layout":"","site-content-style":"default","site-sidebar-style":"default","ast-global-header-display":"","ast-banner-title-visibility":"","ast-main-header-display":"","ast-hfb-above-header-display":"","ast-hfb-below-header-display":"","ast-hfb-mobile-header-display":"","site-post-title":"","ast-breadcrumbs-content":"","ast-featured-img":"","footer-sml-layout":"","theme-transparent-header-meta":"","adv-header-id-meta":"","stick-header-meta":"","header-above-stick-meta":"","header-main-stick-meta":"","header-below-stick-meta":"","astra-migrate-meta-layouts":"default","ast-page-background-enabled":"default","ast-page-background-meta":{"desktop":{"background-color":"var(--ast-global-color-4)","background-image":"","background-repeat":"repeat","background-position":"center center","background-size":"auto","background-attachment":"scroll","background-type":"","background-media":"","overlay-type":"","overlay-color":"","overlay-gradient":""},"tablet":{"background-color":"","background-image":"","background-repeat":"repeat","background-position":"center center","background-size":"auto","background-attachment":"scroll","background-type":"","background-media":"","overlay-type":"","overlay-color":"","overlay-gradient":""},"mobile":{"background-color":"","background-image":"","background-repeat":"repeat","background-position":"center center","background-size":"auto","background-attachment":"scroll","background-type":"","background-media":"","overlay-type":"","overlay-color":"","overlay-gradient":""}},"ast-content-background-meta":{"desktop":{"background-color":"var(--ast-global-color-5)","background-image":"","background-repeat":"repeat","background-position":"center center","background-size":"auto","background-attachment":"scroll","background-type":"","background-media":"","overlay-type":"","overlay-color":"","overlay-gradient":""},"tablet":{"background-color":"var(--ast-global-color-5)","background-image":"","background-repeat":"repeat","background-position":"center center","background-size":"auto","background-attachment":"scroll","background-type":"","background-media":"","overlay-type":"","overlay-color":"","overlay-gradient":""},"mobile":{"background-color":"var(--ast-global-color-5)","background-image":"","background-repeat":"repeat","background-position":"center center","background-size":"auto","background-attachment":"scroll","background-type":"","background-media":"","overlay-type":"","overlay-color":"","overlay-gradient":""}},"footnotes":""},"categories":[1],"tags":[44352,142593,142592,35034,11969,4991],"class_list":["post-64629","post","type-post","status-publish","format-standard","hentry","category-sin-categoria","tag-adolfo-sequeira-martin","tag-arixo-tafo-plaza","tag-carlos-ernesto-arcudia-hernandez","tag-carlos-lema-devesa","tag-ignacio-quintana-carlo","tag-jose-manuel-otero-lastres"],"_links":{"self":[{"href":"https:\/\/www.deberes.net\/tesis\/wp-json\/wp\/v2\/posts\/64629","targetHints":{"allow":["GET"]}}],"collection":[{"href":"https:\/\/www.deberes.net\/tesis\/wp-json\/wp\/v2\/posts"}],"about":[{"href":"https:\/\/www.deberes.net\/tesis\/wp-json\/wp\/v2\/types\/post"}],"author":[{"embeddable":true,"href":"https:\/\/www.deberes.net\/tesis\/wp-json\/wp\/v2\/users\/1"}],"replies":[{"embeddable":true,"href":"https:\/\/www.deberes.net\/tesis\/wp-json\/wp\/v2\/comments?post=64629"}],"version-history":[{"count":0,"href":"https:\/\/www.deberes.net\/tesis\/wp-json\/wp\/v2\/posts\/64629\/revisions"}],"wp:attachment":[{"href":"https:\/\/www.deberes.net\/tesis\/wp-json\/wp\/v2\/media?parent=64629"}],"wp:term":[{"taxonomy":"category","embeddable":true,"href":"https:\/\/www.deberes.net\/tesis\/wp-json\/wp\/v2\/categories?post=64629"},{"taxonomy":"post_tag","embeddable":true,"href":"https:\/\/www.deberes.net\/tesis\/wp-json\/wp\/v2\/tags?post=64629"}],"curies":[{"name":"wp","href":"https:\/\/api.w.org\/{rel}","templated":true}]}}