{"id":64667,"date":"2018-03-09T22:52:44","date_gmt":"2018-03-09T22:52:44","guid":{"rendered":"https:\/\/www.deberes.net\/tesis\/sin-categoria\/derecho-politico-e-integracion-social-biografia-intelectual-de-eduardo-l-llorens-1886-1943\/"},"modified":"2018-03-09T22:52:44","modified_gmt":"2018-03-09T22:52:44","slug":"derecho-politico-e-integracion-social-biografia-intelectual-de-eduardo-l-llorens-1886-1943","status":"publish","type":"post","link":"https:\/\/www.deberes.net\/tesis\/historia-del-derecho-y-de-las-instituciones-juridicas\/derecho-politico-e-integracion-social-biografia-intelectual-de-eduardo-l-llorens-1886-1943\/","title":{"rendered":"Derecho politico e integracion social: biografia intelectual de eduardo l.llorens (1886-1943)"},"content":{"rendered":"<h2>Tesis doctoral de <strong> Sebastian Martin Martin <\/strong><\/h2>\n<p>La tesis que se presenta aborda la vida y obra de eduardo l. Llorens, profesor de derecho pol\u00edtico de la universidad de murcia durante la segunda rep\u00fablica y los primeros a\u00f1os del franquismo. El inter\u00e9s de esta experiencia intelectual reside en dos \u00f3rdenes de motivos: por un lado, la obra breve que como constitucionalista escribi\u00f3 llorens compone un documento historiograf\u00eda) de notable relieve para la historia del constitucionalismo hispano. Exceptuando su menci\u00f3n colateral por autores como pablo lucas verd\u00fa, mart\u00edn bassols o francisco tom\u00e1s y valiente -menci\u00f3n que, por cierto, ha sido siempre formulada en tono apreciativo-, ning\u00fan constitucionalista ni historiador del derecho hab\u00eda examinado hasta ahora de forma monogr\u00e1fica los avatares profesionales de llorens. El reconocimiento de su val\u00eda doctrinal no se hab\u00eda traducido a\u00fan en un estudio pormenorizado de sus escritos y de su aporte al derecho pol\u00edtico hispano. Por una parte, como dec\u00eda, este texto pretende reparar esta carencia de la historia constitucional hispana, recorriendo exhaustivamente la biograf\u00eda profesional e intelectual del autor citado. Pero por otra, acaso m\u00e1s enjundiosa, llorens y su obra comportan asimismo un veh\u00edculo privilegiado de acceso a la cultura acad\u00e9mica y a la doctrina jur\u00eddica caracter\u00edsticas del primer tercio del siglo xx en espa\u00f1a, y tambi\u00e9n en europa. En su obra period\u00edstica encuentran reflejo fen\u00f3menos tan cruciales para la historia contempor\u00e1nea como la primera conflagraci\u00f3n mundial o el montaje, en plena crisis de posguerra, del    primer estado social y democr\u00e1tico instaurado en el occidente moderno: la rep\u00fablica de weimar. De otra parte, su obra jur\u00eddica explora fen\u00f3menos tan decisivos para la formaci\u00f3n del derecho contempor\u00e1neo como la codificaci\u00f3n del derecho privado en la espa\u00f1a del cambio de siglo, la adopci\u00f3n de medidas t\u00e9cnico-legislativas de cariz social destinadas a paliar la situaci\u00f3n econ\u00f3mica de los sectores m\u00e1s desfavorecidos o, por \u00faltimo, la institudonalizaci\u00f3n de las democracias parlamentarias con base en el sufragio universal. Pero si sus escritos jur\u00eddicos resultan objetivamente relevantes desde el punto de vista de la historia del pensamiento jur\u00eddico europeo es, ante todo, porque en ellos confluyen de modo expl\u00edcito, y aun de manera t\u00e1cita, todo el denso haz de corrientes intelectuales de que se compone el vivaz, e irrepetible, debate jur\u00eddico-pol\u00edtico de la europa de entreguerras. No pod\u00eda ser menos en el caso de un jurista cuya carrera ha transcurrido casi por completo en la alemania de weimar, desarrollando tareas muy vinculadas a la universidad, y que exhibe un conocimiento pleno de la lengua en la que fueron vertidas las ideas m\u00e1s brillantes de la ciencia jur\u00eddica europea del pasado siglo. Por tanto, junto al valor espec\u00edfico de su obra jur\u00eddica y de su vida profesional aisladamente consideradas, tambi\u00e9n cabe aludir, en cuanto dato identificativo del documento aqu\u00ed resumido, al intento de recuperaci\u00f3n, al menos en sus l\u00edneas m\u00e1s b\u00e1sicas y sobresalientes, del citado constitucionalismo de entreguerras.<\/p>\n<p>&nbsp;<\/p>\n<h3>Datos acad\u00e9micos de la tesis doctoral \u00ab<strong>Derecho politico e integracion social: biografia intelectual de eduardo l.llorens (1886-1943)<\/strong>\u00ab<\/h3>\n<ul>\n<li><strong>T\u00edtulo de la tesis:<\/strong>\u00a0 Derecho politico e integracion social: biografia intelectual de eduardo l.llorens (1886-1943) <\/li>\n<li><strong>Autor:<\/strong>\u00a0 Sebastian Martin Martin <\/li>\n<li><strong>Universidad:<\/strong>\u00a0 Huelva<\/li>\n<li><strong>Fecha de lectura de la tesis:<\/strong>\u00a0 23\/05\/2008<\/li>\n<\/ul>\n<p>&nbsp;<\/p>\n<h3>Direcci\u00f3n y tribunal<\/h3>\n<ul>\n<li><strong>Director de la tesis<\/strong>\n<ul>\n<li>Carlos Manuel Petit Calvo<\/li>\n<\/ul>\n<\/li>\n<li><strong>Tribunal<\/strong>\n<ul>\n<li>Presidente del tribunal: isidre Molas batllori <\/li>\n<li>maurizio Fioravanti (vocal)<\/li>\n<li>pietro Costa (vocal)<\/li>\n<li>pedro Cruz villalon (vocal)<\/li>\n<\/ul>\n<\/li>\n<\/ul>\n<p>&nbsp;<\/p>\n","protected":false},"excerpt":{"rendered":"<p>Tesis doctoral de Sebastian Martin Martin La tesis que se presenta aborda la vida y obra de eduardo l. Llorens, [&hellip;]<\/p>\n","protected":false},"author":1,"featured_media":0,"comment_status":"open","ping_status":"open","sticky":false,"template":"","format":"standard","meta":{"site-sidebar-layout":"default","site-content-layout":"","ast-site-content-layout":"","site-content-style":"default","site-sidebar-style":"default","ast-global-header-display":"","ast-banner-title-visibility":"","ast-main-header-display":"","ast-hfb-above-header-display":"","ast-hfb-below-header-display":"","ast-hfb-mobile-header-display":"","site-post-title":"","ast-breadcrumbs-content":"","ast-featured-img":"","footer-sml-layout":"","theme-transparent-header-meta":"","adv-header-id-meta":"","stick-header-meta":"","header-above-stick-meta":"","header-main-stick-meta":"","header-below-stick-meta":"","astra-migrate-meta-layouts":"default","ast-page-background-enabled":"default","ast-page-background-meta":{"desktop":{"background-color":"var(--ast-global-color-4)","background-image":"","background-repeat":"repeat","background-position":"center center","background-size":"auto","background-attachment":"scroll","background-type":"","background-media":"","overlay-type":"","overlay-color":"","overlay-gradient":""},"tablet":{"background-color":"","background-image":"","background-repeat":"repeat","background-position":"center center","background-size":"auto","background-attachment":"scroll","background-type":"","background-media":"","overlay-type":"","overlay-color":"","overlay-gradient":""},"mobile":{"background-color":"","background-image":"","background-repeat":"repeat","background-position":"center center","background-size":"auto","background-attachment":"scroll","background-type":"","background-media":"","overlay-type":"","overlay-color":"","overlay-gradient":""}},"ast-content-background-meta":{"desktop":{"background-color":"var(--ast-global-color-5)","background-image":"","background-repeat":"repeat","background-position":"center center","background-size":"auto","background-attachment":"scroll","background-type":"","background-media":"","overlay-type":"","overlay-color":"","overlay-gradient":""},"tablet":{"background-color":"var(--ast-global-color-5)","background-image":"","background-repeat":"repeat","background-position":"center center","background-size":"auto","background-attachment":"scroll","background-type":"","background-media":"","overlay-type":"","overlay-color":"","overlay-gradient":""},"mobile":{"background-color":"var(--ast-global-color-5)","background-image":"","background-repeat":"repeat","background-position":"center center","background-size":"auto","background-attachment":"scroll","background-type":"","background-media":"","overlay-type":"","overlay-color":"","overlay-gradient":""}},"footnotes":""},"categories":[1450,11777,3538,758,18975],"tags":[142682,1025,45659,13901,105125,142681],"class_list":["post-64667","post","type-post","status-publish","format-standard","hentry","category-derecho-constitucional","category-filosofia-del-derecho","category-historia-de-las-ideas-politicas","category-historia-del-derecho-y-de-las-instituciones-juridicas","category-huelva","tag-carlos-manuel-petit-calvo","tag-isidre-molas-batllori","tag-maurizio-fioravanti","tag-pedro-cruz-villalon","tag-pietro-costa","tag-sebastian-martin-martin"],"_links":{"self":[{"href":"https:\/\/www.deberes.net\/tesis\/wp-json\/wp\/v2\/posts\/64667","targetHints":{"allow":["GET"]}}],"collection":[{"href":"https:\/\/www.deberes.net\/tesis\/wp-json\/wp\/v2\/posts"}],"about":[{"href":"https:\/\/www.deberes.net\/tesis\/wp-json\/wp\/v2\/types\/post"}],"author":[{"embeddable":true,"href":"https:\/\/www.deberes.net\/tesis\/wp-json\/wp\/v2\/users\/1"}],"replies":[{"embeddable":true,"href":"https:\/\/www.deberes.net\/tesis\/wp-json\/wp\/v2\/comments?post=64667"}],"version-history":[{"count":0,"href":"https:\/\/www.deberes.net\/tesis\/wp-json\/wp\/v2\/posts\/64667\/revisions"}],"wp:attachment":[{"href":"https:\/\/www.deberes.net\/tesis\/wp-json\/wp\/v2\/media?parent=64667"}],"wp:term":[{"taxonomy":"category","embeddable":true,"href":"https:\/\/www.deberes.net\/tesis\/wp-json\/wp\/v2\/categories?post=64667"},{"taxonomy":"post_tag","embeddable":true,"href":"https:\/\/www.deberes.net\/tesis\/wp-json\/wp\/v2\/tags?post=64667"}],"curies":[{"name":"wp","href":"https:\/\/api.w.org\/{rel}","templated":true}]}}