{"id":64675,"date":"2018-03-09T22:52:44","date_gmt":"2018-03-09T22:52:44","guid":{"rendered":"https:\/\/www.deberes.net\/tesis\/sin-categoria\/arquitectura-residencial-en-las-dehesas-de-la-baja-extremadura\/"},"modified":"2018-03-09T22:52:44","modified_gmt":"2018-03-09T22:52:44","slug":"arquitectura-residencial-en-las-dehesas-de-la-baja-extremadura","status":"publish","type":"post","link":"https:\/\/www.deberes.net\/tesis\/extremadura\/arquitectura-residencial-en-las-dehesas-de-la-baja-extremadura\/","title":{"rendered":"Arquitectura residencial en las dehesas de la baja extremadura"},"content":{"rendered":"<h2>Tesis doctoral de <strong> Jos\u00e9 Maldonado Escribano <\/strong><\/h2>\n<p>La arquitectura residencial localizada en las dehesas de la baja extremadura, esto es, cortijos, casas de campo y palacetes rurales disminados por la provincia de badajoz, se refiere a un importante patrimonio vern\u00e1culo que no ha sido estudiado hasta el momento a pesar de constituir verdaderamente un dilatado e interesatne conjunto de inmuebles que, de alguna menera, completa el ya conocido civil y se\u00f1orial de \u00e1mbito urbano. En tales complejos se mezclan varias funciones, como la explotaci\u00f3n agropecuaria, el ocio y el recreo, el culto religioso o la ense\u00f1anza, sobre las que predomina principalmente la vivienda.<\/p>\n<p>&nbsp;<\/p>\n<h3>Datos acad\u00e9micos de la tesis doctoral \u00ab<strong>Arquitectura residencial en las dehesas de la baja extremadura<\/strong>\u00ab<\/h3>\n<ul>\n<li><strong>T\u00edtulo de la tesis:<\/strong>\u00a0 Arquitectura residencial en las dehesas de la baja extremadura <\/li>\n<li><strong>Autor:<\/strong>\u00a0 Jos\u00e9 Maldonado Escribano <\/li>\n<li><strong>Universidad:<\/strong>\u00a0 Extremadura<\/li>\n<li><strong>Fecha de lectura de la tesis:<\/strong>\u00a0 23\/05\/2008<\/li>\n<\/ul>\n<p>&nbsp;<\/p>\n<h3>Direcci\u00f3n y tribunal<\/h3>\n<ul>\n<li><strong>Director de la tesis<\/strong>\n<ul>\n<li>Antonio Navare\u00f1o Mateos<\/li>\n<\/ul>\n<\/li>\n<li><strong>Tribunal<\/strong>\n<ul>\n<li>Presidente del tribunal: german Ramallo asensio <\/li>\n<li>Francisco Manuel S\u00e1nchez lomba (vocal)<\/li>\n<li>Mar\u00eda  del mar Lozano bartolozzi (vocal)<\/li>\n<li>Ana Castro santamar\u00eda (vocal)<\/li>\n<\/ul>\n<\/li>\n<\/ul>\n<p>&nbsp;<\/p>\n","protected":false},"excerpt":{"rendered":"<p>Tesis doctoral de Jos\u00e9 Maldonado Escribano La arquitectura residencial localizada en las dehesas de la baja extremadura, esto es, cortijos, [&hellip;]<\/p>\n","protected":false},"author":1,"featured_media":0,"comment_status":"open","ping_status":"open","sticky":false,"template":"","format":"standard","meta":{"site-sidebar-layout":"default","site-content-layout":"","ast-site-content-layout":"","site-content-style":"default","site-sidebar-style":"default","ast-global-header-display":"","ast-banner-title-visibility":"","ast-main-header-display":"","ast-hfb-above-header-display":"","ast-hfb-below-header-display":"","ast-hfb-mobile-header-display":"","site-post-title":"","ast-breadcrumbs-content":"","ast-featured-img":"","footer-sml-layout":"","theme-transparent-header-meta":"","adv-header-id-meta":"","stick-header-meta":"","header-above-stick-meta":"","header-main-stick-meta":"","header-below-stick-meta":"","astra-migrate-meta-layouts":"default","ast-page-background-enabled":"default","ast-page-background-meta":{"desktop":{"background-color":"var(--ast-global-color-4)","background-image":"","background-repeat":"repeat","background-position":"center center","background-size":"auto","background-attachment":"scroll","background-type":"","background-media":"","overlay-type":"","overlay-color":"","overlay-gradient":""},"tablet":{"background-color":"","background-image":"","background-repeat":"repeat","background-position":"center center","background-size":"auto","background-attachment":"scroll","background-type":"","background-media":"","overlay-type":"","overlay-color":"","overlay-gradient":""},"mobile":{"background-color":"","background-image":"","background-repeat":"repeat","background-position":"center center","background-size":"auto","background-attachment":"scroll","background-type":"","background-media":"","overlay-type":"","overlay-color":"","overlay-gradient":""}},"ast-content-background-meta":{"desktop":{"background-color":"var(--ast-global-color-5)","background-image":"","background-repeat":"repeat","background-position":"center center","background-size":"auto","background-attachment":"scroll","background-type":"","background-media":"","overlay-type":"","overlay-color":"","overlay-gradient":""},"tablet":{"background-color":"var(--ast-global-color-5)","background-image":"","background-repeat":"repeat","background-position":"center center","background-size":"auto","background-attachment":"scroll","background-type":"","background-media":"","overlay-type":"","overlay-color":"","overlay-gradient":""},"mobile":{"background-color":"var(--ast-global-color-5)","background-image":"","background-repeat":"repeat","background-position":"center center","background-size":"auto","background-attachment":"scroll","background-type":"","background-media":"","overlay-type":"","overlay-color":"","overlay-gradient":""}},"footnotes":""},"categories":[4509,949,31336],"tags":[9477,131835,142701,8187,142700,19490],"class_list":["post-64675","post","type-post","status-publish","format-standard","hentry","category-arquitectura","category-extremadura","category-topografia-de-la-edificacion","tag-ana-castro-santamaria","tag-antonio-navareno-mateos","tag-francisco-manuel-sanchez-lomba","tag-german-ramallo-asensio","tag-jose-maldonado-escribano","tag-maria-del-mar-lozano-bartolozzi"],"_links":{"self":[{"href":"https:\/\/www.deberes.net\/tesis\/wp-json\/wp\/v2\/posts\/64675","targetHints":{"allow":["GET"]}}],"collection":[{"href":"https:\/\/www.deberes.net\/tesis\/wp-json\/wp\/v2\/posts"}],"about":[{"href":"https:\/\/www.deberes.net\/tesis\/wp-json\/wp\/v2\/types\/post"}],"author":[{"embeddable":true,"href":"https:\/\/www.deberes.net\/tesis\/wp-json\/wp\/v2\/users\/1"}],"replies":[{"embeddable":true,"href":"https:\/\/www.deberes.net\/tesis\/wp-json\/wp\/v2\/comments?post=64675"}],"version-history":[{"count":0,"href":"https:\/\/www.deberes.net\/tesis\/wp-json\/wp\/v2\/posts\/64675\/revisions"}],"wp:attachment":[{"href":"https:\/\/www.deberes.net\/tesis\/wp-json\/wp\/v2\/media?parent=64675"}],"wp:term":[{"taxonomy":"category","embeddable":true,"href":"https:\/\/www.deberes.net\/tesis\/wp-json\/wp\/v2\/categories?post=64675"},{"taxonomy":"post_tag","embeddable":true,"href":"https:\/\/www.deberes.net\/tesis\/wp-json\/wp\/v2\/tags?post=64675"}],"curies":[{"name":"wp","href":"https:\/\/api.w.org\/{rel}","templated":true}]}}