{"id":64708,"date":"2018-03-09T22:52:48","date_gmt":"2018-03-09T22:52:48","guid":{"rendered":"https:\/\/www.deberes.net\/tesis\/sin-categoria\/percepcion-y-uso-de-espacios-publicos-madrilenos\/"},"modified":"2018-03-09T22:52:48","modified_gmt":"2018-03-09T22:52:48","slug":"percepcion-y-uso-de-espacios-publicos-madrilenos","status":"publish","type":"post","link":"https:\/\/www.deberes.net\/tesis\/sin-categoria\/percepcion-y-uso-de-espacios-publicos-madrilenos\/","title":{"rendered":"Percepci\u00f3n y uso de espacios p\u00fablicos madrile\u00f1os"},"content":{"rendered":"<h2>Tesis doctoral de <strong> Elisa Gonz\u00e1lez Gal\u00e1n <\/strong><\/h2>\n<p>La hip\u00f3tesis de la presente tesis se\u00f1ala que \u00abla procedencia del individuo determina en alguna medida la percepci\u00f3n que tiene del espacio y dicha percepci\u00f3n influye en el uso que se hace del mismo\u00bb. Para poder abordar los objetivos de investigaci\u00f3n en los antecedentes se realiza un acercamiento a las diferentes corrientes te\u00f3ricas geogr\u00e1ficas, as\u00ed como al concepto de espacio p\u00fablico y a las relaciones entre aut\u00f3ctonos y al\u00f3ctonos en el lugar. el trabajo de campo se realiz\u00f3 con metodolog\u00eda cualitativa (36 entrevistas en profundidad a espa\u00f1oles y ecuatorianos) y metodolog\u00eda cuantitativa (observaci\u00f3n de un parque de Madrid con un resultado de 6160 registros). Los datos recopilados se analizaron de manera conjunta. en las conclusiones el lector podr\u00e1 observar c\u00f3mo la hip\u00f3tesis de partida debi\u00f3 ser matizada a la luz de los resultados extra\u00eddos del trabajo emp\u00edrico.<\/p>\n<p>&nbsp;<\/p>\n<h3>Datos acad\u00e9micos de la tesis doctoral \u00ab<strong>Percepci\u00f3n y uso de espacios p\u00fablicos madrile\u00f1os<\/strong>\u00ab<\/h3>\n<ul>\n<li><strong>T\u00edtulo de la tesis:<\/strong>\u00a0 Percepci\u00f3n y uso de espacios p\u00fablicos madrile\u00f1os <\/li>\n<li><strong>Autor:<\/strong>\u00a0 Elisa Gonz\u00e1lez Gal\u00e1n <\/li>\n<li><strong>Universidad:<\/strong>\u00a0 Complutense de Madrid<\/li>\n<li><strong>Fecha de lectura de la tesis:<\/strong>\u00a0 26\/05\/2008<\/li>\n<\/ul>\n<p>&nbsp;<\/p>\n<h3>Direcci\u00f3n y tribunal<\/h3>\n<ul>\n<li><strong>Director de la tesis<\/strong>\n<ul>\n<li>Mar\u00eda Gonz\u00e1lez Encinar<\/li>\n<\/ul>\n<\/li>\n<li><strong>Tribunal<\/strong>\n<ul>\n<li>Presidente del tribunal: Francisco S\u00e1nchez p\u00e9rez <\/li>\n<li>presentaci\u00f3n \u00e1ngeles Caballero Garc\u00eda (vocal)<\/li>\n<li>Jos\u00e9 Manuel Santa cruz chao (vocal)<\/li>\n<li>Fernando D\u00edaz orueta (vocal)<\/li>\n<\/ul>\n<\/li>\n<\/ul>\n<p>&nbsp;<\/p>\n","protected":false},"excerpt":{"rendered":"<p>Tesis doctoral de Elisa Gonz\u00e1lez Gal\u00e1n La hip\u00f3tesis de la presente tesis se\u00f1ala que \u00abla procedencia del individuo determina en [&hellip;]<\/p>\n","protected":false},"author":1,"featured_media":0,"comment_status":"open","ping_status":"open","sticky":false,"template":"","format":"standard","meta":{"site-sidebar-layout":"default","site-content-layout":"","ast-site-content-layout":"","site-content-style":"default","site-sidebar-style":"default","ast-global-header-display":"","ast-banner-title-visibility":"","ast-main-header-display":"","ast-hfb-above-header-display":"","ast-hfb-below-header-display":"","ast-hfb-mobile-header-display":"","site-post-title":"","ast-breadcrumbs-content":"","ast-featured-img":"","footer-sml-layout":"","theme-transparent-header-meta":"","adv-header-id-meta":"","stick-header-meta":"","header-above-stick-meta":"","header-main-stick-meta":"","header-below-stick-meta":"","astra-migrate-meta-layouts":"default","ast-page-background-enabled":"default","ast-page-background-meta":{"desktop":{"background-color":"var(--ast-global-color-4)","background-image":"","background-repeat":"repeat","background-position":"center center","background-size":"auto","background-attachment":"scroll","background-type":"","background-media":"","overlay-type":"","overlay-color":"","overlay-gradient":""},"tablet":{"background-color":"","background-image":"","background-repeat":"repeat","background-position":"center center","background-size":"auto","background-attachment":"scroll","background-type":"","background-media":"","overlay-type":"","overlay-color":"","overlay-gradient":""},"mobile":{"background-color":"","background-image":"","background-repeat":"repeat","background-position":"center center","background-size":"auto","background-attachment":"scroll","background-type":"","background-media":"","overlay-type":"","overlay-color":"","overlay-gradient":""}},"ast-content-background-meta":{"desktop":{"background-color":"var(--ast-global-color-5)","background-image":"","background-repeat":"repeat","background-position":"center center","background-size":"auto","background-attachment":"scroll","background-type":"","background-media":"","overlay-type":"","overlay-color":"","overlay-gradient":""},"tablet":{"background-color":"var(--ast-global-color-5)","background-image":"","background-repeat":"repeat","background-position":"center center","background-size":"auto","background-attachment":"scroll","background-type":"","background-media":"","overlay-type":"","overlay-color":"","overlay-gradient":""},"mobile":{"background-color":"var(--ast-global-color-5)","background-image":"","background-repeat":"repeat","background-position":"center center","background-size":"auto","background-attachment":"scroll","background-type":"","background-media":"","overlay-type":"","overlay-color":"","overlay-gradient":""}},"footnotes":""},"categories":[1],"tags":[142768,57889,7512,30961,57890,72433],"class_list":["post-64708","post","type-post","status-publish","format-standard","hentry","category-sin-categoria","tag-elisa-gonzalez-galan","tag-fernando-diaz-orueta","tag-francisco-sanchez-perez","tag-jose-manuel-santa-cruz-chao","tag-maria-gonzalez-encinar","tag-presentacion-angeles-caballero-garcia"],"_links":{"self":[{"href":"https:\/\/www.deberes.net\/tesis\/wp-json\/wp\/v2\/posts\/64708","targetHints":{"allow":["GET"]}}],"collection":[{"href":"https:\/\/www.deberes.net\/tesis\/wp-json\/wp\/v2\/posts"}],"about":[{"href":"https:\/\/www.deberes.net\/tesis\/wp-json\/wp\/v2\/types\/post"}],"author":[{"embeddable":true,"href":"https:\/\/www.deberes.net\/tesis\/wp-json\/wp\/v2\/users\/1"}],"replies":[{"embeddable":true,"href":"https:\/\/www.deberes.net\/tesis\/wp-json\/wp\/v2\/comments?post=64708"}],"version-history":[{"count":0,"href":"https:\/\/www.deberes.net\/tesis\/wp-json\/wp\/v2\/posts\/64708\/revisions"}],"wp:attachment":[{"href":"https:\/\/www.deberes.net\/tesis\/wp-json\/wp\/v2\/media?parent=64708"}],"wp:term":[{"taxonomy":"category","embeddable":true,"href":"https:\/\/www.deberes.net\/tesis\/wp-json\/wp\/v2\/categories?post=64708"},{"taxonomy":"post_tag","embeddable":true,"href":"https:\/\/www.deberes.net\/tesis\/wp-json\/wp\/v2\/tags?post=64708"}],"curies":[{"name":"wp","href":"https:\/\/api.w.org\/{rel}","templated":true}]}}