{"id":6475,"date":"1995-01-01T00:00:00","date_gmt":"1995-01-01T00:00:00","guid":{"rendered":"https:\/\/www.deberes.net\/tesis\/1995\/01\/01\/revolucion-cientifico-tecnica-e-internacionalizacion-del-capital\/"},"modified":"1995-01-01T00:00:00","modified_gmt":"1995-01-01T00:00:00","slug":"revolucion-cientifico-tecnica-e-internacionalizacion-del-capital","status":"publish","type":"post","link":"https:\/\/www.deberes.net\/tesis\/ciencias-economicas\/revolucion-cientifico-tecnica-e-internacionalizacion-del-capital\/","title":{"rendered":"Revolucion cientifico-tecnica e internacionalizacion del capital"},"content":{"rendered":"<h2>Tesis doctoral de <strong>  Ramirez Cendrero Juan  Manuel <\/strong><\/h2>\n<p>La presente tesis trata las vinculaciones entre el cambio tecnologico y la internacionalizacion del capital. En concreto, pretende explicar el proceso de introduccion de la automatizacion flexible en masa en las filiales brasile\u00f1as de las firmas automovilisticas volkswagwn a.  g. Y ford motor co. (Asociadas en autolatina) en funcion del puesto que ocupan las plantas brasile\u00f1as en la estrategia trasnacional de las firmas en cuestion.  la acotacion temporal de la investigacion nos ofrece un escenario de poderosas vinculaciones entre las dos principales variables utilizadas ya que, en los ultimos a\u00f1os, se asiste a una profunda modificacion de las modalidades de internacionalizacion del capital, producto, precisamente, de la emergencia de una revolucion tecnologica. Los resultados del estudio de caso (centrado, como hemos mencionado, en autolatina) permiten confirmar que la introduccion de cambios tecnicos en una unidad productiva depende, en gran medida, de la forma en que se concreta la internac. Del k. En ella.<\/p>\n<p>&nbsp;<\/p>\n<h3>Datos acad\u00e9micos de la tesis doctoral \u00ab<strong>Revolucion cientifico-tecnica e internacionalizacion del capital<\/strong>\u00ab<\/h3>\n<ul>\n<li><strong>T\u00edtulo de la tesis:<\/strong>\u00a0 Revolucion cientifico-tecnica e internacionalizacion del capital <\/li>\n<li><strong>Autor:<\/strong>\u00a0  Ramirez Cendrero Juan  Manuel <\/li>\n<li><strong>Universidad:<\/strong>\u00a0 Complutense de Madrid<\/li>\n<li><strong>Fecha de lectura de la tesis:<\/strong>\u00a0 01\/01\/1995<\/li>\n<\/ul>\n<p>&nbsp;<\/p>\n<h3>Direcci\u00f3n y tribunal<\/h3>\n<ul>\n<li><strong>Director de la tesis<\/strong>\n<ul>\n<li>Jos\u00e9 Antonio D\u00e9niz Espin\u00f3s<\/li>\n<\/ul>\n<\/li>\n<li><strong>Tribunal<\/strong>\n<ul>\n<li>Presidente del tribunal: Carlos Berzosa Alonso Martinez <\/li>\n<li>Susana M. Gordillo Gerlini (vocal)<\/li>\n<li> Moral Santin Jos\u00e9 Antonio (vocal)<\/li>\n<li>Pedro Talavera D\u00e9niz (vocal)<\/li>\n<\/ul>\n<\/li>\n<\/ul>\n<p>&nbsp;<\/p>\n","protected":false},"excerpt":{"rendered":"<p>Tesis doctoral de Ramirez Cendrero Juan Manuel La presente tesis trata las vinculaciones entre el cambio tecnologico y la internacionalizacion [&hellip;]<\/p>\n","protected":false},"author":1,"featured_media":0,"comment_status":"open","ping_status":"open","sticky":false,"template":"","format":"standard","meta":{"site-sidebar-layout":"default","site-content-layout":"","ast-site-content-layout":"","site-content-style":"default","site-sidebar-style":"default","ast-global-header-display":"","ast-banner-title-visibility":"","ast-main-header-display":"","ast-hfb-above-header-display":"","ast-hfb-below-header-display":"","ast-hfb-mobile-header-display":"","site-post-title":"","ast-breadcrumbs-content":"","ast-featured-img":"","footer-sml-layout":"","theme-transparent-header-meta":"","adv-header-id-meta":"","stick-header-meta":"","header-above-stick-meta":"","header-main-stick-meta":"","header-below-stick-meta":"","astra-migrate-meta-layouts":"default","ast-page-background-enabled":"default","ast-page-background-meta":{"desktop":{"background-color":"var(--ast-global-color-4)","background-image":"","background-repeat":"repeat","background-position":"center center","background-size":"auto","background-attachment":"scroll","background-type":"","background-media":"","overlay-type":"","overlay-color":"","overlay-gradient":""},"tablet":{"background-color":"","background-image":"","background-repeat":"repeat","background-position":"center center","background-size":"auto","background-attachment":"scroll","background-type":"","background-media":"","overlay-type":"","overlay-color":"","overlay-gradient":""},"mobile":{"background-color":"","background-image":"","background-repeat":"repeat","background-position":"center center","background-size":"auto","background-attachment":"scroll","background-type":"","background-media":"","overlay-type":"","overlay-color":"","overlay-gradient":""}},"ast-content-background-meta":{"desktop":{"background-color":"var(--ast-global-color-5)","background-image":"","background-repeat":"repeat","background-position":"center center","background-size":"auto","background-attachment":"scroll","background-type":"","background-media":"","overlay-type":"","overlay-color":"","overlay-gradient":""},"tablet":{"background-color":"var(--ast-global-color-5)","background-image":"","background-repeat":"repeat","background-position":"center center","background-size":"auto","background-attachment":"scroll","background-type":"","background-media":"","overlay-type":"","overlay-color":"","overlay-gradient":""},"mobile":{"background-color":"var(--ast-global-color-5)","background-image":"","background-repeat":"repeat","background-position":"center center","background-size":"auto","background-attachment":"scroll","background-type":"","background-media":"","overlay-type":"","overlay-color":"","overlay-gradient":""}},"footnotes":""},"categories":[82,836,910,15475,24201],"tags":[892,19685,6448,7610,24202,24203],"class_list":["post-6475","post","type-post","status-publish","format-standard","hentry","category-ciencias-economicas","category-economia-del-cambio-tecnologico","category-economia-internacional","category-inversion-exterior","category-transferencia-de-tecnologia","tag-carlos-berzosa-alonso-Martinez","tag-jose-antonio-deniz-espinos","tag-moral-santin-jose-antonio","tag-pedro-talavera-deniz","tag-ramirez-cendrero-juan-manuel","tag-susana-m-gordillo-gerlini"],"_links":{"self":[{"href":"https:\/\/www.deberes.net\/tesis\/wp-json\/wp\/v2\/posts\/6475","targetHints":{"allow":["GET"]}}],"collection":[{"href":"https:\/\/www.deberes.net\/tesis\/wp-json\/wp\/v2\/posts"}],"about":[{"href":"https:\/\/www.deberes.net\/tesis\/wp-json\/wp\/v2\/types\/post"}],"author":[{"embeddable":true,"href":"https:\/\/www.deberes.net\/tesis\/wp-json\/wp\/v2\/users\/1"}],"replies":[{"embeddable":true,"href":"https:\/\/www.deberes.net\/tesis\/wp-json\/wp\/v2\/comments?post=6475"}],"version-history":[{"count":0,"href":"https:\/\/www.deberes.net\/tesis\/wp-json\/wp\/v2\/posts\/6475\/revisions"}],"wp:attachment":[{"href":"https:\/\/www.deberes.net\/tesis\/wp-json\/wp\/v2\/media?parent=6475"}],"wp:term":[{"taxonomy":"category","embeddable":true,"href":"https:\/\/www.deberes.net\/tesis\/wp-json\/wp\/v2\/categories?post=6475"},{"taxonomy":"post_tag","embeddable":true,"href":"https:\/\/www.deberes.net\/tesis\/wp-json\/wp\/v2\/tags?post=6475"}],"curies":[{"name":"wp","href":"https:\/\/api.w.org\/{rel}","templated":true}]}}