{"id":64785,"date":"2018-03-09T22:52:51","date_gmt":"2018-03-09T22:52:51","guid":{"rendered":"https:\/\/www.deberes.net\/tesis\/sin-categoria\/la-teoria-jura%c2%addica-antitrut-aun-derecho-uniforme-para-el-comercio-internacional\/"},"modified":"2018-03-09T22:52:51","modified_gmt":"2018-03-09T22:52:51","slug":"la-teoria-jura%c2%addica-antitrut-aun-derecho-uniforme-para-el-comercio-internacional","status":"publish","type":"post","link":"https:\/\/www.deberes.net\/tesis\/derecho-mercantil\/la-teoria-jura%c2%addica-antitrut-aun-derecho-uniforme-para-el-comercio-internacional\/","title":{"rendered":"La teor\u00eda jur\u00eddica antitrut: \u00c2\u00bfun derecho uniforme para el comercio internacional?"},"content":{"rendered":"<h2>Tesis doctoral de <strong> \u00f3scar Yezid Ib\u00e1\u00f1ez Parra <\/strong><\/h2>\n<p>Objetivos con la idea de consolidar o descartar la idea de si para la uniformidad del derecho antitrust a nivel global, se requiere la aprobaci\u00f3n de una norma \u00abtipo\u00bb con aprobaci\u00f3n multilateral; o, si por el contrario, el marco hist\u00f3rico, sus elementos estructurales, sus categor\u00edas jur\u00eddicas y sus prop\u00f3sitos, son fuentes suficientes para encontrar datos comunes que nos permitan proponer las bases de una teor\u00eda global antitrust, salvando las consideraciones que la din\u00e1mica de cada mercado llegar\u00e9 a proponer. No obstante, esto \u00faltimo no ser\u00eda un verdadero obst\u00e1culo, si pensamos que con \u00abley tipo\u00bb o no, los mercados se desarrollan con base en una serie de medidas y pol\u00edticas macro y microecon\u00f3micas, acordes a la vez con el grado social que a ellas habr\u00e1 de a\u00f1ad\u00edrseles desde la constituci\u00f3n econ\u00f3mica. Po lo cual, adem\u00e1s de la comprensi\u00f3n estructural, conceptual y categ\u00f3rica que requerir\u00edamos, habr\u00e1 de analizarse cuales son las principales corrientes ideol\u00f3gicas que a partir de los elementos anteriores se han tratado de introducir a lo largo de la cultura antitrust de cada pa\u00eds.<\/p>\n<p>&nbsp;<\/p>\n<h3>Datos acad\u00e9micos de la tesis doctoral \u00ab<strong>La teor\u00eda jur\u00eddica antitrut: \u00c2\u00bfun derecho uniforme para el comercio internacional?<\/strong>\u00ab<\/h3>\n<ul>\n<li><strong>T\u00edtulo de la tesis:<\/strong>\u00a0 La teor\u00eda jur\u00eddica antitrut: \u00c2\u00bfun derecho uniforme para el comercio internacional? <\/li>\n<li><strong>Autor:<\/strong>\u00a0 \u00f3scar Yezid Ib\u00e1\u00f1ez Parra <\/li>\n<li><strong>Universidad:<\/strong>\u00a0 Alfonso x el sabio<\/li>\n<li><strong>Fecha de lectura de la tesis:<\/strong>\u00a0 29\/05\/2008<\/li>\n<\/ul>\n<p>&nbsp;<\/p>\n<h3>Direcci\u00f3n y tribunal<\/h3>\n<ul>\n<li><strong>Director de la tesis<\/strong>\n<ul>\n<li>Carlos Ariel S\u00e1nchez Torres<\/li>\n<\/ul>\n<\/li>\n<li><strong>Tribunal<\/strong>\n<ul>\n<li>Presidente del tribunal: Jos\u00e9 Mar\u00eda De la cuesta rute <\/li>\n<li>eloy Garc\u00eda l\u00f3pez (vocal)<\/li>\n<li>Javier L\u00f3pez de goicoechea zabala (vocal)<\/li>\n<li>emiliano Garc\u00eda coso (vocal)<\/li>\n<\/ul>\n<\/li>\n<\/ul>\n<p>&nbsp;<\/p>\n","protected":false},"excerpt":{"rendered":"<p>Tesis doctoral de \u00f3scar Yezid Ib\u00e1\u00f1ez Parra Objetivos con la idea de consolidar o descartar la idea de si para [&hellip;]<\/p>\n","protected":false},"author":1,"featured_media":0,"comment_status":"open","ping_status":"open","sticky":false,"template":"","format":"standard","meta":{"site-sidebar-layout":"default","site-content-layout":"","ast-site-content-layout":"","site-content-style":"default","site-sidebar-style":"default","ast-global-header-display":"","ast-banner-title-visibility":"","ast-main-header-display":"","ast-hfb-above-header-display":"","ast-hfb-below-header-display":"","ast-hfb-mobile-header-display":"","site-post-title":"","ast-breadcrumbs-content":"","ast-featured-img":"","footer-sml-layout":"","theme-transparent-header-meta":"","adv-header-id-meta":"","stick-header-meta":"","header-above-stick-meta":"","header-main-stick-meta":"","header-below-stick-meta":"","astra-migrate-meta-layouts":"default","ast-page-background-enabled":"default","ast-page-background-meta":{"desktop":{"background-color":"var(--ast-global-color-4)","background-image":"","background-repeat":"repeat","background-position":"center center","background-size":"auto","background-attachment":"scroll","background-type":"","background-media":"","overlay-type":"","overlay-color":"","overlay-gradient":""},"tablet":{"background-color":"","background-image":"","background-repeat":"repeat","background-position":"center center","background-size":"auto","background-attachment":"scroll","background-type":"","background-media":"","overlay-type":"","overlay-color":"","overlay-gradient":""},"mobile":{"background-color":"","background-image":"","background-repeat":"repeat","background-position":"center center","background-size":"auto","background-attachment":"scroll","background-type":"","background-media":"","overlay-type":"","overlay-color":"","overlay-gradient":""}},"ast-content-background-meta":{"desktop":{"background-color":"var(--ast-global-color-5)","background-image":"","background-repeat":"repeat","background-position":"center center","background-size":"auto","background-attachment":"scroll","background-type":"","background-media":"","overlay-type":"","overlay-color":"","overlay-gradient":""},"tablet":{"background-color":"var(--ast-global-color-5)","background-image":"","background-repeat":"repeat","background-position":"center center","background-size":"auto","background-attachment":"scroll","background-type":"","background-media":"","overlay-type":"","overlay-color":"","overlay-gradient":""},"mobile":{"background-color":"var(--ast-global-color-5)","background-image":"","background-repeat":"repeat","background-position":"center center","background-size":"auto","background-attachment":"scroll","background-type":"","background-media":"","overlay-type":"","overlay-color":"","overlay-gradient":""}},"footnotes":""},"categories":[118994,2826],"tags":[142932,22881,92687,142933,42273,142931],"class_list":["post-64785","post","type-post","status-publish","format-standard","hentry","category-alfonso-x-el-sabio","category-derecho-mercantil","tag-carlos-ariel-sanchez-torres","tag-eloy-garcia-lopez","tag-emiliano-garcia-coso","tag-javier-lopez-de-goicoechea-zabala","tag-jose-maria-de-la-cuesta-rute","tag-oscar-yezid-ibanez-parra"],"_links":{"self":[{"href":"https:\/\/www.deberes.net\/tesis\/wp-json\/wp\/v2\/posts\/64785","targetHints":{"allow":["GET"]}}],"collection":[{"href":"https:\/\/www.deberes.net\/tesis\/wp-json\/wp\/v2\/posts"}],"about":[{"href":"https:\/\/www.deberes.net\/tesis\/wp-json\/wp\/v2\/types\/post"}],"author":[{"embeddable":true,"href":"https:\/\/www.deberes.net\/tesis\/wp-json\/wp\/v2\/users\/1"}],"replies":[{"embeddable":true,"href":"https:\/\/www.deberes.net\/tesis\/wp-json\/wp\/v2\/comments?post=64785"}],"version-history":[{"count":0,"href":"https:\/\/www.deberes.net\/tesis\/wp-json\/wp\/v2\/posts\/64785\/revisions"}],"wp:attachment":[{"href":"https:\/\/www.deberes.net\/tesis\/wp-json\/wp\/v2\/media?parent=64785"}],"wp:term":[{"taxonomy":"category","embeddable":true,"href":"https:\/\/www.deberes.net\/tesis\/wp-json\/wp\/v2\/categories?post=64785"},{"taxonomy":"post_tag","embeddable":true,"href":"https:\/\/www.deberes.net\/tesis\/wp-json\/wp\/v2\/tags?post=64785"}],"curies":[{"name":"wp","href":"https:\/\/api.w.org\/{rel}","templated":true}]}}