{"id":64823,"date":"2018-03-09T22:52:51","date_gmt":"2018-03-09T22:52:51","guid":{"rendered":"https:\/\/www.deberes.net\/tesis\/sin-categoria\/los-principios-constitucionales-de-la-descentralizacion-y-la-autonoma%c2%ada-en-la-organizacion-territorial-colombiana-un-estudio-desde-la-perspectiva-espanola\/"},"modified":"2018-03-09T22:52:51","modified_gmt":"2018-03-09T22:52:51","slug":"los-principios-constitucionales-de-la-descentralizacion-y-la-autonoma%c2%ada-en-la-organizacion-territorial-colombiana-un-estudio-desde-la-perspectiva-espanola","status":"publish","type":"post","link":"https:\/\/www.deberes.net\/tesis\/sin-categoria\/los-principios-constitucionales-de-la-descentralizacion-y-la-autonoma%c2%ada-en-la-organizacion-territorial-colombiana-un-estudio-desde-la-perspectiva-espanola\/","title":{"rendered":"Los principios constitucionales de la descentralizaci\u00f3n y la autonom\u00edaen la organizaci\u00f3n territorial colombiana: un estudio desde la perspectiva espa\u00f1ola"},"content":{"rendered":"<h2>Tesis doctoral de <strong> Jorge  Enrique Arias Calderon <\/strong><\/h2>\n<p>La constituci\u00f3n pol\u00edtica colombiana de 1991 introdujo una nueva forma de organizaci\u00f3n territorial del estado y elev\u00f3 la descentralizaci\u00f3n y la autonom\u00eda a principios fundamentales dentro del ordenamiento constitucional, lo cual constituye una novedad para la tradici\u00f3n centralista del estado colombiano, en la medida en que se ha introducido la posibilidad de un nuevo orden en la forma de cencebir el reparto de poderes del estado en las regiones y localidades, rompiendo as\u00ed con la f\u00f3rmula de la \u00abcentralizaci\u00f3n pol\u00edtica y descentralizaci\u00f3n administrativa\u00bb de la constituci\u00f3n de 1886. la presente tesis doctoral aborda, desde una perspectiva global -atendiendo al modelo constitucional colombiano- y una metodolog\u00eda comparada -atendiendo en profundidad al modelo del estado auton\u00f3mico espa\u00f1ol como referencia- dicha nueva forma de organizaci\u00f3n territorial, tratando de desentra\u00f1ar la naturaleza y significado de los principios constitucionales de la autonom\u00eda y la descentralizaci\u00f3n de las entidades territoriales, con el fin de construir un marco te\u00f3rico que permita al estado consolidar una pol\u00edtica p\u00fablica de oerganizaci\u00f3n territorial, acorde con su nueva realidad social y pol\u00edtica ya que, pese a que han pasado ya m\u00e1s de diecis\u00e9is a\u00f1os desde la aprobaci\u00f3n de la citada constituci\u00f3n, el pa\u00eds todav\u00eda no cuena con un marco legal \u00fanico que defina la organizaci\u00f3n territorial, salvo algunas leyes que se han expedido de manera coyuntural pero que no permiten desarrollar en su integridad el t\u00edtulo ix (\u00abde la organizaci\u00f3n territorial\u00bb) de la constituci\u00f3n.<\/p>\n<p>&nbsp;<\/p>\n<h3>Datos acad\u00e9micos de la tesis doctoral \u00ab<strong>Los principios constitucionales de la descentralizaci\u00f3n y la autonom\u00edaen la organizaci\u00f3n territorial colombiana: un estudio desde la perspectiva espa\u00f1ola<\/strong>\u00ab<\/h3>\n<ul>\n<li><strong>T\u00edtulo de la tesis:<\/strong>\u00a0 Los principios constitucionales de la descentralizaci\u00f3n y la autonom\u00edaen la organizaci\u00f3n territorial colombiana: un estudio desde la perspectiva espa\u00f1ola <\/li>\n<li><strong>Autor:<\/strong>\u00a0 Jorge  Enrique Arias Calderon <\/li>\n<li><strong>Universidad:<\/strong>\u00a0 Complutense de Madrid<\/li>\n<li><strong>Fecha de lectura de la tesis:<\/strong>\u00a0 30\/05\/2008<\/li>\n<\/ul>\n<p>&nbsp;<\/p>\n<h3>Direcci\u00f3n y tribunal<\/h3>\n<ul>\n<li><strong>Director de la tesis<\/strong>\n<ul>\n<li>Jos\u00e9 Manuel Martinez Sierra<\/li>\n<\/ul>\n<\/li>\n<li><strong>Tribunal<\/strong>\n<ul>\n<li>Presidente del tribunal: alfonso Fern\u00e1ndez-miranda campoamor <\/li>\n<li>gregorio Camara villar (vocal)<\/li>\n<li>Jos\u00e9 Asensi sabater (vocal)<\/li>\n<li>Jos\u00e9 Antonio Portero molina (vocal)<\/li>\n<\/ul>\n<\/li>\n<\/ul>\n<p>&nbsp;<\/p>\n","protected":false},"excerpt":{"rendered":"<p>Tesis doctoral de Jorge Enrique Arias Calderon La constituci\u00f3n pol\u00edtica colombiana de 1991 introdujo una nueva forma de organizaci\u00f3n territorial [&hellip;]<\/p>\n","protected":false},"author":1,"featured_media":0,"comment_status":"open","ping_status":"open","sticky":false,"template":"","format":"standard","meta":{"site-sidebar-layout":"default","site-content-layout":"","ast-site-content-layout":"","site-content-style":"default","site-sidebar-style":"default","ast-global-header-display":"","ast-banner-title-visibility":"","ast-main-header-display":"","ast-hfb-above-header-display":"","ast-hfb-below-header-display":"","ast-hfb-mobile-header-display":"","site-post-title":"","ast-breadcrumbs-content":"","ast-featured-img":"","footer-sml-layout":"","theme-transparent-header-meta":"","adv-header-id-meta":"","stick-header-meta":"","header-above-stick-meta":"","header-main-stick-meta":"","header-below-stick-meta":"","astra-migrate-meta-layouts":"default","ast-page-background-enabled":"default","ast-page-background-meta":{"desktop":{"background-color":"var(--ast-global-color-4)","background-image":"","background-repeat":"repeat","background-position":"center center","background-size":"auto","background-attachment":"scroll","background-type":"","background-media":"","overlay-type":"","overlay-color":"","overlay-gradient":""},"tablet":{"background-color":"","background-image":"","background-repeat":"repeat","background-position":"center center","background-size":"auto","background-attachment":"scroll","background-type":"","background-media":"","overlay-type":"","overlay-color":"","overlay-gradient":""},"mobile":{"background-color":"","background-image":"","background-repeat":"repeat","background-position":"center center","background-size":"auto","background-attachment":"scroll","background-type":"","background-media":"","overlay-type":"","overlay-color":"","overlay-gradient":""}},"ast-content-background-meta":{"desktop":{"background-color":"var(--ast-global-color-5)","background-image":"","background-repeat":"repeat","background-position":"center center","background-size":"auto","background-attachment":"scroll","background-type":"","background-media":"","overlay-type":"","overlay-color":"","overlay-gradient":""},"tablet":{"background-color":"var(--ast-global-color-5)","background-image":"","background-repeat":"repeat","background-position":"center center","background-size":"auto","background-attachment":"scroll","background-type":"","background-media":"","overlay-type":"","overlay-color":"","overlay-gradient":""},"mobile":{"background-color":"var(--ast-global-color-5)","background-image":"","background-repeat":"repeat","background-position":"center center","background-size":"auto","background-attachment":"scroll","background-type":"","background-media":"","overlay-type":"","overlay-color":"","overlay-gradient":""}},"footnotes":""},"categories":[1],"tags":[9370,3461,143024,12981,12980,127020],"class_list":["post-64823","post","type-post","status-publish","format-standard","hentry","category-sin-categoria","tag-alfonso-fernandez-miranda-campoamor","tag-gregorio-camara-villar","tag-jorge-enrique-arias-calderon","tag-jose-antonio-portero-molina","tag-jose-asensi-sabater","tag-jose-manuel-Martinez-sierra"],"_links":{"self":[{"href":"https:\/\/www.deberes.net\/tesis\/wp-json\/wp\/v2\/posts\/64823","targetHints":{"allow":["GET"]}}],"collection":[{"href":"https:\/\/www.deberes.net\/tesis\/wp-json\/wp\/v2\/posts"}],"about":[{"href":"https:\/\/www.deberes.net\/tesis\/wp-json\/wp\/v2\/types\/post"}],"author":[{"embeddable":true,"href":"https:\/\/www.deberes.net\/tesis\/wp-json\/wp\/v2\/users\/1"}],"replies":[{"embeddable":true,"href":"https:\/\/www.deberes.net\/tesis\/wp-json\/wp\/v2\/comments?post=64823"}],"version-history":[{"count":0,"href":"https:\/\/www.deberes.net\/tesis\/wp-json\/wp\/v2\/posts\/64823\/revisions"}],"wp:attachment":[{"href":"https:\/\/www.deberes.net\/tesis\/wp-json\/wp\/v2\/media?parent=64823"}],"wp:term":[{"taxonomy":"category","embeddable":true,"href":"https:\/\/www.deberes.net\/tesis\/wp-json\/wp\/v2\/categories?post=64823"},{"taxonomy":"post_tag","embeddable":true,"href":"https:\/\/www.deberes.net\/tesis\/wp-json\/wp\/v2\/tags?post=64823"}],"curies":[{"name":"wp","href":"https:\/\/api.w.org\/{rel}","templated":true}]}}