{"id":64834,"date":"2018-03-09T22:52:55","date_gmt":"2018-03-09T22:52:55","guid":{"rendered":"https:\/\/www.deberes.net\/tesis\/sin-categoria\/deterioro-de-las-habilidades-del-pensamiento-en-altitudes-extremas\/"},"modified":"2018-03-09T22:52:55","modified_gmt":"2018-03-09T22:52:55","slug":"deterioro-de-las-habilidades-del-pensamiento-en-altitudes-extremas","status":"publish","type":"post","link":"https:\/\/www.deberes.net\/tesis\/actividad-cerebral\/deterioro-de-las-habilidades-del-pensamiento-en-altitudes-extremas\/","title":{"rendered":"Deterioro de las habilidades del pensamiento en altitudes extremas"},"content":{"rendered":"<h2>Tesis doctoral de <strong> Javier Ace\u00f1a Medina <\/strong><\/h2>\n<p>El monta\u00f1ismo es una actividad de gran auge en nuestros d\u00edas. Este hecho se constata por la gran cantidad de expediciones que se constituyen cada a\u00f1o y el gran numero de adeptos que practican este tipo de deporte. En contrapartida las cifras de accidentes, desapariciones y fallecimientos es cada vez mayor en altitudes extremas (por encima de los 5.500 m) los monta\u00f1eros, adem\u00e1s de luchar. La mayor\u00eda de las veces,contra una climatolog\u00eda muy adversa, y precisar de unas condiciones psicof\u00edsicas y t\u00e9cnicas muy buenas, han de enfrentarse a un enemigo mucho m\u00e1s temible: la exposici\u00f3n fisiol\u00f3gica a la gran altitud. la investigaci\u00f3n que se plantea en esta tesis, pretende constatar en un grupo de monta\u00f1eros pertenecientes a tres expediciones a los \u00abochomiles\u00bb manaslu, makalu y gasherbrum u, si se produce deterioro significativo en las habilidades del pensamiento de estos cuando se exponen, sin ayuda de ox\u00edgeno suplementario, a altitudes extremas_ la singularidad de la investigaci\u00f3n es que se han aplicado una serie de pruebas (test dat, test dat-5 y bater\u00eda neuropsicol\u00f3gica luria-dna) a los monta\u00f1eros \u00abantes\u00bb, \u00abdurante\u00bb y \u00abdespu\u00e9s\u00bb de cada una de estas expediciones_ las pruebas en altitud se aplicaron en cada expedici\u00f3n a 5.800 m, 6.200 m y 6.000 m respectivamente. los resultados se\u00f1alan que, efectivamente, los monta\u00f1eros expuestos a los efectos de la altitud, en comparaci\u00f3n con un grupo de control no expuesto, presentaron al regreso de las expediciones deterioros significativos en sus habilidades del pensamiento. En concreto se han observado d\u00e9ficts en el razonamiento abstracto, espacial y verbal. Asimismo se produjeron deterioros notables en la memoria inmediata y en la percepci\u00f3n visual. los deterioros m\u00e1s evidentes se observaron en altitud aunque al regreso de las expediciones (a la semana) se observan todav\u00eda deterioros claros. Transcurridos seis meses desde la finalizaci\u00f3n de las mismas, todas las habilidades se recuperaron por completo. los resultados y conclusiones de este trabajo pueden ayudaren cierta medida a profundizar en el conociminto de las causas de tantos \u00aberrores humanos\u00bb que se producen en altitudes extremas, a fin de dise\u00f1are implementar programas de potenciaci\u00f3n de las habilidades del pensamiento (ense\u00f1ara pensar) previo a las expediciones y de recuperaci\u00f3n, en su caso, al regreso de las mismas.<\/p>\n<p>&nbsp;<\/p>\n<h3>Datos acad\u00e9micos de la tesis doctoral \u00ab<strong>Deterioro de las habilidades del pensamiento en altitudes extremas<\/strong>\u00ab<\/h3>\n<ul>\n<li><strong>T\u00edtulo de la tesis:<\/strong>\u00a0 Deterioro de las habilidades del pensamiento en altitudes extremas <\/li>\n<li><strong>Autor:<\/strong>\u00a0 Javier Ace\u00f1a Medina <\/li>\n<li><strong>Universidad:<\/strong>\u00a0 Zaragoza<\/li>\n<li><strong>Fecha de lectura de la tesis:<\/strong>\u00a0 30\/05\/2008<\/li>\n<\/ul>\n<p>&nbsp;<\/p>\n<h3>Direcci\u00f3n y tribunal<\/h3>\n<ul>\n<li><strong>Director de la tesis<\/strong>\n<ul>\n<li>Pedro Allueva Torres<\/li>\n<\/ul>\n<\/li>\n<li><strong>Tribunal<\/strong>\n<ul>\n<li>Presidente del tribunal: Mar\u00eda teresa Anguera argilaga <\/li>\n<li>sylvia Sastre i riba (vocal)<\/li>\n<li>Marta Liesa or\u00fas (vocal)<\/li>\n<li>eduardo Garrido marin (vocal)<\/li>\n<\/ul>\n<\/li>\n<\/ul>\n<p>&nbsp;<\/p>\n","protected":false},"excerpt":{"rendered":"<p>Tesis doctoral de Javier Ace\u00f1a Medina El monta\u00f1ismo es una actividad de gran auge en nuestros d\u00edas. Este hecho se [&hellip;]<\/p>\n","protected":false},"author":1,"featured_media":0,"comment_status":"open","ping_status":"open","sticky":false,"template":"","format":"standard","meta":{"site-sidebar-layout":"default","site-content-layout":"","ast-site-content-layout":"","site-content-style":"default","site-sidebar-style":"default","ast-global-header-display":"","ast-banner-title-visibility":"","ast-main-header-display":"","ast-hfb-above-header-display":"","ast-hfb-below-header-display":"","ast-hfb-mobile-header-display":"","site-post-title":"","ast-breadcrumbs-content":"","ast-featured-img":"","footer-sml-layout":"","theme-transparent-header-meta":"","adv-header-id-meta":"","stick-header-meta":"","header-above-stick-meta":"","header-main-stick-meta":"","header-below-stick-meta":"","astra-migrate-meta-layouts":"default","ast-page-background-enabled":"default","ast-page-background-meta":{"desktop":{"background-color":"var(--ast-global-color-4)","background-image":"","background-repeat":"repeat","background-position":"center center","background-size":"auto","background-attachment":"scroll","background-type":"","background-media":"","overlay-type":"","overlay-color":"","overlay-gradient":""},"tablet":{"background-color":"","background-image":"","background-repeat":"repeat","background-position":"center center","background-size":"auto","background-attachment":"scroll","background-type":"","background-media":"","overlay-type":"","overlay-color":"","overlay-gradient":""},"mobile":{"background-color":"","background-image":"","background-repeat":"repeat","background-position":"center center","background-size":"auto","background-attachment":"scroll","background-type":"","background-media":"","overlay-type":"","overlay-color":"","overlay-gradient":""}},"ast-content-background-meta":{"desktop":{"background-color":"var(--ast-global-color-5)","background-image":"","background-repeat":"repeat","background-position":"center center","background-size":"auto","background-attachment":"scroll","background-type":"","background-media":"","overlay-type":"","overlay-color":"","overlay-gradient":""},"tablet":{"background-color":"var(--ast-global-color-5)","background-image":"","background-repeat":"repeat","background-position":"center center","background-size":"auto","background-attachment":"scroll","background-type":"","background-media":"","overlay-type":"","overlay-color":"","overlay-gradient":""},"mobile":{"background-color":"var(--ast-global-color-5)","background-image":"","background-repeat":"repeat","background-position":"center center","background-size":"auto","background-attachment":"scroll","background-type":"","background-media":"","overlay-type":"","overlay-color":"","overlay-gradient":""}},"footnotes":""},"categories":[4167,13610],"tags":[143051,143049,1179,56078,143050,14818],"class_list":["post-64834","post","type-post","status-publish","format-standard","hentry","category-actividad-cerebral","category-zaragoza","tag-eduardo-garrido-marin","tag-javier-acena-medina","tag-maria-teresa-anguera-argilaga","tag-marta-liesa-orus","tag-pedro-allueva-torres","tag-sylvia-sastre-i-riba"],"_links":{"self":[{"href":"https:\/\/www.deberes.net\/tesis\/wp-json\/wp\/v2\/posts\/64834","targetHints":{"allow":["GET"]}}],"collection":[{"href":"https:\/\/www.deberes.net\/tesis\/wp-json\/wp\/v2\/posts"}],"about":[{"href":"https:\/\/www.deberes.net\/tesis\/wp-json\/wp\/v2\/types\/post"}],"author":[{"embeddable":true,"href":"https:\/\/www.deberes.net\/tesis\/wp-json\/wp\/v2\/users\/1"}],"replies":[{"embeddable":true,"href":"https:\/\/www.deberes.net\/tesis\/wp-json\/wp\/v2\/comments?post=64834"}],"version-history":[{"count":0,"href":"https:\/\/www.deberes.net\/tesis\/wp-json\/wp\/v2\/posts\/64834\/revisions"}],"wp:attachment":[{"href":"https:\/\/www.deberes.net\/tesis\/wp-json\/wp\/v2\/media?parent=64834"}],"wp:term":[{"taxonomy":"category","embeddable":true,"href":"https:\/\/www.deberes.net\/tesis\/wp-json\/wp\/v2\/categories?post=64834"},{"taxonomy":"post_tag","embeddable":true,"href":"https:\/\/www.deberes.net\/tesis\/wp-json\/wp\/v2\/tags?post=64834"}],"curies":[{"name":"wp","href":"https:\/\/api.w.org\/{rel}","templated":true}]}}