{"id":64907,"date":"2008-02-06T00:00:00","date_gmt":"2008-02-06T00:00:00","guid":{"rendered":"https:\/\/www.deberes.net\/tesis\/sin-categoria\/funcion-cognitiva-e-hipertension-arterial-en-personas-mayores\/"},"modified":"2008-02-06T00:00:00","modified_gmt":"2008-02-06T00:00:00","slug":"funcion-cognitiva-e-hipertension-arterial-en-personas-mayores","status":"publish","type":"post","link":"https:\/\/www.deberes.net\/tesis\/cardiologia\/funcion-cognitiva-e-hipertension-arterial-en-personas-mayores\/","title":{"rendered":"Funcion cognitiva e hipertension arterial en personas mayores"},"content":{"rendered":"<h2>Tesis doctoral de <strong> Maritza Evangelina Villanueva Benites <\/strong><\/h2>\n<p>Objetivo: la relaci\u00f3n entre la salud y el envejecimiento cognitivo ha sido relativamente poco explorada, al mismo tiempo los beneficios del control de la presi\u00f3n arterial en el anciano sobre la morbilidad y mortalidad est\u00e1 bien documentada, sin embargo las consecuencias cognitivas de la hipertensi\u00f3n a\u00fan est\u00e1 bajo debate. Este estudio ha tenido como objetivo analizar la asociaci\u00f3n entre la hipertensi\u00f3n arterial, la funci\u00f3n cognitiva global, y las dimensiones cognitivas (orientaci\u00f3n, fijaci\u00f3n, concentraci\u00f3n y c\u00e1lculo, memoria, lenguaje y construcci\u00f3n) de personas mayores de 60 a\u00f1os en una regi\u00f3n amaz\u00f3nica del per\u00fa, e identificar las variables que la predicen. dise\u00f1o y metodos: participaron 600 personas mayores (250 personas con hipertensi\u00f3n arterial y 350 personas mayores normotensas). La hipertensi\u00f3n arterial fue identificada seg\u00fan los criterios del s\u00e9ptimo reporte del comit\u00e9 nacional conjunto para la detecci\u00f3n, evaluaci\u00f3n y tratamiento de la hta  y\/o por el uso de f\u00e1rmacos antihipertensivos espec\u00edficos comprobados en la historia cl\u00ednica. La evaluaci\u00f3n incluy\u00f3 instrumentos para recolectar caracter\u00edsticas demogr\u00e1ficas, cl\u00ednicas, salud auto percibida, capacidad funcional, estado de \u00e1nimo, quejas subjetivas de fallos de memoria y el mini examen cognoscitivo de lobo (mec). Las puntuaciones de la funci\u00f3n cognitiva global y de las dimensiones cognitivas se compararon en tres grupos (normotensos, hipertensos controlados e hipertensos no controlados). Luego se estim\u00f3 matriz de correlaci\u00f3n y an\u00e1lisis de regresi\u00f3n para la identificaci\u00f3n de variables predictoras. resultados: los hipertensos obtuvieron menores puntuaciones en la funci\u00f3n cognitiva que los normotensos; despu\u00e9s de ajustar la edad, se encontr\u00f3 que al contrastar a normotensos con los hipertensos no controlados, las dimensiones cognitivas afectadas por la hipertensi\u00f3n arterial fueron la fijaci\u00f3n, concentraci\u00f3n y c\u00e1lculo y memoria (p<,01). En el an\u00e1lisis de regresi\u00f3n se detect\u00f3 que las quejas de fallos de memoria est\u00e1n fuertemente asociadas con el rendimiento cognitivo y es el predictor m\u00e1s importante. conclusiones: los resultados sugieren que la hipertensi\u00f3n arterial afecta a distintos procesos cognitivos de las personas mayores.\n\n\n\n&nbsp;\n\n\n<h3>Datos acad\u00e9micos de la tesis doctoral \u00ab<strong>Funcion cognitiva e hipertension arterial en personas mayores<\/strong>\u00ab<\/h3>\n<ul>\n<li><strong>T\u00edtulo de la tesis:<\/strong>\u00a0 Funcion cognitiva e hipertension arterial en personas mayores <\/li>\n<li><strong>Autor:<\/strong>\u00a0 Maritza Evangelina Villanueva Benites <\/li>\n<li><strong>Universidad:<\/strong>\u00a0 Castilla-la mancha<\/li>\n<li><strong>Fecha de lectura de la tesis:<\/strong>\u00a0 02\/06\/2008<\/li>\n<\/ul>\n<p>&nbsp;<\/p>\n<h3>Direcci\u00f3n y tribunal<\/h3>\n<ul>\n<li><strong>Director de la tesis<\/strong>\n<ul>\n<li>Jos\u00e9 Miguel Latorre Postigo<\/li>\n<\/ul>\n<\/li>\n<li><strong>Tribunal<\/strong>\n<ul>\n<li>Presidente del tribunal: Juan Pascual llobell <\/li>\n<li>narciso Saez narro (vocal)<\/li>\n<li>Jes\u00fas Lopez torres hidalgo (vocal)<\/li>\n<li>Juan Monta\u00f1\u00e9s rodr\u00edguez (vocal)<\/li>\n<\/ul>\n<\/li>\n<\/ul>\n<p>&nbsp;<\/p>\n","protected":false},"excerpt":{"rendered":"<p>Tesis doctoral de Maritza Evangelina Villanueva Benites Objetivo: la relaci\u00f3n entre la salud y el envejecimiento cognitivo ha sido relativamente [&hellip;]<\/p>\n","protected":false},"author":1,"featured_media":0,"comment_status":"open","ping_status":"open","sticky":false,"template":"","format":"standard","meta":{"site-sidebar-layout":"default","site-content-layout":"","ast-site-content-layout":"","site-content-style":"default","site-sidebar-style":"default","ast-global-header-display":"","ast-banner-title-visibility":"","ast-main-header-display":"","ast-hfb-above-header-display":"","ast-hfb-below-header-display":"","ast-hfb-mobile-header-display":"","site-post-title":"","ast-breadcrumbs-content":"","ast-featured-img":"","footer-sml-layout":"","theme-transparent-header-meta":"","adv-header-id-meta":"","stick-header-meta":"","header-above-stick-meta":"","header-main-stick-meta":"","header-below-stick-meta":"","astra-migrate-meta-layouts":"default","ast-page-background-enabled":"default","ast-page-background-meta":{"desktop":{"background-color":"var(--ast-global-color-4)","background-image":"","background-repeat":"repeat","background-position":"center center","background-size":"auto","background-attachment":"scroll","background-type":"","background-media":"","overlay-type":"","overlay-color":"","overlay-gradient":""},"tablet":{"background-color":"","background-image":"","background-repeat":"repeat","background-position":"center center","background-size":"auto","background-attachment":"scroll","background-type":"","background-media":"","overlay-type":"","overlay-color":"","overlay-gradient":""},"mobile":{"background-color":"","background-image":"","background-repeat":"repeat","background-position":"center center","background-size":"auto","background-attachment":"scroll","background-type":"","background-media":"","overlay-type":"","overlay-color":"","overlay-gradient":""}},"ast-content-background-meta":{"desktop":{"background-color":"var(--ast-global-color-5)","background-image":"","background-repeat":"repeat","background-position":"center center","background-size":"auto","background-attachment":"scroll","background-type":"","background-media":"","overlay-type":"","overlay-color":"","overlay-gradient":""},"tablet":{"background-color":"var(--ast-global-color-5)","background-image":"","background-repeat":"repeat","background-position":"center center","background-size":"auto","background-attachment":"scroll","background-type":"","background-media":"","overlay-type":"","overlay-color":"","overlay-gradient":""},"mobile":{"background-color":"var(--ast-global-color-5)","background-image":"","background-repeat":"repeat","background-position":"center center","background-size":"auto","background-attachment":"scroll","background-type":"","background-media":"","overlay-type":"","overlay-color":"","overlay-gradient":""}},"footnotes":""},"categories":[932,18451,8607,5262,5773],"tags":[138148,143209,27531,19971,143208,11384],"class_list":["post-64907","post","type-post","status-publish","format-standard","hentry","category-cardiologia","category-castilla-la-mancha","category-geriatria","category-procesos-mentales","category-senectud","tag-jesus-lopez-torres-hidalgo","tag-jose-miguel-latorre-postigo","tag-juan-montanes-rodriguez","tag-juan-pascual-llobell","tag-maritza-evangelina-villanueva-benites","tag-narciso-saez-narro"],"_links":{"self":[{"href":"https:\/\/www.deberes.net\/tesis\/wp-json\/wp\/v2\/posts\/64907","targetHints":{"allow":["GET"]}}],"collection":[{"href":"https:\/\/www.deberes.net\/tesis\/wp-json\/wp\/v2\/posts"}],"about":[{"href":"https:\/\/www.deberes.net\/tesis\/wp-json\/wp\/v2\/types\/post"}],"author":[{"embeddable":true,"href":"https:\/\/www.deberes.net\/tesis\/wp-json\/wp\/v2\/users\/1"}],"replies":[{"embeddable":true,"href":"https:\/\/www.deberes.net\/tesis\/wp-json\/wp\/v2\/comments?post=64907"}],"version-history":[{"count":0,"href":"https:\/\/www.deberes.net\/tesis\/wp-json\/wp\/v2\/posts\/64907\/revisions"}],"wp:attachment":[{"href":"https:\/\/www.deberes.net\/tesis\/wp-json\/wp\/v2\/media?parent=64907"}],"wp:term":[{"taxonomy":"category","embeddable":true,"href":"https:\/\/www.deberes.net\/tesis\/wp-json\/wp\/v2\/categories?post=64907"},{"taxonomy":"post_tag","embeddable":true,"href":"https:\/\/www.deberes.net\/tesis\/wp-json\/wp\/v2\/tags?post=64907"}],"curies":[{"name":"wp","href":"https:\/\/api.w.org\/{rel}","templated":true}]}}