{"id":64927,"date":"2008-03-06T00:00:00","date_gmt":"2008-03-06T00:00:00","guid":{"rendered":"https:\/\/www.deberes.net\/tesis\/sin-categoria\/notas-sobre-desfuncion-en-arquitectura\/"},"modified":"2008-03-06T00:00:00","modified_gmt":"2008-03-06T00:00:00","slug":"notas-sobre-desfuncion-en-arquitectura","status":"publish","type":"post","link":"https:\/\/www.deberes.net\/tesis\/historia-de-la-arquitectura\/notas-sobre-desfuncion-en-arquitectura\/","title":{"rendered":"Notas sobre (des)funcion en arquitectura"},"content":{"rendered":"<h2>Tesis doctoral de <strong> David Manuel Maio Bota <\/strong><\/h2>\n<p>Una historia de la funci\u00f3n, el concepto que revolucion\u00f3 la arquitectura del siglo xx, est\u00e1 a\u00fan por escribir; \u00e9ste permanece tan evidente como impreciso, subentendido como si siempre hubiera estado ah\u00ed. esta tesis propone as\u00ed una desconstrucci\u00f3n del concepto funci\u00f3n. Para hacerlo posible se acot\u00f3 este trabajo de un modo un tanto artificial: apenas como mero pretexto y dirigir los argumentos presentados, se ha considerado como eje el proyecto de bernard tschumi para la villette (1982). Ello se debe a la particular cronolog\u00eda del proyecto. esta historia parcial del concepto funci\u00f3n empezar\u00eda con le corbusier, maestro indiscutible de la arquitectura funcional-ista. Tras su cr\u00edtica por el propio ciam en los 50, la redefinici\u00f3n de la funci\u00f3n alimentar\u00eda varios postulados, como los situacionistas en los 60. El trabajo de tschumi permite no solo relacionar situaci\u00f3n psicogeogr\u00e1fica y evento (concepto clave en la arquitectura de tschumi), sino tambi\u00e9n analizar su particular desconstrucci\u00f3n del concepto funci\u00f3n. Esta desconstrucci\u00f3n fue un m\u00e9todo popularizado por jacques derrida y adoptado por arquitectos como tschumi o peter eisenman. Se cierra entonces el c\u00edrculo: eisenman desconstruye el trabajo de le corbusier para luego influenciar a tschumi y colaborar con derrida, el fil\u00f3sofo-profeta de la desconstrucci\u00f3n que ya hab\u00eda trabajado con tschumi &#8211; un gui\u00f3n donde cada autor tiene varios papeles. La villette, esa \u00abexcusa\u00bb argumental que hemos ido recorriendo, nos permite tanto comparar otros proyectos del propio tschumi como las propuestas de otros arquitectos para el mismo proyecto. qu\u00e9 ha sucedido con el concepto funci\u00f3n durante este proceso? el surgimiento de la funci\u00f3n es paralelo a la segunda revoluci\u00f3n industrial y conform\u00f3 un nuevo imaginario de progreso tras la guerra. Hay as\u00ed que considerar el papel desconstructivo de las nuevas formas y procesos industriales y vincularlos a cambios sociales como las masivas migraciones atra\u00eddas por la industria y la necesidad de una nueva estructura urbana capaz de sostener ese crecimiento exponencial. este proceso desconstructivo es de sumo inter\u00e9s. La historia de la arquitectura se bas\u00f3 hasta el siglo xx en la lenta evoluci\u00f3n de convenciones intocables; a partir de ah\u00ed la creciente introspecci\u00f3n de la arquitectura hacia su propia condici\u00f3n, reflejada en posturas morales de la modernidad (la analog\u00eda entre ornamento y delito de loos, etc), denota lo que r.Barthes denomina un acento social. Las nuevas realidades constructivas y est\u00e9ticas disolvieron esa convenci\u00f3n, la arquitectura perdi\u00f3 su herencia y busc\u00f3 otras \u00abarquitecturas posibles\u00bb, un grado cero de convenci\u00f3n. La est\u00e9tica ingenieril de la modernidad expresa as\u00ed un acento social per se, sin necesidad de ornamentaci\u00f3n: ciudad radiante ser\u00e1 sin\u00f3nimo de civilizaci\u00f3n maquinista. con el purismo, la est\u00e9tica y su funci\u00f3n social es transformada y ampliada, difundida por toda la ciudad -tal como la radiodifusi\u00f3n transform\u00f3 el pol\u00edtico tradicional en l\u00edder ideol\u00f3gico- para movilizar \u00aba masa\u00bb, un nuevo actor social temible, tan insensible a la est\u00e9tica aleg\u00f3rica de las \u00e9lites como a la pol\u00edtica tradicional. Es el inicio de una \u00abpolitizaci\u00f3n del arte\u00bb y de un \u00abesteticismo de la pol\u00edtica\u00bb (w.Benjamin) que visa un nuevo civismo: architecture ou r\u00e9volution. la visi\u00f3n utilitarista del progreso durante el maquinismo, en que las actividades humanas son zonificadas por una \u00e9lite t\u00e9cnica, llev\u00f3 al long boom econ\u00f3mico entre los a\u00f1os 40 y 70 pero tambi\u00e9n a la eurosclerosis que sigui\u00f3. La imagen de la ciudad radiante dio lugar a una sociedad del espect\u00e1culo y a una importante fractura social. Tal como el purismo hab\u00eda reflejado una nueva realidad social, situacionistas, archigram, etc, expusieron perfectamente la necesidad de mayor libertad y participaci\u00f3n ciudadana. la propuesta esencial de esta tesis consiste en considerar el concepto funcionalidad como paralelo al concepto libertad en ciencias pol\u00edticas. En el sentido de que una arquitectura da al individuo la \u00abibertad para\u00bb realizar determinada actividad, se aplicar\u00e1 el concepto \u00abibertad positiva\u00bb o \u00abfuncionalidad positiva\u00bb. Opuesto a esta determinaci\u00f3n de actividades, se considerar\u00e1 \u00abibertad negativa\u00bb o \u00abfuncionalidad negativa\u00bb como la \u00abibertad de\u00bb restricciones, que permite al individuo el libre desarrollo de actividades. estos aspectos son obviamente complementarios, pero permiten explicar la construcci\u00f3n esencialmente \u00abpositiva\u00bb del concepto funci\u00f3n durante la modernidad (motivada por su contexto econ\u00f3mico y social especifico) as\u00ed como su evoluci\u00f3n hacia una definici\u00f3n \u00abnegativa\u00bb de funcionalidad, a trav\u00e9s de diversos conceptos y estrategias que gravitan entorno a la villette&#8230;<\/p>\n<p>&nbsp;<\/p>\n<h3>Datos acad\u00e9micos de la tesis doctoral \u00ab<strong>Notas sobre (des)funcion en arquitectura<\/strong>\u00ab<\/h3>\n<ul>\n<li><strong>T\u00edtulo de la tesis:<\/strong>\u00a0 Notas sobre (des)funcion en arquitectura <\/li>\n<li><strong>Autor:<\/strong>\u00a0 David Manuel Maio Bota <\/li>\n<li><strong>Universidad:<\/strong>\u00a0 Polit\u00e9cnica de catalunya<\/li>\n<li><strong>Fecha de lectura de la tesis:<\/strong>\u00a0 03\/06\/2008<\/li>\n<\/ul>\n<p>&nbsp;<\/p>\n<h3>Direcci\u00f3n y tribunal<\/h3>\n<ul>\n<li><strong>Director de la tesis<\/strong>\n<ul>\n<li>Franciso Javier Biurrun Salanueva<\/li>\n<\/ul>\n<\/li>\n<li><strong>Tribunal<\/strong>\n<ul>\n<li>Presidente del tribunal: josep Munta\u00f1ola thornbergs <\/li>\n<li>bartomeu Vidal moranta (vocal)<\/li>\n<li>enric Pol urrutia (vocal)<\/li>\n<li>victor Manuel Canedo neves (vocal)<\/li>\n<\/ul>\n<\/li>\n<\/ul>\n<p>&nbsp;<\/p>\n","protected":false},"excerpt":{"rendered":"<p>Tesis doctoral de David Manuel Maio Bota Una historia de la funci\u00f3n, el concepto que revolucion\u00f3 la arquitectura del siglo [&hellip;]<\/p>\n","protected":false},"author":1,"featured_media":0,"comment_status":"open","ping_status":"open","sticky":false,"template":"","format":"standard","meta":{"site-sidebar-layout":"default","site-content-layout":"","ast-site-content-layout":"","site-content-style":"default","site-sidebar-style":"default","ast-global-header-display":"","ast-banner-title-visibility":"","ast-main-header-display":"","ast-hfb-above-header-display":"","ast-hfb-below-header-display":"","ast-hfb-mobile-header-display":"","site-post-title":"","ast-breadcrumbs-content":"","ast-featured-img":"","footer-sml-layout":"","theme-transparent-header-meta":"","adv-header-id-meta":"","stick-header-meta":"","header-above-stick-meta":"","header-main-stick-meta":"","header-below-stick-meta":"","astra-migrate-meta-layouts":"default","ast-page-background-enabled":"default","ast-page-background-meta":{"desktop":{"background-color":"var(--ast-global-color-4)","background-image":"","background-repeat":"repeat","background-position":"center center","background-size":"auto","background-attachment":"scroll","background-type":"","background-media":"","overlay-type":"","overlay-color":"","overlay-gradient":""},"tablet":{"background-color":"","background-image":"","background-repeat":"repeat","background-position":"center center","background-size":"auto","background-attachment":"scroll","background-type":"","background-media":"","overlay-type":"","overlay-color":"","overlay-gradient":""},"mobile":{"background-color":"","background-image":"","background-repeat":"repeat","background-position":"center center","background-size":"auto","background-attachment":"scroll","background-type":"","background-media":"","overlay-type":"","overlay-color":"","overlay-gradient":""}},"ast-content-background-meta":{"desktop":{"background-color":"var(--ast-global-color-5)","background-image":"","background-repeat":"repeat","background-position":"center center","background-size":"auto","background-attachment":"scroll","background-type":"","background-media":"","overlay-type":"","overlay-color":"","overlay-gradient":""},"tablet":{"background-color":"var(--ast-global-color-5)","background-image":"","background-repeat":"repeat","background-position":"center center","background-size":"auto","background-attachment":"scroll","background-type":"","background-media":"","overlay-type":"","overlay-color":"","overlay-gradient":""},"mobile":{"background-color":"var(--ast-global-color-5)","background-image":"","background-repeat":"repeat","background-position":"center center","background-size":"auto","background-attachment":"scroll","background-type":"","background-media":"","overlay-type":"","overlay-color":"","overlay-gradient":""}},"footnotes":""},"categories":[4509,12564,1745,15596],"tags":[143253,143252,26238,37633,15638,105586],"class_list":["post-64927","post","type-post","status-publish","format-standard","hentry","category-arquitectura","category-diseno-arquitectonico","category-historia-de-la-arquitectura","category-politecnica-de-catalunya","tag-bartomeu-vidal-moranta","tag-david-manuel-maio-bota","tag-enric-pol-urrutia","tag-franciso-javier-biurrun-salanueva","tag-josep-muntanola-thornbergs","tag-victor-manuel-canedo-neves"],"_links":{"self":[{"href":"https:\/\/www.deberes.net\/tesis\/wp-json\/wp\/v2\/posts\/64927","targetHints":{"allow":["GET"]}}],"collection":[{"href":"https:\/\/www.deberes.net\/tesis\/wp-json\/wp\/v2\/posts"}],"about":[{"href":"https:\/\/www.deberes.net\/tesis\/wp-json\/wp\/v2\/types\/post"}],"author":[{"embeddable":true,"href":"https:\/\/www.deberes.net\/tesis\/wp-json\/wp\/v2\/users\/1"}],"replies":[{"embeddable":true,"href":"https:\/\/www.deberes.net\/tesis\/wp-json\/wp\/v2\/comments?post=64927"}],"version-history":[{"count":0,"href":"https:\/\/www.deberes.net\/tesis\/wp-json\/wp\/v2\/posts\/64927\/revisions"}],"wp:attachment":[{"href":"https:\/\/www.deberes.net\/tesis\/wp-json\/wp\/v2\/media?parent=64927"}],"wp:term":[{"taxonomy":"category","embeddable":true,"href":"https:\/\/www.deberes.net\/tesis\/wp-json\/wp\/v2\/categories?post=64927"},{"taxonomy":"post_tag","embeddable":true,"href":"https:\/\/www.deberes.net\/tesis\/wp-json\/wp\/v2\/tags?post=64927"}],"curies":[{"name":"wp","href":"https:\/\/api.w.org\/{rel}","templated":true}]}}